{"id":1000,"date":"2017-02-13T13:24:14","date_gmt":"2017-02-13T12:24:14","guid":{"rendered":"http:\/\/nowa.moja-gazeta.info\/?p=1000"},"modified":"2017-02-14T10:54:46","modified_gmt":"2017-02-14T09:54:46","slug":"nie-tylko-pipi-czyli-ferie-w-bibliotece","status":"publish","type":"post","link":"https:\/\/moja24.pl\/index.php\/2017\/02\/13\/nie-tylko-pipi-czyli-ferie-w-bibliotece\/","title":{"rendered":"Nie tylko Pippi, czyli ferie  w bibliotece"},"content":{"rendered":"<p><strong>Od 30.01 do 10.02.2017 r. trwa\u0142y ferie w Miejskiej Bibliotece Publicznej w \u017barach.<\/strong><\/p>\n<p>W tym roku tematem przewodnim by\u0142a tw\u00f3rczo\u015b\u0107 Astrid Lindgren (z okazji 110. rocznicy urodzin\u00a0 autorki). Dzieci nie tylko s\u0142ucha\u0142y fragment\u00f3w ksi\u0105\u017cki, ale te\u017c ochoczo bra\u0142y udzia\u0142 w grach i zabawach tematycznych, wycieczkach, konkursach oraz zaj\u0119ciach komputerowych. Ostatni dzie\u0144 Ferii w MBP przebieg\u0142 w atmosferze muzyczno-kulinarnej. Wybrali\u015bmy te\u017c zwyci\u0119zc\u00f3w konkursu M\u00d3J ULUBIONY BOHATER. Na konkurs wp\u0142yn\u0119\u0142o 8 prac. Jury postanowi\u0142o przyzna\u0107 3 nagrody r\u00f3wnorz\u0119dne. Otrzyma\u0142y je : Emilia Lipa, Julia G\u00f3ra \u00a0i Amelia Michalska. \u00a0Przyznano te\u017c 5 wyr\u00f3\u017cnie\u0144, kt\u00f3re otrzymali: Mateusz Matysiak, Magdalena Pajdowska, Wojciech Zalewski, Teresa Firganek i Joanna Rosiak.<\/p>\n<p><strong>\u00a0<\/strong>Pomimo zimowych temperatur za oknem, w bibliotece by\u0142o gor\u0105co od wra\u017ce\u0144. Dzi\u0119kujemy wszystkim uczestnikom za udzia\u0142 w zaj\u0119ciach, dobry humor i du\u017co rado\u015bci, kt\u00f3r\u0105 wnie\u015bli w nasze mury.\u00a0 Niestety, jak wszystko, tak\u00a0 i ferie dobieg\u0142y ko\u0144ca, ale na pocieszenie przypominamy, \u017ce za kilka miesi\u0119cy zn\u00f3w spotkamy si\u0119 w czasie Wakacji w Bibliotece.<\/p>\n<p><em>Agnieszka Machej<\/em><\/p>\n<div id='gallery-1' class='gallery galleryid-1000 gallery-columns-3 gallery-size-thumbnail'><figure class='gallery-item'>\n\t\t\t<div class='gallery-icon landscape'>\n\t\t\t\t<a href='https:\/\/moja24.pl\/wp-content\/uploads\/2017\/02\/035.jpg'><img loading=\"lazy\" decoding=\"async\" width=\"150\" height=\"150\" src=\"https:\/\/moja24.pl\/wp-content\/uploads\/2017\/02\/035-150x150.jpg\" class=\"attachment-thumbnail size-thumbnail\" alt=\"\" aria-describedby=\"gallery-1-1006\" \/><\/a>\n\t\t\t<\/div>\n\t\t\t\t<figcaption class='wp-caption-text gallery-caption' id='gallery-1-1006'>\n\t\t\t\tSAMSUNG CAMERA PICTURES\n\t\t\t\t<\/figcaption><\/figure><figure class='gallery-item'>\n\t\t\t<div class='gallery-icon landscape'>\n\t\t\t\t<a href='https:\/\/moja24.pl\/wp-content\/uploads\/2017\/02\/030.jpg'><img loading=\"lazy\" decoding=\"async\" width=\"150\" height=\"150\" src=\"https:\/\/moja24.pl\/wp-content\/uploads\/2017\/02\/030-150x150.jpg\" class=\"attachment-thumbnail size-thumbnail\" alt=\"\" \/><\/a>\n\t\t\t<\/div><\/figure><figure class='gallery-item'>\n\t\t\t<div class='gallery-icon landscape'>\n\t\t\t\t<a href='https:\/\/moja24.pl\/wp-content\/uploads\/2017\/02\/011.jpg'><img loading=\"lazy\" decoding=\"async\" width=\"150\" height=\"150\" src=\"https:\/\/moja24.pl\/wp-content\/uploads\/2017\/02\/011-150x150.jpg\" class=\"attachment-thumbnail size-thumbnail\" alt=\"\" \/><\/a>\n\t\t\t<\/div><\/figure>\n\t\t<\/div>\n\n","protected":false},"excerpt":{"rendered":"<p>Od 30.01 do 10.02.2017 r. trwa\u0142y ferie w Miejskiej Bibliotece Publicznej w \u017barach. W tym roku tematem przewodnim by\u0142a tw\u00f3rczo\u015b\u0107 Astrid Lindgren (z okazji 110. rocznicy urodzin\u00a0 autorki). Dzieci nie tylko s\u0142ucha\u0142y fragment\u00f3w ksi\u0105\u017cki, ale te\u017c ochoczo bra\u0142y udzia\u0142 w grach i zabawach tematycznych, wycieczkach, konkursach oraz zaj\u0119ciach komputerowych. Ostatni dzie\u0144 Ferii w MBP przebieg\u0142 [&hellip;]<\/p>\n","protected":false},"author":2,"featured_media":1005,"comment_status":"open","ping_status":"open","sticky":false,"template":"","format":"standard","meta":{"_monsterinsights_skip_tracking":false,"_monsterinsights_sitenote_active":false,"_monsterinsights_sitenote_note":"","_monsterinsights_sitenote_category":0,"footnotes":""},"categories":[29],"tags":[],"class_list":["post-1000","post","type-post","status-publish","format-standard","has-post-thumbnail","hentry","category-kontakt-24"],"_links":{"self":[{"href":"https:\/\/moja24.pl\/index.php\/wp-json\/wp\/v2\/posts\/1000","targetHints":{"allow":["GET"]}}],"collection":[{"href":"https:\/\/moja24.pl\/index.php\/wp-json\/wp\/v2\/posts"}],"about":[{"href":"https:\/\/moja24.pl\/index.php\/wp-json\/wp\/v2\/types\/post"}],"author":[{"embeddable":true,"href":"https:\/\/moja24.pl\/index.php\/wp-json\/wp\/v2\/users\/2"}],"replies":[{"embeddable":true,"href":"https:\/\/moja24.pl\/index.php\/wp-json\/wp\/v2\/comments?post=1000"}],"version-history":[{"count":4,"href":"https:\/\/moja24.pl\/index.php\/wp-json\/wp\/v2\/posts\/1000\/revisions"}],"predecessor-version":[{"id":1034,"href":"https:\/\/moja24.pl\/index.php\/wp-json\/wp\/v2\/posts\/1000\/revisions\/1034"}],"wp:featuredmedia":[{"embeddable":true,"href":"https:\/\/moja24.pl\/index.php\/wp-json\/wp\/v2\/media\/1005"}],"wp:attachment":[{"href":"https:\/\/moja24.pl\/index.php\/wp-json\/wp\/v2\/media?parent=1000"}],"wp:term":[{"taxonomy":"category","embeddable":true,"href":"https:\/\/moja24.pl\/index.php\/wp-json\/wp\/v2\/categories?post=1000"},{"taxonomy":"post_tag","embeddable":true,"href":"https:\/\/moja24.pl\/index.php\/wp-json\/wp\/v2\/tags?post=1000"}],"curies":[{"name":"wp","href":"https:\/\/api.w.org\/{rel}","templated":true}]}}