{"id":1041,"date":"2017-02-15T21:06:59","date_gmt":"2017-02-15T20:06:59","guid":{"rendered":"http:\/\/nowa.moja-gazeta.info\/?p=1041"},"modified":"2017-02-15T21:06:59","modified_gmt":"2017-02-15T20:06:59","slug":"podczas-jazdy-puscil-kierownice-aby-napic-sie-wodki","status":"publish","type":"post","link":"https:\/\/moja24.pl\/index.php\/2017\/02\/15\/podczas-jazdy-puscil-kierownice-aby-napic-sie-wodki\/","title":{"rendered":"Podczas jazdy pu\u015bci\u0142 kierownic\u0119 aby napi\u0107 si\u0119 w\u00f3dki"},"content":{"rendered":"<p><strong>Prokurator Rejonowy w \u017baganiu skierowa\u0142 do s\u0105du akt oskar\u017cenia przeciwko 34 letniemu m\u0119\u017cczy\u017anie, kt\u00f3ry spowodowa\u0142 wypadek w wyniku kt\u00f3rego \u015bmier\u0107 poni\u00f3s\u0142 jad\u0105cy z nim pasa\u017cer.<\/strong><\/p>\n<p><img loading=\"lazy\" decoding=\"async\" class=\"alignleft size-medium wp-image-1044\" src=\"http:\/\/nowa.moja-gazeta.info\/wp-content\/uploads\/2017\/02\/166-79622-156x300.jpg\" alt=\"\" width=\"156\" height=\"300\" srcset=\"https:\/\/moja24.pl\/wp-content\/uploads\/2017\/02\/166-79622-156x300.jpg 156w, https:\/\/moja24.pl\/wp-content\/uploads\/2017\/02\/166-79622-533x1024.jpg 533w, https:\/\/moja24.pl\/wp-content\/uploads\/2017\/02\/166-79622-696x1337.jpg 696w, https:\/\/moja24.pl\/wp-content\/uploads\/2017\/02\/166-79622-219x420.jpg 219w, https:\/\/moja24.pl\/wp-content\/uploads\/2017\/02\/166-79622.jpg 762w\" sizes=\"auto, (max-width: 156px) 100vw, 156px\" \/>Przypomnijmy, do tragicznego zdarzenia dosz\u0142o 27 listopada 2016 r. na drodze krajowej nr 12 mi\u0119dzy miejscowo\u015bciami Szprotawa i Bobrzany. Kieruj\u0105cy oplem vectra by\u0142 pod wp\u0142ywem alkoholu, \u00a0jecha\u0142 z nadmiern\u0105 pr\u0119dko\u015bci\u0105. Warunki atmosferyczne panuj\u0105ce w\u00f3wczas na drodze by\u0142y trudne a droga kr\u0119ta. Przy pr\u0119dko\u015bci \u00a0127 km\/h oskar\u017cony nie zachowa\u0142 nale\u017cytej ostro\u017cno\u015bci podczas pokonywania \u0142uku drogi, po czym \u00a0 pu\u015bci\u0142 obiema r\u0119koma kierownic\u0119 \u00a0po to aby napi\u0107 si\u0119 alkoholu. Nie trudno domy\u015ble\u0107 si\u0119 co by\u0142o dalej, \u00a0pijany kierowca \u00a0straci\u0142 panowanie nad pojazdem, wpad\u0142 w po\u015blizg, zjecha\u0142 na pobocze do rowu, a nast\u0119pnie uderzy\u0142 w przydro\u017cne drzewo.<br \/>\nW wyniku uderzenia pojazdu \u015bmier\u0107 poni\u00f3s\u0142 jego pasa\u017cer 33 letni m\u0119\u017cczyzna. Oskar\u017cony zbieg\u0142 z miejsca zdarzenia. W samochodzie by\u0142 jeszcze 13 letni ch\u0142opiec, kt\u00f3remu na szcz\u0119\u015bcie nic si\u0119 nie sta\u0142o.<\/p>\n<p>W toku \u015bledztwa ustalono, \u017ce m\u0119\u017cczyzna wyrokiem S\u0105du Rejonowego w \u017baganiu z dnia 17 grudnia 2012 r. mia\u0142 orzeczony zakaz prowadzenia wszelkich pojazd\u00f3w mechanicznych.<\/p>\n<p>Oskar\u017conemu grozi kara pozbawienia wolno\u015bci od 9 miesi\u0119cy do 12 lat. \u00a0 \u00a0 \u00a0 \u00a0 \u00a0 \u00a0 \u00a0<em>MK<\/em><\/p>\n<p><em>foto. KPP \u017baga\u0144<\/em><\/p>\n<p>&nbsp;<\/p>\n","protected":false},"excerpt":{"rendered":"<p>Prokurator Rejonowy w \u017baganiu skierowa\u0142 do s\u0105du akt oskar\u017cenia przeciwko 34 letniemu m\u0119\u017cczy\u017anie, kt\u00f3ry spowodowa\u0142 wypadek w wyniku kt\u00f3rego \u015bmier\u0107 poni\u00f3s\u0142 jad\u0105cy z nim pasa\u017cer. Przypomnijmy, do tragicznego zdarzenia dosz\u0142o 27 listopada 2016 r. na drodze krajowej nr 12 mi\u0119dzy miejscowo\u015bciami Szprotawa i Bobrzany. Kieruj\u0105cy oplem vectra by\u0142 pod wp\u0142ywem alkoholu, \u00a0jecha\u0142 z nadmiern\u0105 pr\u0119dko\u015bci\u0105. [&hellip;]<\/p>\n","protected":false},"author":2,"featured_media":1045,"comment_status":"open","ping_status":"open","sticky":false,"template":"","format":"standard","meta":{"_monsterinsights_skip_tracking":false,"_monsterinsights_sitenote_active":false,"_monsterinsights_sitenote_note":"","_monsterinsights_sitenote_category":0,"footnotes":""},"categories":[20,21],"tags":[40,121,127,129,128,126],"class_list":["post-1041","post","type-post","status-publish","format-standard","has-post-thumbnail","hentry","category-informacje","category-wypadki-przypadki","tag-policja-zagan","tag-prokuratura-rejonowa-zagan","tag-smierc-na-drodze-szprotawa-bobrzany","tag-tragiczny-wypadek-na-drodze-do-zagania","tag-wypadek-na-dk-12","tag-wypadek-szprotawa"],"_links":{"self":[{"href":"https:\/\/moja24.pl\/index.php\/wp-json\/wp\/v2\/posts\/1041","targetHints":{"allow":["GET"]}}],"collection":[{"href":"https:\/\/moja24.pl\/index.php\/wp-json\/wp\/v2\/posts"}],"about":[{"href":"https:\/\/moja24.pl\/index.php\/wp-json\/wp\/v2\/types\/post"}],"author":[{"embeddable":true,"href":"https:\/\/moja24.pl\/index.php\/wp-json\/wp\/v2\/users\/2"}],"replies":[{"embeddable":true,"href":"https:\/\/moja24.pl\/index.php\/wp-json\/wp\/v2\/comments?post=1041"}],"version-history":[{"count":3,"href":"https:\/\/moja24.pl\/index.php\/wp-json\/wp\/v2\/posts\/1041\/revisions"}],"predecessor-version":[{"id":1046,"href":"https:\/\/moja24.pl\/index.php\/wp-json\/wp\/v2\/posts\/1041\/revisions\/1046"}],"wp:featuredmedia":[{"embeddable":true,"href":"https:\/\/moja24.pl\/index.php\/wp-json\/wp\/v2\/media\/1045"}],"wp:attachment":[{"href":"https:\/\/moja24.pl\/index.php\/wp-json\/wp\/v2\/media?parent=1041"}],"wp:term":[{"taxonomy":"category","embeddable":true,"href":"https:\/\/moja24.pl\/index.php\/wp-json\/wp\/v2\/categories?post=1041"},{"taxonomy":"post_tag","embeddable":true,"href":"https:\/\/moja24.pl\/index.php\/wp-json\/wp\/v2\/tags?post=1041"}],"curies":[{"name":"wp","href":"https:\/\/api.w.org\/{rel}","templated":true}]}}