{"id":1047,"date":"2017-02-15T21:23:47","date_gmt":"2017-02-15T20:23:47","guid":{"rendered":"http:\/\/nowa.moja-gazeta.info\/?p=1047"},"modified":"2017-02-15T21:23:47","modified_gmt":"2017-02-15T20:23:47","slug":"radni-zapraszaja-mieszkancow-na-sesje","status":"publish","type":"post","link":"https:\/\/moja24.pl\/index.php\/2017\/02\/15\/radni-zapraszaja-mieszkancow-na-sesje\/","title":{"rendered":"Radni zapraszaj\u0105 mieszka\u0144c\u00f3w na sesj\u0119"},"content":{"rendered":"<p>Rada Miasta \u017bary zaprasza mieszka\u0144c\u00f3w \u017bar do wzi\u0119cia udzia\u0142u w\u00a0XXVIII sesji Rady Miejskiej w dniu 24 lutego o godz. 9.00.<\/p>\n<p><img loading=\"lazy\" decoding=\"async\" class=\"alignleft size-medium wp-image-1048\" src=\"http:\/\/nowa.moja-gazeta.info\/wp-content\/uploads\/2017\/02\/18225_XXVIII_sesja_Rady_-_24.02.2017-279x300.jpg\" alt=\"\" width=\"279\" height=\"300\" srcset=\"https:\/\/moja24.pl\/wp-content\/uploads\/2017\/02\/18225_XXVIII_sesja_Rady_-_24.02.2017-279x300.jpg 279w, https:\/\/moja24.pl\/wp-content\/uploads\/2017\/02\/18225_XXVIII_sesja_Rady_-_24.02.2017-768x825.jpg 768w, https:\/\/moja24.pl\/wp-content\/uploads\/2017\/02\/18225_XXVIII_sesja_Rady_-_24.02.2017-953x1024.jpg 953w, https:\/\/moja24.pl\/wp-content\/uploads\/2017\/02\/18225_XXVIII_sesja_Rady_-_24.02.2017-696x748.jpg 696w, https:\/\/moja24.pl\/wp-content\/uploads\/2017\/02\/18225_XXVIII_sesja_Rady_-_24.02.2017-1068x1148.jpg 1068w, https:\/\/moja24.pl\/wp-content\/uploads\/2017\/02\/18225_XXVIII_sesja_Rady_-_24.02.2017-391x420.jpg 391w\" sizes=\"auto, (max-width: 279px) 100vw, 279px\" \/><\/p>\n<h3><\/h3>\n","protected":false},"excerpt":{"rendered":"<p>Rada Miasta \u017bary zaprasza mieszka\u0144c\u00f3w \u017bar do wzi\u0119cia udzia\u0142u w\u00a0XXVIII sesji Rady Miejskiej w dniu 24 lutego o godz. 9.00.<\/p>\n","protected":false},"author":2,"featured_media":1049,"comment_status":"open","ping_status":"open","sticky":false,"template":"","format":"standard","meta":{"_monsterinsights_skip_tracking":false,"_monsterinsights_sitenote_active":false,"_monsterinsights_sitenote_note":"","_monsterinsights_sitenote_category":0,"footnotes":""},"categories":[20],"tags":[90,74,109,130,131,110,73,66],"class_list":["post-1047","post","type-post","status-publish","format-standard","has-post-thumbnail","hentry","category-informacje","tag-burmiastrz-miasta-zary","tag-informacje-zary","tag-moja-gazeta","tag-rada-miasta-zary","tag-sesja-rady-miejskiej-zary","tag-tygodnik-moja-gazeta","tag-wiadomosci-zary","tag-zary"],"_links":{"self":[{"href":"https:\/\/moja24.pl\/index.php\/wp-json\/wp\/v2\/posts\/1047","targetHints":{"allow":["GET"]}}],"collection":[{"href":"https:\/\/moja24.pl\/index.php\/wp-json\/wp\/v2\/posts"}],"about":[{"href":"https:\/\/moja24.pl\/index.php\/wp-json\/wp\/v2\/types\/post"}],"author":[{"embeddable":true,"href":"https:\/\/moja24.pl\/index.php\/wp-json\/wp\/v2\/users\/2"}],"replies":[{"embeddable":true,"href":"https:\/\/moja24.pl\/index.php\/wp-json\/wp\/v2\/comments?post=1047"}],"version-history":[{"count":1,"href":"https:\/\/moja24.pl\/index.php\/wp-json\/wp\/v2\/posts\/1047\/revisions"}],"predecessor-version":[{"id":1050,"href":"https:\/\/moja24.pl\/index.php\/wp-json\/wp\/v2\/posts\/1047\/revisions\/1050"}],"wp:featuredmedia":[{"embeddable":true,"href":"https:\/\/moja24.pl\/index.php\/wp-json\/wp\/v2\/media\/1049"}],"wp:attachment":[{"href":"https:\/\/moja24.pl\/index.php\/wp-json\/wp\/v2\/media?parent=1047"}],"wp:term":[{"taxonomy":"category","embeddable":true,"href":"https:\/\/moja24.pl\/index.php\/wp-json\/wp\/v2\/categories?post=1047"},{"taxonomy":"post_tag","embeddable":true,"href":"https:\/\/moja24.pl\/index.php\/wp-json\/wp\/v2\/tags?post=1047"}],"curies":[{"name":"wp","href":"https:\/\/api.w.org\/{rel}","templated":true}]}}