{"id":10545,"date":"2018-02-23T14:23:25","date_gmt":"2018-02-23T13:23:25","guid":{"rendered":"http:\/\/moja24.pl\/?p=10545"},"modified":"2018-02-23T14:23:25","modified_gmt":"2018-02-23T13:23:25","slug":"milion-na-nowe-targowiska-w-ilowej-i-gozdnicy","status":"publish","type":"post","link":"https:\/\/moja24.pl\/index.php\/2018\/02\/23\/milion-na-nowe-targowiska-w-ilowej-i-gozdnicy\/","title":{"rendered":"Milion na nowe targowiska w I\u0142owej i Gozdnicy"},"content":{"rendered":"<p><strong>Nowoczesne, wygodne i funkcjonale \u2013 takie maj\u0105 by\u0107 nowe targowiska w Gozdnicy i I\u0142owej. Umowy na realizacj\u0119 projekt\u00f3w podpisa\u0142 21 lutego br. wicemarsza\u0142ek Stanis\u0142aw Tomczyszyn.<\/strong><\/p>\n<p>W ramach Programu Rozwoju Obszar\u00f3w Wiejskich, gmina I\u0142owa otrzyma\u00a0 \u00a0525 tys. z\u0142 na\u00a0 realizacj\u0119 projektu Rozw\u00f3j Us\u0142ug Lokalnych dla Ludno\u015bci Wiejskiej poprzez budow\u0119 targowiska miejskiego w I\u0142owej. Do gminy Gozdnica natomiast trafi pula 460 tys. z\u0142 na przebudow\u0119 istniej\u0105cego ju\u017c targowiska.<\/p>\n<p><em>MK, foto ARMG<\/em><\/p>\n","protected":false},"excerpt":{"rendered":"<p>Nowoczesne, wygodne i funkcjonale \u2013 takie maj\u0105 by\u0107 nowe targowiska w Gozdnicy i I\u0142owej. Umowy na realizacj\u0119 projekt\u00f3w podpisa\u0142 21 lutego br. wicemarsza\u0142ek Stanis\u0142aw Tomczyszyn. W ramach Programu Rozwoju Obszar\u00f3w Wiejskich, gmina I\u0142owa otrzyma\u00a0 \u00a0525 tys. z\u0142 na\u00a0 realizacj\u0119 projektu Rozw\u00f3j Us\u0142ug Lokalnych dla Ludno\u015bci Wiejskiej poprzez budow\u0119 targowiska miejskiego w I\u0142owej. Do gminy Gozdnica [&hellip;]<\/p>\n","protected":false},"author":2,"featured_media":10547,"comment_status":"closed","ping_status":"closed","sticky":false,"template":"","format":"standard","meta":{"_monsterinsights_skip_tracking":false,"_monsterinsights_sitenote_active":false,"_monsterinsights_sitenote_note":"","_monsterinsights_sitenote_category":0,"footnotes":""},"categories":[20],"tags":[1195,1086,1196,53,52,74,298,122,73,392],"class_list":["post-10545","post","type-post","status-publish","format-standard","has-post-thumbnail","hentry","category-informacje","tag-gmina-ilowa","tag-gozdnica","tag-informacje-gmina-ilowa","tag-informacje-lubuskie","tag-informacje-zagan","tag-informacje-zary","tag-urzad-marszalkowski-wojewodztwa-lubuskiego","tag-wiadomosci-zagan","tag-wiadomosci-zary","tag-widomosci-lubuskie"],"_links":{"self":[{"href":"https:\/\/moja24.pl\/index.php\/wp-json\/wp\/v2\/posts\/10545","targetHints":{"allow":["GET"]}}],"collection":[{"href":"https:\/\/moja24.pl\/index.php\/wp-json\/wp\/v2\/posts"}],"about":[{"href":"https:\/\/moja24.pl\/index.php\/wp-json\/wp\/v2\/types\/post"}],"author":[{"embeddable":true,"href":"https:\/\/moja24.pl\/index.php\/wp-json\/wp\/v2\/users\/2"}],"replies":[{"embeddable":true,"href":"https:\/\/moja24.pl\/index.php\/wp-json\/wp\/v2\/comments?post=10545"}],"version-history":[{"count":2,"href":"https:\/\/moja24.pl\/index.php\/wp-json\/wp\/v2\/posts\/10545\/revisions"}],"predecessor-version":[{"id":10548,"href":"https:\/\/moja24.pl\/index.php\/wp-json\/wp\/v2\/posts\/10545\/revisions\/10548"}],"wp:featuredmedia":[{"embeddable":true,"href":"https:\/\/moja24.pl\/index.php\/wp-json\/wp\/v2\/media\/10547"}],"wp:attachment":[{"href":"https:\/\/moja24.pl\/index.php\/wp-json\/wp\/v2\/media?parent=10545"}],"wp:term":[{"taxonomy":"category","embeddable":true,"href":"https:\/\/moja24.pl\/index.php\/wp-json\/wp\/v2\/categories?post=10545"},{"taxonomy":"post_tag","embeddable":true,"href":"https:\/\/moja24.pl\/index.php\/wp-json\/wp\/v2\/tags?post=10545"}],"curies":[{"name":"wp","href":"https:\/\/api.w.org\/{rel}","templated":true}]}}