{"id":10549,"date":"2018-02-23T22:34:23","date_gmt":"2018-02-23T21:34:23","guid":{"rendered":"http:\/\/moja24.pl\/?p=10549"},"modified":"2018-02-23T22:36:40","modified_gmt":"2018-02-23T21:36:40","slug":"szpital-buduje-i-sprzedaje","status":"publish","type":"post","link":"https:\/\/moja24.pl\/index.php\/2018\/02\/23\/szpital-buduje-i-sprzedaje\/","title":{"rendered":"Szpital buduje i sprzedaje"},"content":{"rendered":"<p><strong>Rozpocz\u0119\u0142y si\u0119 prace instalacyjne w nowo wybudowanym obiekcie \u017carskiego Szpitala na Wyspie. Prezes Jolanta Dankiewicz ma nadziej\u0119, \u017ce zacznie on s\u0142u\u017cy\u0107 ma\u0142ym pacjentom jeszcze w tym roku.<\/strong><\/p>\n<p>&#8211; Podpisali\u015bmy umow\u0119 na realizacj\u0119 trzeciego etapu prac, w ramach kt\u00f3rego wykonane zostan\u0105 instalacje elektryczne, wodno-kanalizacyjne oraz tynki i posadzki &#8211; m\u00f3wi Jolanta Dankiewicz. &#8211; P\u00f3\u017aniej przyjdzie czas ju\u017c tylko na prace wyko\u0144czeniowe.<br \/>\nDo tej pory postawiono budynek z ociepleniem, elewacj\u0105 i oknami, a przy okazji wykonano elewacj\u0119 starego, przyleg\u0142ego obiektu od strony nowo wybudowanego.<br \/>\nObecny etap rob\u00f3t b\u0119dzie kosztowa\u0142 ponad 3 miliony 118 tys. z\u0142otych. Szpital zaci\u0105gn\u0105\u0142 na ten cel oko\u0142o 2 milion\u00f3w kredytu, reszt\u0119 do\u0142o\u017cy\u0142 Powiat \u017barski. Na t\u0119 kwot\u0119 sk\u0142ada si\u0119 r\u00f3wnie\u017c termomodernizacja \u015bcian i dachu oraz elewacja pozosta\u0142ej cz\u0119\u015bci pawilonu nr 2, zajmowanego przez ginekologi\u0119, po\u0142o\u017cnictwo i oddzia\u0142 dzieci\u0119cy. Wykonawca ma czas na wszystko do 30 czerwca.<br \/>\nDotychczas inwestycja poch\u0142on\u0119\u0142a ju\u017c przesz\u0142o 3 miliony, z czego wi\u0119kszo\u015b\u0107 sfinansowa\u0142 Powiat \u017barski, natomiast milion przekazany zosta\u0142 z bud\u017cetu miasta \u017bary.<\/p>\n<p><strong>Potrzebne pieni\u0105dze<\/strong><br \/>\nCa\u0142kowity koszt tej inwestycji przekroczy 10 milion\u00f3w z\u0142otych. Prezes Dankiewicz chcia\u0142aby zdoby\u0107 dodatkowe \u015brodki dzi\u0119ki sprzeda\u017cy budynku dawnej chirurgii przy ulicy Bohater\u00f3w Getta. Od kilku lat stoi nieu\u017cywany, a tym samym, szpitalowi nie jest ju\u017c potrzebny. Rzeczoznawca okre\u015bli\u0142 jego warto\u015b\u0107 na 1,6 miliona. Lada dzie\u0144 zostanie wystawiony na sprzeda\u017c. Po zmianie sposobu u\u017cytkowania, niekoniecznie musi by\u0107 wykorzystywany na cele medyczne.<br \/>\nP\u00f3ki co, na czwarty etap budowy, kt\u00f3ry ma si\u0119 zacz\u0105\u0107 jeszcze tej wiosny, szpital ma zagwarantowane 1,5 miliona z kasy powiatowej. To niestety nieco za ma\u0142o. Zwr\u00f3ci\u0142am si\u0119 z wnioskiem do wszystkich gmin powiatu o wsparcie finansowe inwestycji. Szpital w nowych warunkach finansowania nie jest bowiem pewien jak\u0105 ostatecznie kwot\u0105 z tytu\u0142u otrzymywanego rycza\u0142tu z NFZ b\u0119dzie dysponowa\u0142, tak wi\u0119c nie chce podejmowa\u0107 ryzyka obci\u0105\u017cenia dodatkowym kredytem.<br \/>\n&#8211; Liczymy na to, \u017ce utrzymamy poziom finansowania z ubieg\u0142ego roku, gdyby jednak pieni\u0119dzy by\u0142o wi\u0119cej, byliby\u015bmy po prostu spokojniejsi &#8211; m\u00f3wi Jolanta Dankiewicz. \u2013 Niestety wycena wielu procedur jest zbyt niska w stosunku do koszt\u00f3w ich realizacji. Przyk\u0142adem na to jest cho\u0107by geriatria, gdzie pacjenci cz\u0119sto z wieloma chorobami wymagaj\u0105 wi\u0119kszych nak\u0142ad\u00f3w na diagnostyk\u0119 i leczenie.<\/p>\n<p><strong>Nowy obiekt bardzo si\u0119 przyda<\/strong><br \/>\nNa parterze zlokalizowana zostanie ca\u0142a sfera diagnostyczna, czyli pracownia endoskopowa, USG, tomograf. B\u0119dzie apteka. Przeniesione zostanie tam tak\u017ce laboratorium. O cz\u0119\u015b\u0107 pierwszego pi\u0119tra powi\u0119kszy si\u0119 oddzia\u0142 dzieci\u0119cy, dzi\u0119ki temu b\u0119dzie mo\u017cliwo\u015b\u0107 podzia\u0142u na cz\u0119\u015bci dla dzieci m\u0142odszych i starszych. Tu te\u017c pojawi si\u0119 dodatkowa sala operacyjna. Drugie pi\u0119tro to dodatkowe \u0142\u00f3\u017cka dla oddzia\u0142u po\u0142o\u017cniczo-ginekologicznego wraz z dodatkow\u0105 sal\u0105 porodow\u0105.<br \/>\nWarunki na oddzia\u0142ach &#8211; przede wszystkim komfort pobytu &#8211; jeszcze bardziej si\u0119 poprawi\u0105. Najwa\u017cniejsze jest jednak to, \u017ce wzro\u015bnie liczba \u0142\u00f3\u017cek. W tej chwili miejsc na oddzia\u0142ach dzieci\u0119cym i po\u0142o\u017cniczo-ginekologicznym po prostu brakuje. Dzi\u0119ki wi\u0119kszej powierzchni szpital b\u0119dzie w stanie wdro\u017cy\u0107 dodatkowe procedury, m.in. onkologiczno-ginekologiczne. Dzi\u015b nie ma na to miejsca. W Szpitalu na Wyspie odbywa si\u0119 \u015brednio 90 porod\u00f3w miesi\u0119cznie, ale bywa\u0142o te\u017c prawie 120 w ci\u0105gu miesi\u0105ca.<br \/>\nW nowym obiekcie wygospodarowano te\u017c pomieszczenia na administracj\u0119 szpitala, kt\u00f3ra od lat pracuje w miejscu, kt\u00f3re bardziej przypomina barak ni\u017c budynek biurowy.<\/p>\n<p><strong>To nie koniec<\/strong><br \/>\nPo pomy\u015blnym zako\u0144czeniu obecnej inwestycji jest ju\u017c plan na kolejn\u0105.<br \/>\n&#8211; Mamy zgod\u0119 wojewody na dobudowanie kolejnego skrzyd\u0142a do obecnego pawilonu nr 2 &#8211; m\u00f3wi prezes szpitala. &#8211; Tam znalaz\u0142by si\u0119 oddzia\u0142 wewn\u0119trzny, geriatria i rehabilitacja.<br \/>\nAktualnie panuje taki trend, \u017ce z roku na rok \u0142\u00f3\u017cek geriatrycznych i internistycznych ma by\u0107 coraz wi\u0119cej.<br \/>\nDzi\u0119ki takim dzia\u0142aniom praktycznie ca\u0142y szpital zosta\u0142by ulokowany w jednym kompleksie budynk\u00f3w. To by\u0142oby idealne rozwi\u0105zanie, dzi\u0119ki kt\u00f3remu wszystko b\u0119dzie pod r\u0119k\u0105 i nie b\u0119dzie potrzeby przewo\u017cenia pacjent\u00f3w mi\u0119dzy budynkami na przyk\u0142ad na badanie tomograficzne. To jednak kwestia kolejnych lat.<\/p>\n<figure id=\"attachment_10550\" aria-describedby=\"caption-attachment-10550\" style=\"width: 728px\" class=\"wp-caption aligncenter\"><img loading=\"lazy\" decoding=\"async\" class=\"wp-image-10550 size-full\" src=\"http:\/\/moja24.pl\/wp-content\/uploads\/2018\/02\/72_20180220_111648.jpg\" alt=\"\" width=\"728\" height=\"485\" srcset=\"https:\/\/moja24.pl\/wp-content\/uploads\/2018\/02\/72_20180220_111648.jpg 728w, https:\/\/moja24.pl\/wp-content\/uploads\/2018\/02\/72_20180220_111648-300x200.jpg 300w, https:\/\/moja24.pl\/wp-content\/uploads\/2018\/02\/72_20180220_111648-696x464.jpg 696w, https:\/\/moja24.pl\/wp-content\/uploads\/2018\/02\/72_20180220_111648-630x420.jpg 630w\" sizes=\"auto, (max-width: 728px) 100vw, 728px\" \/><figcaption id=\"caption-attachment-10550\" class=\"wp-caption-text\">Budynek po by\u0142ej chirurgii przy ul. Bohater\u00f3w Getta b\u0119dzie wystawiony na sprzeda\u017c.<\/figcaption><\/figure>\n<figure id=\"attachment_10551\" aria-describedby=\"caption-attachment-10551\" style=\"width: 728px\" class=\"wp-caption aligncenter\"><img loading=\"lazy\" decoding=\"async\" class=\"wp-image-10551 size-full\" src=\"http:\/\/moja24.pl\/wp-content\/uploads\/2018\/02\/72_113.jpg\" alt=\"\" width=\"728\" height=\"485\" srcset=\"https:\/\/moja24.pl\/wp-content\/uploads\/2018\/02\/72_113.jpg 728w, https:\/\/moja24.pl\/wp-content\/uploads\/2018\/02\/72_113-300x200.jpg 300w, https:\/\/moja24.pl\/wp-content\/uploads\/2018\/02\/72_113-696x464.jpg 696w, https:\/\/moja24.pl\/wp-content\/uploads\/2018\/02\/72_113-630x420.jpg 630w\" sizes=\"auto, (max-width: 728px) 100vw, 728px\" \/><figcaption id=\"caption-attachment-10551\" class=\"wp-caption-text\">Wn\u0119trze nowego budynku szpitalnego wymaga prac wyko\u0144czeniowych.<\/figcaption><\/figure>\n<p><em>tekst i foto Andrzej Buczy\u0144ski<\/em><\/p>\n","protected":false},"excerpt":{"rendered":"<p>Rozpocz\u0119\u0142y si\u0119 prace instalacyjne w nowo wybudowanym obiekcie \u017carskiego Szpitala na Wyspie. Prezes Jolanta Dankiewicz ma nadziej\u0119, \u017ce zacznie on s\u0142u\u017cy\u0107 ma\u0142ym pacjentom jeszcze w tym roku. &#8211; Podpisali\u015bmy umow\u0119 na realizacj\u0119 trzeciego etapu prac, w ramach kt\u00f3rego wykonane zostan\u0105 instalacje elektryczne, wodno-kanalizacyjne oraz tynki i posadzki &#8211; m\u00f3wi Jolanta Dankiewicz. &#8211; P\u00f3\u017aniej przyjdzie czas [&hellip;]<\/p>\n","protected":false},"author":4,"featured_media":10552,"comment_status":"closed","ping_status":"closed","sticky":false,"template":"","format":"standard","meta":{"_monsterinsights_skip_tracking":false,"_monsterinsights_sitenote_active":false,"_monsterinsights_sitenote_note":"","_monsterinsights_sitenote_category":0,"footnotes":""},"categories":[20,28],"tags":[1199,1202,109,1201,1200,1203,1197,1198,66],"class_list":["post-10549","post","type-post","status-publish","format-standard","has-post-thumbnail","hentry","category-informacje","category-wiadomosci","tag-chirurgia","tag-ginekologia","tag-moja-gazeta","tag-noworodki","tag-oddzial-dzieciecy","tag-poloznictwo","tag-szpital","tag-szpital-na-wyspie","tag-zary"],"_links":{"self":[{"href":"https:\/\/moja24.pl\/index.php\/wp-json\/wp\/v2\/posts\/10549","targetHints":{"allow":["GET"]}}],"collection":[{"href":"https:\/\/moja24.pl\/index.php\/wp-json\/wp\/v2\/posts"}],"about":[{"href":"https:\/\/moja24.pl\/index.php\/wp-json\/wp\/v2\/types\/post"}],"author":[{"embeddable":true,"href":"https:\/\/moja24.pl\/index.php\/wp-json\/wp\/v2\/users\/4"}],"replies":[{"embeddable":true,"href":"https:\/\/moja24.pl\/index.php\/wp-json\/wp\/v2\/comments?post=10549"}],"version-history":[{"count":2,"href":"https:\/\/moja24.pl\/index.php\/wp-json\/wp\/v2\/posts\/10549\/revisions"}],"predecessor-version":[{"id":10554,"href":"https:\/\/moja24.pl\/index.php\/wp-json\/wp\/v2\/posts\/10549\/revisions\/10554"}],"wp:featuredmedia":[{"embeddable":true,"href":"https:\/\/moja24.pl\/index.php\/wp-json\/wp\/v2\/media\/10552"}],"wp:attachment":[{"href":"https:\/\/moja24.pl\/index.php\/wp-json\/wp\/v2\/media?parent=10549"}],"wp:term":[{"taxonomy":"category","embeddable":true,"href":"https:\/\/moja24.pl\/index.php\/wp-json\/wp\/v2\/categories?post=10549"},{"taxonomy":"post_tag","embeddable":true,"href":"https:\/\/moja24.pl\/index.php\/wp-json\/wp\/v2\/tags?post=10549"}],"curies":[{"name":"wp","href":"https:\/\/api.w.org\/{rel}","templated":true}]}}