{"id":10576,"date":"2018-02-26T18:02:07","date_gmt":"2018-02-26T17:02:07","guid":{"rendered":"http:\/\/moja24.pl\/?p=10576"},"modified":"2018-02-26T18:02:07","modified_gmt":"2018-02-26T17:02:07","slug":"bedzie-bedzie-wesolo","status":"publish","type":"post","link":"https:\/\/moja24.pl\/index.php\/2018\/02\/26\/bedzie-bedzie-wesolo\/","title":{"rendered":"B\u0119dzie, b\u0119dzie weso\u0142o"},"content":{"rendered":"<p><span id=\"tekst\"><strong>SIENIAWA \u017bARSKA | &#8222;\u015aciernisko&#8221; si\u0119 rozkr\u0119ca. Znamy ju\u017c termin i gwiazdy, jakie wyst\u0105pi\u0105 w tegorocznej edycji imprezy kabaretowej.<\/strong><br \/>\n<\/span><\/p>\n<p>&#8211; Jeste\u015bmy ju\u017c po spotkaniu z inicjatorem tego wydarzenia, czyli Robertem Motyk\u0105 z kabaretu &#8222;Paranienormalni&#8221; &#8211; m\u00f3wi w\u00f3jt gminy \u017bary Leszek Mro\u017cek. &#8211; Tak jak poprzednio, b\u0119dziemy wspiera\u0107 t\u0105 inicjatyw\u0119, bo jest to te\u017c promocja naszej gminy &#8211; podkre\u015bla.<\/p>\n<p>&#8222;\u015aciernisko&#8221; w Sieniawie \u017barskiej odb\u0119dzie si\u0119 26 maja, a na scenie wyst\u0105pi\u0105 kabarety: &#8222;Paranienormalni&#8221;, &#8222;Chyba&#8221;, &#8222;Nowaki&#8221; oraz duet Miko\u0142aj Cie\u015blak i Rafa\u0142 Zbie\u0107 z &#8222;Kabaretu Moralnego Niepokoju&#8221;. Gwiazdy polskiej sceny kabaretowej przyjad\u0105 do Sieniawy za spraw\u0105 pochodz\u0105cego z tej miejscowo\u015bci Roberta Motyki.<\/p>\n<p>Cztery wyst\u0119py to oko\u0142o 3,5 godziny dobrej zabawy. Jak zapewnia w\u00f3jt, gmina postara si\u0119 zapewni\u0107 jak najwi\u0119cej miejsc siedz\u0105cych. Przypomnijmy, \u017ce impreza odbywa si\u0119 pod go\u0142ym niebem, co mo\u017cna te\u017c niejako wyczyta\u0107 z jej nazwy. Mo\u017cna powiedzie\u0107, \u017ce w ubieg\u0142ym roku by\u0142o mn\u00f3stwo ludzi. Mo\u017cna za\u0142o\u017cy\u0107, \u017ce tegoroczny program wyst\u0119p\u00f3w przyci\u0105gnie jeszcze wi\u0119cej widz\u00f3w. Wybieraj\u0105c si\u0119 do Sieniawy warto pomy\u015ble\u0107 o sk\u0142adanym krzese\u0142ku.<\/p>\n<p>Na placu za remiz\u0105 zorganizowane zostan\u0105 stoiska gastronomiczne, a obok jest te\u017c plac zabaw dla dzieci, wi\u0119c dzieci nie b\u0119d\u0105 si\u0119 nudzi\u0107.<\/p>\n<p>&#8211; Ciesz\u0119 si\u0119, \u017ce impreza po raz kolejny dojdzie do skutku &#8211; m\u00f3wi Leszek Mro\u017cek. &#8211; &#8222;\u015aciernisko&#8221; b\u0119dzie wpisane w kalendarz polskich imprez kabaretowych, a poza tym s\u0105 wst\u0119pne przymiarki do tego, aby przyjecha\u0142a tu telewizja i nagrywa\u0142a wszystkie wyst\u0119py. \u017byczy\u0142bym sobie, aby nasza gmina poprzez Sieniaw\u0119 pojawi\u0142a si\u0119 na mapie polskich kabareton\u00f3w i by\u0142a kojarzona tak jak Mr\u0105gowo, Lidzbark, Ostr\u00f3da, czy Koszalin. Widz\u0119, \u017ce Robertowi bardzo zale\u017cy na jego rodzinnej miejscowo\u015bci &#8211; dodaje w\u00f3jt.<\/p>\n<p>Leszek Mro\u017cek martwi si\u0119 tylko o jedno &#8211; czy b\u0119dzie pogoda. Ale przecie\u017c mi\u0142o\u015bnik\u00f3w weso\u0142ej zabawy tak naprawd\u0119 nic nie jest w stanie odstraszy\u0107.<\/p>\n<figure id=\"attachment_10577\" aria-describedby=\"caption-attachment-10577\" style=\"width: 728px\" class=\"wp-caption aligncenter\"><img loading=\"lazy\" decoding=\"async\" class=\"size-full wp-image-10577\" src=\"http:\/\/moja24.pl\/wp-content\/uploads\/2018\/02\/71_112.jpg\" alt=\"\" width=\"728\" height=\"409\" srcset=\"https:\/\/moja24.pl\/wp-content\/uploads\/2018\/02\/71_112.jpg 728w, https:\/\/moja24.pl\/wp-content\/uploads\/2018\/02\/71_112-300x169.jpg 300w, https:\/\/moja24.pl\/wp-content\/uploads\/2018\/02\/71_112-696x391.jpg 696w\" sizes=\"auto, (max-width: 728px) 100vw, 728px\" \/><figcaption id=\"caption-attachment-10577\" class=\"wp-caption-text\">Ubieg\u0142oroczna impreza przyci\u0105gn\u0119\u0142a wielu ch\u0119tnych na dobr\u0105 zabaw\u0119.<\/figcaption><\/figure>\n<p><em>Andrzej Buczy\u0144ski, fot. UG \u017bary<\/em><\/p>\n","protected":false},"excerpt":{"rendered":"<p>SIENIAWA \u017bARSKA | &#8222;\u015aciernisko&#8221; si\u0119 rozkr\u0119ca. Znamy ju\u017c termin i gwiazdy, jakie wyst\u0105pi\u0105 w tegorocznej edycji imprezy kabaretowej. &#8211; Jeste\u015bmy ju\u017c po spotkaniu z inicjatorem tego wydarzenia, czyli Robertem Motyk\u0105 z kabaretu &#8222;Paranienormalni&#8221; &#8211; m\u00f3wi w\u00f3jt gminy \u017bary Leszek Mro\u017cek. &#8211; Tak jak poprzednio, b\u0119dziemy wspiera\u0107 t\u0105 inicjatyw\u0119, bo jest to te\u017c promocja naszej gminy [&hellip;]<\/p>\n","protected":false},"author":4,"featured_media":10578,"comment_status":"closed","ping_status":"closed","sticky":false,"template":"","format":"standard","meta":{"_monsterinsights_skip_tracking":false,"_monsterinsights_sitenote_active":false,"_monsterinsights_sitenote_note":"","_monsterinsights_sitenote_category":0,"footnotes":""},"categories":[20,25,28],"tags":[1204,269,1079,1206,109,1205,496,1207,497,720,66],"class_list":["post-10576","post","type-post","status-publish","format-standard","has-post-thumbnail","hentry","category-informacje","category-kultura-i-rozrywka","category-wiadomosci","tag-chyba","tag-gmina-zary","tag-kabaret","tag-mikolaj-cieslak","tag-moja-gazeta","tag-nowaki","tag-paranienormalni","tag-rafal-zbiec","tag-robert-motyka","tag-sieniawa-zarska","tag-zary"],"_links":{"self":[{"href":"https:\/\/moja24.pl\/index.php\/wp-json\/wp\/v2\/posts\/10576","targetHints":{"allow":["GET"]}}],"collection":[{"href":"https:\/\/moja24.pl\/index.php\/wp-json\/wp\/v2\/posts"}],"about":[{"href":"https:\/\/moja24.pl\/index.php\/wp-json\/wp\/v2\/types\/post"}],"author":[{"embeddable":true,"href":"https:\/\/moja24.pl\/index.php\/wp-json\/wp\/v2\/users\/4"}],"replies":[{"embeddable":true,"href":"https:\/\/moja24.pl\/index.php\/wp-json\/wp\/v2\/comments?post=10576"}],"version-history":[{"count":1,"href":"https:\/\/moja24.pl\/index.php\/wp-json\/wp\/v2\/posts\/10576\/revisions"}],"predecessor-version":[{"id":10579,"href":"https:\/\/moja24.pl\/index.php\/wp-json\/wp\/v2\/posts\/10576\/revisions\/10579"}],"wp:featuredmedia":[{"embeddable":true,"href":"https:\/\/moja24.pl\/index.php\/wp-json\/wp\/v2\/media\/10578"}],"wp:attachment":[{"href":"https:\/\/moja24.pl\/index.php\/wp-json\/wp\/v2\/media?parent=10576"}],"wp:term":[{"taxonomy":"category","embeddable":true,"href":"https:\/\/moja24.pl\/index.php\/wp-json\/wp\/v2\/categories?post=10576"},{"taxonomy":"post_tag","embeddable":true,"href":"https:\/\/moja24.pl\/index.php\/wp-json\/wp\/v2\/tags?post=10576"}],"curies":[{"name":"wp","href":"https:\/\/api.w.org\/{rel}","templated":true}]}}