{"id":10612,"date":"2018-02-26T22:37:37","date_gmt":"2018-02-26T21:37:37","guid":{"rendered":"http:\/\/moja24.pl\/?p=10612"},"modified":"2018-02-26T22:37:37","modified_gmt":"2018-02-26T21:37:37","slug":"zimowy-miszmasz-w-bibliotece","status":"publish","type":"post","link":"https:\/\/moja24.pl\/index.php\/2018\/02\/26\/zimowy-miszmasz-w-bibliotece\/","title":{"rendered":"&#8222;Zimowy miszmasz&#8221; w bibliotece"},"content":{"rendered":"<p><strong>Podczas ferii zimowych\u00a0 w Oddziale dla Dzieci Miejskiej Biblioteki Publicznej w \u017barach odbywa\u0142y si\u0119 zaj\u0119cia po has\u0142em <em>Zimowy miszmasz<\/em>, w kt\u00f3rych uczestniczy\u0142y dzieci w wieku 7-11 lat.<\/strong><\/p>\n<p>Zaj\u0119cia prowadzone by\u0142y\u00a0 od poniedzia\u0142ku do pi\u0105tku w godzinach 10.00-12.00\u00a0 Ich program stworzony by\u0142 w oparciu o literatur\u0119 dla dzieci i m\u0142odzie\u017cy z tematem przewodnim \u2013 Zima. Poniewa\u017c zima to pora roku podczas, kt\u00f3rej odbywaj\u0105 si\u0119 ferie czyli zimowa przerwa w nauce. Czas ten mo\u017cna by\u0142o sp\u0119dzi\u0107 aktywnie i tw\u00f3rczo uczestnicz\u0105c\u00a0\u00a0 w naszych zaj\u0119ciach opartych na literaturze dla dzieci i m\u0142odzie\u017cy, grach planszowych, zasobach Internetu, spotkaniach z ciekawymi lud\u017ami. Do realizacji naszych zaj\u0119\u0107 wykorzystali\u015bmy r\u00f3\u017cne formy pedagogiki zabawy m.in literack\u0105 &#8211; g\u0142o\u015bne czytanie, muzyczn\u0105 &#8211; \u015bpiewanie, plastyczn\u0105 &#8211; rysowanie, pogadank\u0119. Zaj\u0119cia odbywa\u0142y\u00a0 si\u0119 w Oddziale dla Dzieci i Pracowni Multimedialnej MBP\u00a0 \u017bary oraz Muzeum Pogranicza \u015al\u0105sko-\u0141u\u017cyckiego w \u017barach. Naszym go\u015bciem by\u0142 my\u015bliwy-hobbysta pan Leszek S\u0142omi\u0144ski, kt\u00f3ry opowiedzia\u0142 dzieciom o zimowych zwyczajach ro\u015bli i zwierz\u0105t, r\u00f3wnie\u017c, jak dba\u0107 o nie podczas zimy. Tym akcentem zako\u0144czyli\u015bmy dwutygodniowe spotkania w Bibliotece.<\/p>\n\r\n                <style type=\"text\/css\">\r\n                    \r\n                    #td_uid_1_69eeffae96d35  .td-doubleSlider-2 .td-item1 {\r\n                        background: url(https:\/\/moja24.pl\/wp-content\/uploads\/2018\/02\/ferie-2018-w-bibliotece-11-80x60.jpg) 0 0 no-repeat;\r\n                    }\r\n                    #td_uid_1_69eeffae96d35  .td-doubleSlider-2 .td-item2 {\r\n                        background: url(https:\/\/moja24.pl\/wp-content\/uploads\/2018\/02\/ferie-2018-w-bibliotece-10-80x60.jpg) 0 0 no-repeat;\r\n                    }\r\n                    #td_uid_1_69eeffae96d35  .td-doubleSlider-2 .td-item3 {\r\n                        background: url(https:\/\/moja24.pl\/wp-content\/uploads\/2018\/02\/ferie-2018-w-bibliotece-9-80x60.jpg) 0 0 no-repeat;\r\n                    }\r\n                    #td_uid_1_69eeffae96d35  .td-doubleSlider-2 .td-item4 {\r\n                        background: url(https:\/\/moja24.pl\/wp-content\/uploads\/2018\/02\/ferie-2018-w-bibliotece-8-80x60.jpg) 0 0 no-repeat;\r\n                    }\r\n                    #td_uid_1_69eeffae96d35  .td-doubleSlider-2 .td-item5 {\r\n                        background: url(https:\/\/moja24.pl\/wp-content\/uploads\/2018\/02\/ferie-2018-w-bibliotece-7-80x60.jpg) 0 0 no-repeat;\r\n                    }\r\n                    #td_uid_1_69eeffae96d35  .td-doubleSlider-2 .td-item6 {\r\n                        background: url(https:\/\/moja24.pl\/wp-content\/uploads\/2018\/02\/ferie-2018-w-bibliotece-6-80x60.jpg) 0 0 no-repeat;\r\n                    }\r\n                    #td_uid_1_69eeffae96d35  .td-doubleSlider-2 .td-item7 {\r\n                        background: url(https:\/\/moja24.pl\/wp-content\/uploads\/2018\/02\/ferie-2018-w-bibliotece-5-80x60.jpg) 0 0 no-repeat;\r\n                    }\r\n                    #td_uid_1_69eeffae96d35  .td-doubleSlider-2 .td-item8 {\r\n                        background: url(https:\/\/moja24.pl\/wp-content\/uploads\/2018\/02\/ferie-2018-w-bibliotece-4-80x60.jpg) 0 0 no-repeat;\r\n                    }\r\n                    #td_uid_1_69eeffae96d35  .td-doubleSlider-2 .td-item9 {\r\n                        background: url(https:\/\/moja24.pl\/wp-content\/uploads\/2018\/02\/ferie-2018-w-bibliotece-2-80x60.jpg) 0 0 no-repeat;\r\n                    }\r\n                <\/style>\r\n\r\n                <div id=\"td_uid_1_69eeffae96d35\" class=\"td-slide-on-2-columns\">\r\n                    <div class=\"post_td_gallery\">\r\n                        <div class=\"td-gallery-slide-top\">\r\n                           <div class=\"td-gallery-title\">Zimowy miszmasz w bibliotece<\/div>\r\n\r\n                            <div class=\"td-gallery-controls-wrapper\">\r\n                                <div class=\"td-gallery-slide-count\"><span class=\"td-gallery-slide-item-focus\">1<\/span> of 9<\/div>\r\n                                <div class=\"td-gallery-slide-prev-next-but\">\r\n                                    <i class = \"td-icon-left doubleSliderPrevButton\"><\/i>\r\n                                    <i class = \"td-icon-right doubleSliderNextButton\"><\/i>\r\n                                <\/div>\r\n                            <\/div>\r\n                        <\/div>\r\n\r\n                        <div class = \"td-doubleSlider-1 \">\r\n                            <div class = \"td-slider\">\r\n                                \r\n                    <div class = \"td-slide-item td-item1\">\r\n                        <figure class=\"td-slide-galery-figure td-slide-popup-gallery\">\r\n                            <a class=\"slide-gallery-image-link\" href=\"https:\/\/moja24.pl\/wp-content\/uploads\/2018\/02\/ferie-2018-w-bibliotece-11.jpg\" title=\"ferie 2018 w bibliotece (11)\"  data-caption=\"\"  data-description=\"\">\r\n                                <img decoding=\"async\" src=\"https:\/\/moja24.pl\/wp-content\/uploads\/2018\/02\/ferie-2018-w-bibliotece-11-560x420.jpg\" srcset=\"https:\/\/moja24.pl\/wp-content\/uploads\/2018\/02\/ferie-2018-w-bibliotece-11-560x420.jpg 560w, https:\/\/moja24.pl\/wp-content\/uploads\/2018\/02\/ferie-2018-w-bibliotece-11-300x225.jpg 300w, https:\/\/moja24.pl\/wp-content\/uploads\/2018\/02\/ferie-2018-w-bibliotece-11-768x576.jpg 768w, https:\/\/moja24.pl\/wp-content\/uploads\/2018\/02\/ferie-2018-w-bibliotece-11-1024x768.jpg 1024w, https:\/\/moja24.pl\/wp-content\/uploads\/2018\/02\/ferie-2018-w-bibliotece-11-80x60.jpg 80w, https:\/\/moja24.pl\/wp-content\/uploads\/2018\/02\/ferie-2018-w-bibliotece-11-265x198.jpg 265w, https:\/\/moja24.pl\/wp-content\/uploads\/2018\/02\/ferie-2018-w-bibliotece-11-696x522.jpg 696w, https:\/\/moja24.pl\/wp-content\/uploads\/2018\/02\/ferie-2018-w-bibliotece-11-1068x801.jpg 1068w\" sizes=\"(max-width: 560px) 100vw, 560px\" alt=\"\">\r\n                            <\/a>\r\n                            \r\n                        <\/figure>\r\n                    <\/div>\r\n                    <div class = \"td-slide-item td-item2\">\r\n                        <figure class=\"td-slide-galery-figure td-slide-popup-gallery\">\r\n                            <a class=\"slide-gallery-image-link\" href=\"https:\/\/moja24.pl\/wp-content\/uploads\/2018\/02\/ferie-2018-w-bibliotece-10.jpg\" title=\"ferie 2018 w bibliotece (10)\"  data-caption=\"\"  data-description=\"\">\r\n                                <img decoding=\"async\" src=\"https:\/\/moja24.pl\/wp-content\/uploads\/2018\/02\/ferie-2018-w-bibliotece-10-560x420.jpg\" srcset=\"https:\/\/moja24.pl\/wp-content\/uploads\/2018\/02\/ferie-2018-w-bibliotece-10-560x420.jpg 560w, https:\/\/moja24.pl\/wp-content\/uploads\/2018\/02\/ferie-2018-w-bibliotece-10-300x225.jpg 300w, https:\/\/moja24.pl\/wp-content\/uploads\/2018\/02\/ferie-2018-w-bibliotece-10-768x576.jpg 768w, https:\/\/moja24.pl\/wp-content\/uploads\/2018\/02\/ferie-2018-w-bibliotece-10-1024x768.jpg 1024w, https:\/\/moja24.pl\/wp-content\/uploads\/2018\/02\/ferie-2018-w-bibliotece-10-80x60.jpg 80w, https:\/\/moja24.pl\/wp-content\/uploads\/2018\/02\/ferie-2018-w-bibliotece-10-265x198.jpg 265w, https:\/\/moja24.pl\/wp-content\/uploads\/2018\/02\/ferie-2018-w-bibliotece-10-696x522.jpg 696w, https:\/\/moja24.pl\/wp-content\/uploads\/2018\/02\/ferie-2018-w-bibliotece-10-1068x801.jpg 1068w\" sizes=\"(max-width: 560px) 100vw, 560px\" alt=\"\">\r\n                            <\/a>\r\n                            \r\n                        <\/figure>\r\n                    <\/div>\r\n                    <div class = \"td-slide-item td-item3\">\r\n                        <figure class=\"td-slide-galery-figure td-slide-popup-gallery\">\r\n                            <a class=\"slide-gallery-image-link\" href=\"https:\/\/moja24.pl\/wp-content\/uploads\/2018\/02\/ferie-2018-w-bibliotece-9.jpg\" title=\"SAMSUNG CAMERA PICTURES\"  data-caption=\"\"  data-description=\"\">\r\n                                <img decoding=\"async\" src=\"https:\/\/moja24.pl\/wp-content\/uploads\/2018\/02\/ferie-2018-w-bibliotece-9-560x420.jpg\" srcset=\"https:\/\/moja24.pl\/wp-content\/uploads\/2018\/02\/ferie-2018-w-bibliotece-9-560x420.jpg 560w, https:\/\/moja24.pl\/wp-content\/uploads\/2018\/02\/ferie-2018-w-bibliotece-9-300x225.jpg 300w, https:\/\/moja24.pl\/wp-content\/uploads\/2018\/02\/ferie-2018-w-bibliotece-9-768x576.jpg 768w, https:\/\/moja24.pl\/wp-content\/uploads\/2018\/02\/ferie-2018-w-bibliotece-9.jpg 1024w, https:\/\/moja24.pl\/wp-content\/uploads\/2018\/02\/ferie-2018-w-bibliotece-9-80x60.jpg 80w, https:\/\/moja24.pl\/wp-content\/uploads\/2018\/02\/ferie-2018-w-bibliotece-9-265x198.jpg 265w, https:\/\/moja24.pl\/wp-content\/uploads\/2018\/02\/ferie-2018-w-bibliotece-9-696x522.jpg 696w\" sizes=\"(max-width: 560px) 100vw, 560px\" alt=\"\">\r\n                            <\/a>\r\n                            \r\n                        <\/figure>\r\n                    <\/div>\r\n                    <div class = \"td-slide-item td-item4\">\r\n                        <figure class=\"td-slide-galery-figure td-slide-popup-gallery\">\r\n                            <a class=\"slide-gallery-image-link\" href=\"https:\/\/moja24.pl\/wp-content\/uploads\/2018\/02\/ferie-2018-w-bibliotece-8.jpg\" title=\"SAMSUNG CAMERA PICTURES\"  data-caption=\"\"  data-description=\"\">\r\n                                <img decoding=\"async\" src=\"https:\/\/moja24.pl\/wp-content\/uploads\/2018\/02\/ferie-2018-w-bibliotece-8-560x420.jpg\" srcset=\"https:\/\/moja24.pl\/wp-content\/uploads\/2018\/02\/ferie-2018-w-bibliotece-8-560x420.jpg 560w, https:\/\/moja24.pl\/wp-content\/uploads\/2018\/02\/ferie-2018-w-bibliotece-8-300x225.jpg 300w, https:\/\/moja24.pl\/wp-content\/uploads\/2018\/02\/ferie-2018-w-bibliotece-8-768x576.jpg 768w, https:\/\/moja24.pl\/wp-content\/uploads\/2018\/02\/ferie-2018-w-bibliotece-8.jpg 1024w, https:\/\/moja24.pl\/wp-content\/uploads\/2018\/02\/ferie-2018-w-bibliotece-8-80x60.jpg 80w, https:\/\/moja24.pl\/wp-content\/uploads\/2018\/02\/ferie-2018-w-bibliotece-8-265x198.jpg 265w, https:\/\/moja24.pl\/wp-content\/uploads\/2018\/02\/ferie-2018-w-bibliotece-8-696x522.jpg 696w\" sizes=\"(max-width: 560px) 100vw, 560px\" alt=\"\">\r\n                            <\/a>\r\n                            \r\n                        <\/figure>\r\n                    <\/div>\r\n                    <div class = \"td-slide-item td-item5\">\r\n                        <figure class=\"td-slide-galery-figure td-slide-popup-gallery\">\r\n                            <a class=\"slide-gallery-image-link\" href=\"https:\/\/moja24.pl\/wp-content\/uploads\/2018\/02\/ferie-2018-w-bibliotece-7.jpg\" title=\"ferie 2018 w bibliotece (7)\"  data-caption=\"\"  data-description=\"\">\r\n                                <img decoding=\"async\" src=\"https:\/\/moja24.pl\/wp-content\/uploads\/2018\/02\/ferie-2018-w-bibliotece-7-560x420.jpg\" srcset=\"https:\/\/moja24.pl\/wp-content\/uploads\/2018\/02\/ferie-2018-w-bibliotece-7-560x420.jpg 560w, https:\/\/moja24.pl\/wp-content\/uploads\/2018\/02\/ferie-2018-w-bibliotece-7-300x225.jpg 300w, https:\/\/moja24.pl\/wp-content\/uploads\/2018\/02\/ferie-2018-w-bibliotece-7-768x576.jpg 768w, https:\/\/moja24.pl\/wp-content\/uploads\/2018\/02\/ferie-2018-w-bibliotece-7-1024x768.jpg 1024w, https:\/\/moja24.pl\/wp-content\/uploads\/2018\/02\/ferie-2018-w-bibliotece-7-80x60.jpg 80w, https:\/\/moja24.pl\/wp-content\/uploads\/2018\/02\/ferie-2018-w-bibliotece-7-265x198.jpg 265w, https:\/\/moja24.pl\/wp-content\/uploads\/2018\/02\/ferie-2018-w-bibliotece-7-696x522.jpg 696w, https:\/\/moja24.pl\/wp-content\/uploads\/2018\/02\/ferie-2018-w-bibliotece-7-1068x801.jpg 1068w\" sizes=\"(max-width: 560px) 100vw, 560px\" alt=\"\">\r\n                            <\/a>\r\n                            \r\n                        <\/figure>\r\n                    <\/div>\r\n                    <div class = \"td-slide-item td-item6\">\r\n                        <figure class=\"td-slide-galery-figure td-slide-popup-gallery\">\r\n                            <a class=\"slide-gallery-image-link\" href=\"https:\/\/moja24.pl\/wp-content\/uploads\/2018\/02\/ferie-2018-w-bibliotece-6.jpg\" title=\"ferie 2018 w bibliotece (6)\"  data-caption=\"\"  data-description=\"\">\r\n                                <img decoding=\"async\" src=\"https:\/\/moja24.pl\/wp-content\/uploads\/2018\/02\/ferie-2018-w-bibliotece-6-560x420.jpg\" srcset=\"https:\/\/moja24.pl\/wp-content\/uploads\/2018\/02\/ferie-2018-w-bibliotece-6-560x420.jpg 560w, https:\/\/moja24.pl\/wp-content\/uploads\/2018\/02\/ferie-2018-w-bibliotece-6-300x225.jpg 300w, https:\/\/moja24.pl\/wp-content\/uploads\/2018\/02\/ferie-2018-w-bibliotece-6-768x576.jpg 768w, https:\/\/moja24.pl\/wp-content\/uploads\/2018\/02\/ferie-2018-w-bibliotece-6-1024x768.jpg 1024w, https:\/\/moja24.pl\/wp-content\/uploads\/2018\/02\/ferie-2018-w-bibliotece-6-80x60.jpg 80w, https:\/\/moja24.pl\/wp-content\/uploads\/2018\/02\/ferie-2018-w-bibliotece-6-265x198.jpg 265w, https:\/\/moja24.pl\/wp-content\/uploads\/2018\/02\/ferie-2018-w-bibliotece-6-696x522.jpg 696w, https:\/\/moja24.pl\/wp-content\/uploads\/2018\/02\/ferie-2018-w-bibliotece-6-1068x801.jpg 1068w\" sizes=\"(max-width: 560px) 100vw, 560px\" alt=\"\">\r\n                            <\/a>\r\n                            \r\n                        <\/figure>\r\n                    <\/div>\r\n                    <div class = \"td-slide-item td-item7\">\r\n                        <figure class=\"td-slide-galery-figure td-slide-popup-gallery\">\r\n                            <a class=\"slide-gallery-image-link\" href=\"https:\/\/moja24.pl\/wp-content\/uploads\/2018\/02\/ferie-2018-w-bibliotece-5.jpg\" title=\"SAMSUNG CAMERA PICTURES\"  data-caption=\"\"  data-description=\"\">\r\n                                <img decoding=\"async\" src=\"https:\/\/moja24.pl\/wp-content\/uploads\/2018\/02\/ferie-2018-w-bibliotece-5-315x420.jpg\" srcset=\"https:\/\/moja24.pl\/wp-content\/uploads\/2018\/02\/ferie-2018-w-bibliotece-5-315x420.jpg 315w, https:\/\/moja24.pl\/wp-content\/uploads\/2018\/02\/ferie-2018-w-bibliotece-5-225x300.jpg 225w, https:\/\/moja24.pl\/wp-content\/uploads\/2018\/02\/ferie-2018-w-bibliotece-5.jpg 768w, https:\/\/moja24.pl\/wp-content\/uploads\/2018\/02\/ferie-2018-w-bibliotece-5-696x928.jpg 696w\" sizes=\"(max-width: 315px) 100vw, 315px\" alt=\"\">\r\n                            <\/a>\r\n                            \r\n                        <\/figure>\r\n                    <\/div>\r\n                    <div class = \"td-slide-item td-item8\">\r\n                        <figure class=\"td-slide-galery-figure td-slide-popup-gallery\">\r\n                            <a class=\"slide-gallery-image-link\" href=\"https:\/\/moja24.pl\/wp-content\/uploads\/2018\/02\/ferie-2018-w-bibliotece-4.jpg\" title=\"ferie 2018 w bibliotece (4)\"  data-caption=\"\"  data-description=\"\">\r\n                                <img decoding=\"async\" src=\"https:\/\/moja24.pl\/wp-content\/uploads\/2018\/02\/ferie-2018-w-bibliotece-4-560x420.jpg\" srcset=\"https:\/\/moja24.pl\/wp-content\/uploads\/2018\/02\/ferie-2018-w-bibliotece-4-560x420.jpg 560w, https:\/\/moja24.pl\/wp-content\/uploads\/2018\/02\/ferie-2018-w-bibliotece-4-300x225.jpg 300w, https:\/\/moja24.pl\/wp-content\/uploads\/2018\/02\/ferie-2018-w-bibliotece-4-768x576.jpg 768w, https:\/\/moja24.pl\/wp-content\/uploads\/2018\/02\/ferie-2018-w-bibliotece-4-1024x768.jpg 1024w, https:\/\/moja24.pl\/wp-content\/uploads\/2018\/02\/ferie-2018-w-bibliotece-4-80x60.jpg 80w, https:\/\/moja24.pl\/wp-content\/uploads\/2018\/02\/ferie-2018-w-bibliotece-4-265x198.jpg 265w, https:\/\/moja24.pl\/wp-content\/uploads\/2018\/02\/ferie-2018-w-bibliotece-4-696x522.jpg 696w, https:\/\/moja24.pl\/wp-content\/uploads\/2018\/02\/ferie-2018-w-bibliotece-4-1068x801.jpg 1068w\" sizes=\"(max-width: 560px) 100vw, 560px\" alt=\"\">\r\n                            <\/a>\r\n                            \r\n                        <\/figure>\r\n                    <\/div>\r\n                    <div class = \"td-slide-item td-item9\">\r\n                        <figure class=\"td-slide-galery-figure td-slide-popup-gallery\">\r\n                            <a class=\"slide-gallery-image-link\" href=\"https:\/\/moja24.pl\/wp-content\/uploads\/2018\/02\/ferie-2018-w-bibliotece-2.jpg\" title=\"ferie 2018 w bibliotece (2)\"  data-caption=\"\"  data-description=\"\">\r\n                                <img decoding=\"async\" src=\"https:\/\/moja24.pl\/wp-content\/uploads\/2018\/02\/ferie-2018-w-bibliotece-2-560x420.jpg\" srcset=\"https:\/\/moja24.pl\/wp-content\/uploads\/2018\/02\/ferie-2018-w-bibliotece-2-560x420.jpg 560w, https:\/\/moja24.pl\/wp-content\/uploads\/2018\/02\/ferie-2018-w-bibliotece-2-300x225.jpg 300w, https:\/\/moja24.pl\/wp-content\/uploads\/2018\/02\/ferie-2018-w-bibliotece-2-768x576.jpg 768w, https:\/\/moja24.pl\/wp-content\/uploads\/2018\/02\/ferie-2018-w-bibliotece-2-1024x768.jpg 1024w, https:\/\/moja24.pl\/wp-content\/uploads\/2018\/02\/ferie-2018-w-bibliotece-2-80x60.jpg 80w, https:\/\/moja24.pl\/wp-content\/uploads\/2018\/02\/ferie-2018-w-bibliotece-2-265x198.jpg 265w, https:\/\/moja24.pl\/wp-content\/uploads\/2018\/02\/ferie-2018-w-bibliotece-2-696x522.jpg 696w, https:\/\/moja24.pl\/wp-content\/uploads\/2018\/02\/ferie-2018-w-bibliotece-2-1068x801.jpg 1068w\" sizes=\"(max-width: 560px) 100vw, 560px\" alt=\"\">\r\n                            <\/a>\r\n                            \r\n                        <\/figure>\r\n                    <\/div>\r\n                            <\/div>\r\n                        <\/div>\r\n\r\n                        <div class = \"td-doubleSlider-2\">\r\n                            <div class = \"td-slider\">\r\n                                \r\n                    <div class = \"td-button td-item1\">\r\n                        <div class = \"td-border\"><\/div>\r\n                    <\/div>\r\n                    <div class = \"td-button td-item2\">\r\n                        <div class = \"td-border\"><\/div>\r\n                    <\/div>\r\n                    <div class = \"td-button td-item3\">\r\n                        <div class = \"td-border\"><\/div>\r\n                    <\/div>\r\n                    <div class = \"td-button td-item4\">\r\n                        <div class = \"td-border\"><\/div>\r\n                    <\/div>\r\n                    <div class = \"td-button td-item5\">\r\n                        <div class = \"td-border\"><\/div>\r\n                    <\/div>\r\n                    <div class = \"td-button td-item6\">\r\n                        <div class = \"td-border\"><\/div>\r\n                    <\/div>\r\n                    <div class = \"td-button td-item7\">\r\n                        <div class = \"td-border\"><\/div>\r\n                    <\/div>\r\n                    <div class = \"td-button td-item8\">\r\n                        <div class = \"td-border\"><\/div>\r\n                    <\/div>\r\n                    <div class = \"td-button td-item9\">\r\n                        <div class = \"td-border\"><\/div>\r\n                    <\/div>\r\n                            <\/div>\r\n                        <\/div>\r\n\r\n                    <\/div>\r\n\r\n                <\/div>\r\n                \n<p>MK, foto nades\u0142ane<\/p>\n","protected":false},"excerpt":{"rendered":"<p>Podczas ferii zimowych\u00a0 w Oddziale dla Dzieci Miejskiej Biblioteki Publicznej w \u017barach odbywa\u0142y si\u0119 zaj\u0119cia po has\u0142em Zimowy miszmasz, w kt\u00f3rych uczestniczy\u0142y dzieci w wieku 7-11 lat. Zaj\u0119cia prowadzone by\u0142y\u00a0 od poniedzia\u0142ku do pi\u0105tku w godzinach 10.00-12.00\u00a0 Ich program stworzony by\u0142 w oparciu o literatur\u0119 dla dzieci i m\u0142odzie\u017cy z tematem przewodnim \u2013 Zima. Poniewa\u017c [&hellip;]<\/p>\n","protected":false},"author":2,"featured_media":10615,"comment_status":"closed","ping_status":"closed","sticky":false,"template":"","format":"standard","meta":{"_monsterinsights_skip_tracking":false,"_monsterinsights_sitenote_active":false,"_monsterinsights_sitenote_note":"","_monsterinsights_sitenote_category":0,"footnotes":""},"categories":[22,25],"tags":[],"class_list":["post-10612","post","type-post","status-publish","format-standard","has-post-thumbnail","hentry","category-edukacja","category-kultura-i-rozrywka"],"_links":{"self":[{"href":"https:\/\/moja24.pl\/index.php\/wp-json\/wp\/v2\/posts\/10612","targetHints":{"allow":["GET"]}}],"collection":[{"href":"https:\/\/moja24.pl\/index.php\/wp-json\/wp\/v2\/posts"}],"about":[{"href":"https:\/\/moja24.pl\/index.php\/wp-json\/wp\/v2\/types\/post"}],"author":[{"embeddable":true,"href":"https:\/\/moja24.pl\/index.php\/wp-json\/wp\/v2\/users\/2"}],"replies":[{"embeddable":true,"href":"https:\/\/moja24.pl\/index.php\/wp-json\/wp\/v2\/comments?post=10612"}],"version-history":[{"count":1,"href":"https:\/\/moja24.pl\/index.php\/wp-json\/wp\/v2\/posts\/10612\/revisions"}],"predecessor-version":[{"id":10624,"href":"https:\/\/moja24.pl\/index.php\/wp-json\/wp\/v2\/posts\/10612\/revisions\/10624"}],"wp:featuredmedia":[{"embeddable":true,"href":"https:\/\/moja24.pl\/index.php\/wp-json\/wp\/v2\/media\/10615"}],"wp:attachment":[{"href":"https:\/\/moja24.pl\/index.php\/wp-json\/wp\/v2\/media?parent=10612"}],"wp:term":[{"taxonomy":"category","embeddable":true,"href":"https:\/\/moja24.pl\/index.php\/wp-json\/wp\/v2\/categories?post=10612"},{"taxonomy":"post_tag","embeddable":true,"href":"https:\/\/moja24.pl\/index.php\/wp-json\/wp\/v2\/tags?post=10612"}],"curies":[{"name":"wp","href":"https:\/\/api.w.org\/{rel}","templated":true}]}}