{"id":10647,"date":"2018-03-08T14:26:55","date_gmt":"2018-03-08T13:26:55","guid":{"rendered":"http:\/\/moja24.pl\/?p=10647"},"modified":"2018-03-08T14:26:55","modified_gmt":"2018-03-08T13:26:55","slug":"poscig-na-osiemnastce","status":"publish","type":"post","link":"https:\/\/moja24.pl\/index.php\/2018\/03\/08\/poscig-na-osiemnastce\/","title":{"rendered":"Po\u015bcig na &#8222;osiemnastce&#8221;"},"content":{"rendered":"<p><strong>Polscy i niemieccy policjanci \u015bcigali kierowc\u0119, kt\u00f3ry ucieka\u0142 skradzionym w Niemczech Audi A4<\/strong><\/p>\n<p>&nbsp;<\/p>\n<p align=\"JUSTIFY\"><span style=\"color: #000000;\"><span style=\"font-family: Arial;\"><span style=\"font-size: medium;\">Informacj\u0119 o jad\u0105cym w kierunku granicznej Olszyny, skradzionym w Niemczech Audi A4, otrzyma\u0142 w \u015brod\u0119 (7 marca), w godzinach porannych dy\u017curny \u017carskiej jednostki. Informacj\u0119 przekazali funkcjonariusze z Polsko-Niemieckiego Centrum Wsp\u00f3\u0142pracy S\u0142u\u017cb Granicznych, Policyjnych i Celnych w \u015awiecku, <\/span><\/span><\/span><\/p>\n<p align=\"JUSTIFY\"><span style=\"color: #000000;\"><span style=\"font-family: Arial;\"><span style=\"font-size: medium;\">Dy\u017curny natychmiast skierowa\u0142 w ten rejon patrol z Posterunku Policji w \u0141\u0119knicy. Policjanci b\u0142yskawicznie udali si\u0119 na drog\u0119 K-18, gdzie w\u0142\u0105czyli si\u0119 do po\u015bcigu, kt\u00f3ry prowadzili ju\u017c policjanci niemieccy. W\u0142\u0105czyli sygna\u0142y \u015bwietlne i d\u017awi\u0119kowe, jad\u0105c tu\u017c za uciekaj\u0105cym. Po kr\u00f3tkim po\u015bcigu, wykorzystuj\u0105c odpowiedni moment, kiedy Audi zosta\u0142o zablokowane z jednej strony przez niemieckich funkcjonariuszy, a z drugiej przez nadje\u017cd\u017caj\u0105cy samoch\u00f3d ci\u0119\u017carowy, dokonali b\u0142yskawicznego zatrzymania m\u0119\u017cczyzny, kt\u00f3ry kierowa\u0142 autem. Po sprawdzeniu w policyjnych bazach, funkcjonariusze potwierdzili, \u017ce Audi A4 jest kradzione. Kradzie\u017cy samochodu wartego ponad 40 tys. z\u0142otych dokonano na terenie Niemiec najprawdopodobniej w nocy 6 marca. Odzyskane auto zosta\u0142o zabezpieczone na policyjnym parkingu. Wr\u00f3ci do prawowitego w\u0142a\u015bciciela. Kieruj\u0105cy autem, 50-letni mieszkaniec Katowic, zosta\u0142 zatrzymany w policyjnym areszcie. <\/span><\/span><\/span><\/p>\n<p align=\"JUSTIFY\"><span style=\"color: #000000;\"><span style=\"font-family: Arial;\"><span style=\"font-size: medium;\">&#8211; M\u0119\u017cczyzna us\u0142ysza\u0142 ju\u017c zarzut paserstwa za co mo\u017ce grozi\u0107 kara do 5 lat pozbawienia wolno\u015bci. &#8211; informuje podkom. Aneta Berestecka. oficer prasowy KPP w \u017barach.<br \/>\n<\/span><\/span><\/span><\/p>\n<p align=\"JUSTIFY\">\n<p align=\"JUSTIFY\">PaS, fot. KPP \u017bary<\/p>\n","protected":false},"excerpt":{"rendered":"<p>Polscy i niemieccy policjanci \u015bcigali kierowc\u0119, kt\u00f3ry ucieka\u0142 skradzionym w Niemczech Audi A4 &nbsp; Informacj\u0119 o jad\u0105cym w kierunku granicznej Olszyny, skradzionym w Niemczech Audi A4, otrzyma\u0142 w \u015brod\u0119 (7 marca), w godzinach porannych dy\u017curny \u017carskiej jednostki. Informacj\u0119 przekazali funkcjonariusze z Polsko-Niemieckiego Centrum Wsp\u00f3\u0142pracy S\u0142u\u017cb Granicznych, Policyjnych i Celnych w \u015awiecku, Dy\u017curny natychmiast skierowa\u0142 w [&hellip;]<\/p>\n","protected":false},"author":2,"featured_media":10648,"comment_status":"closed","ping_status":"closed","sticky":false,"template":"","format":"standard","meta":{"_monsterinsights_skip_tracking":false,"_monsterinsights_sitenote_active":false,"_monsterinsights_sitenote_note":"","_monsterinsights_sitenote_category":0,"footnotes":""},"categories":[20,28,21],"tags":[1224,1223,1222],"class_list":["post-10647","post","type-post","status-publish","format-standard","has-post-thumbnail","hentry","category-informacje","category-wiadomosci","category-wypadki-przypadki","tag-audi-skradzione-auto","tag-olszyna","tag-poscig"],"_links":{"self":[{"href":"https:\/\/moja24.pl\/index.php\/wp-json\/wp\/v2\/posts\/10647","targetHints":{"allow":["GET"]}}],"collection":[{"href":"https:\/\/moja24.pl\/index.php\/wp-json\/wp\/v2\/posts"}],"about":[{"href":"https:\/\/moja24.pl\/index.php\/wp-json\/wp\/v2\/types\/post"}],"author":[{"embeddable":true,"href":"https:\/\/moja24.pl\/index.php\/wp-json\/wp\/v2\/users\/2"}],"replies":[{"embeddable":true,"href":"https:\/\/moja24.pl\/index.php\/wp-json\/wp\/v2\/comments?post=10647"}],"version-history":[{"count":1,"href":"https:\/\/moja24.pl\/index.php\/wp-json\/wp\/v2\/posts\/10647\/revisions"}],"predecessor-version":[{"id":10649,"href":"https:\/\/moja24.pl\/index.php\/wp-json\/wp\/v2\/posts\/10647\/revisions\/10649"}],"wp:featuredmedia":[{"embeddable":true,"href":"https:\/\/moja24.pl\/index.php\/wp-json\/wp\/v2\/media\/10648"}],"wp:attachment":[{"href":"https:\/\/moja24.pl\/index.php\/wp-json\/wp\/v2\/media?parent=10647"}],"wp:term":[{"taxonomy":"category","embeddable":true,"href":"https:\/\/moja24.pl\/index.php\/wp-json\/wp\/v2\/categories?post=10647"},{"taxonomy":"post_tag","embeddable":true,"href":"https:\/\/moja24.pl\/index.php\/wp-json\/wp\/v2\/tags?post=10647"}],"curies":[{"name":"wp","href":"https:\/\/api.w.org\/{rel}","templated":true}]}}