{"id":10755,"date":"2018-04-09T22:05:52","date_gmt":"2018-04-09T20:05:52","guid":{"rendered":"http:\/\/moja24.pl\/?p=10755"},"modified":"2018-04-09T22:05:52","modified_gmt":"2018-04-09T20:05:52","slug":"nauka-i-zabawa-w-lesie","status":"publish","type":"post","link":"https:\/\/moja24.pl\/index.php\/2018\/04\/09\/nauka-i-zabawa-w-lesie\/","title":{"rendered":"Nauka i zabawa w lesie"},"content":{"rendered":"<p><strong>Ju\u017c nied\u0142ugo na skraju lasu w\u00a0pobli\u017cu basenu przy ulicy \u0179r\u00f3dlanej powstanie \u015bcie\u017cka edukacyjna dla dzieci. To kolejny element, kt\u00f3ry jeszcze bardziej uatrakcyjni ten teren.<\/strong><\/p>\n<p>&#8211; \u015acie\u017cka by\u0142a inicjatyw\u0105 miasta, ale projekt realizujemy wsp\u00f3lnie &#8211; m\u00f3wi Damian Sandak z\u00a0Nadle\u015bnictwa Lipinki, pod kt\u00f3re podlega teren Zielonego Lasu. &#8211; Tablice zakupi\u0142o miasto, a\u00a0my przygotujemy tras\u0119 i\u00a0przeprowadzimy prace budowlane. Na trasie 400-metrowej \u015bcie\u017cki stanie mi\u0119dzy innymi pomost. Wynika to ze zr\u00f3\u017cnicowanego ukszta\u0142towania terenu.<br \/>\nNa tablice z\u00a0bud\u017cetu miejskiego przeznaczono oko\u0142o 60 tysi\u0119cy z\u0142otych, za\u015b nadle\u015bnictwo wyda na ten cel 120-130 tysi\u0119cy. Jak dobrze p\u00f3jdzie, to nowa atrakcja zostanie oddana do u\u017cytku jeszcze przed wakacjami. Basen b\u0119dzie otwarty od 16 czerwca i\u00a0nowa \u015bcie\u017cka stanie si\u0119 dope\u0142nieniem infrastruktury rekreacyjnej w\u00a0tym sezonie.<br \/>\nTablice informacyjne i\u00a0interaktywne zaprojektowano z\u00a0my\u015bl\u0105 o\u00a0dzieciach. R\u00f3\u017cne uk\u0142adanki s\u0105 form\u0105 zabawy, ale przekazuj\u0105 r\u00f3wnie\u017c wiedz\u0119 o\u00a0przyrodzie. Przy okazji wyeksponowane zostan\u0105 miejsca zwi\u0105zane z\u00a0histori\u0105 i\u00a0kopalniami na tych terenach.<br \/>\n&#8211; Zagospodarowanie Zielonego Lasu idzie pe\u0142n\u0105 par\u0105 i\u00a0bardzo aktywne w\u00a0tych dzia\u0142aniach jest nadle\u015bnictwo &#8211; m\u00f3wi Olaf Napi\u00f3rkowski, wiceburmistrz \u017bar.<br \/>\nPrzy wej\u015bciu do lasu przygotowane zostanie specjalne miejsce na ognisko, g\u0142\u00f3wnie z\u00a0my\u015bl\u0105 o\u00a0grupach zorganizowanych, wycieczkach szkolnych i\u00a0tym podobnych. Gdyby jednak kto\u015b chcia\u0142 z\u00a0tego skorzysta\u0107, b\u0119dzie musia\u0142 zg\u0142osi\u0107 si\u0119 najpierw do nadle\u015bnictwa i\u00a0uzyska\u0107 zgod\u0119.<\/p>\n<p><strong>Sporo zrobione<\/strong><br \/>\n&#8211; Spacerowicze mog\u0105 mi\u0119dzy innymi odwiedzi\u0107 le\u015bn\u0105 wie\u017c\u0119 widokow\u0105, a\u00a0samo spacerowanie po lesie sta\u0142o si\u0119 \u0142atwiejsze dzi\u0119ki wybudowaniu prawie trzykilometrowego odcinka utwardzonego duktu le\u015bnego. Po takiej nawierzchni mo\u017cna spokojnie przejecha\u0107 nie tylko rowerem, ale nawet w\u00f3zkiem dzieci\u0119cym, bez obawy o\u00a0dziury i\u00a0b\u0142oto. Droga biegnie od okolic ulicy Sarniej do le\u015bnicz\u00f3wki przy trasie \u017bary &#8211; \u0141az. Na tym nie koniec.<br \/>\n&#8211; Z\u0142o\u017cyli\u015bmy wniosek na nast\u0119pny etap od le\u015bnicz\u00f3wki do p\u0119tli autobusowej ko\u0142o krzy\u017ca na pocz\u0105tku Olbrachtowa &#8211; m\u00f3wi Damian Sandak. &#8211; Z\u00a0trasy b\u0119dzie te\u017c zjazd w\u00a0kierunku \u015bcie\u017cki rowerowej na ulicy Zgorzeleckiej.<br \/>\nDzi\u0119ki temu rowerzy\u015bci poruszaj\u0105cy si\u0119 mi\u0119dzy \u017barami a\u00a0Olbrachtowem b\u0119d\u0105 mogli drog\u0105 le\u015bn\u0105 spokojnie omin\u0105\u0107 ruchliwy fragment obwodnicy. Kwestie bezpiecze\u0144stwa s\u0105 tu nawet istotniejsze ni\u017c sama przyjemno\u015b\u0107 jazdy przez las po drodze z\u00a0r\u00f3wn\u0105 nawierzchni\u0105.<br \/>\n&#8211; Przypomn\u0119 jeszcze, \u017ce z\u0142o\u017cyli\u015bmy wniosek o\u00a0dofinansowanie budowy na Syrenie pola kempingowo-kamperowego, co by\u0142oby pewnym ewenementem, bo nie ma czego\u015b takiego w\u00a0naszych okolicach &#8211; b\u0119dzie to te\u017c dope\u0142nieniem naszych projekt\u00f3w zwi\u0105zanych z\u00a0Zielonym Lasem &#8211; m\u00f3wi wiceburmistrz Napi\u00f3rkowski. &#8211; Co roku te\u017c staramy si\u0119 uatrakcyjnia\u0107 teren k\u0105pieliska przy ulicy \u0179r\u00f3dlanej.<\/p>\n<p><strong>Na basenie te\u017c ciekawiej<\/strong><br \/>\nObok basenu ruszy\u0142a budowa boiska wielofunkcyjnego o\u00a0nawierzchni podobnej do stosowanej na orlikach. Na boisku o\u00a0wymiarach 10 na 20 metr\u00f3w b\u0119dzie mo\u017cna pogra\u0107 w\u00a0koszyk\u00f3wk\u0119, albo pi\u0142k\u0119 no\u017cn\u0105. Jest to wi\u0119c, obok pi\u0142ki pla\u017cowej, kolejna mo\u017cliwo\u015b\u0107 sp\u0119dzania wolnego czasu na k\u0105pielisku miejskim. Inwestycja ma by\u0107 oddana do u\u017cytku z\u00a0ko\u0144cem maja, a\u00a0wi\u0119c jeszcze przed rozpocz\u0119ciem sezonu.<br \/>\n&#8211; Chcemy aby ten obiekt czynny by\u0142 d\u0142u\u017cej ni\u017c tylko trzy miesi\u0105ce w\u00a0roku, st\u0105d te\u017c mi\u0119dzy innymi du\u017ca wiata grillowa, plac zabaw, a\u00a0teraz boisko i\u00a0mo\u017cna tam organizowa\u0107 r\u00f3\u017cnego typu imprezy r\u00f3wnie\u017c po sezonie &#8211; m\u00f3wi Olaf Napi\u00f3rkowski.<\/p>\n<p><em>Andrzej Buczy\u0144ski<\/em><\/p>\n<figure id=\"attachment_10756\" aria-describedby=\"caption-attachment-10756\" style=\"width: 728px\" class=\"wp-caption aligncenter\"><img loading=\"lazy\" decoding=\"async\" class=\"size-full wp-image-10756\" src=\"http:\/\/moja24.pl\/wp-content\/uploads\/2018\/04\/218_367.jpg\" alt=\"\" width=\"728\" height=\"485\" srcset=\"https:\/\/moja24.pl\/wp-content\/uploads\/2018\/04\/218_367.jpg 728w, https:\/\/moja24.pl\/wp-content\/uploads\/2018\/04\/218_367-300x200.jpg 300w, https:\/\/moja24.pl\/wp-content\/uploads\/2018\/04\/218_367-696x464.jpg 696w, https:\/\/moja24.pl\/wp-content\/uploads\/2018\/04\/218_367-630x420.jpg 630w\" sizes=\"auto, (max-width: 728px) 100vw, 728px\" \/><figcaption id=\"caption-attachment-10756\" class=\"wp-caption-text\">B\u0119dzie to forma zabawy po\u0142\u0105czonej z nauk\u0105. fot. Andrzej Buczy\u0144ski<\/figcaption><\/figure>\n","protected":false},"excerpt":{"rendered":"<p>Ju\u017c nied\u0142ugo na skraju lasu w\u00a0pobli\u017cu basenu przy ulicy \u0179r\u00f3dlanej powstanie \u015bcie\u017cka edukacyjna dla dzieci. To kolejny element, kt\u00f3ry jeszcze bardziej uatrakcyjni ten teren. &#8211; \u015acie\u017cka by\u0142a inicjatyw\u0105 miasta, ale projekt realizujemy wsp\u00f3lnie &#8211; m\u00f3wi Damian Sandak z\u00a0Nadle\u015bnictwa Lipinki, pod kt\u00f3re podlega teren Zielonego Lasu. &#8211; Tablice zakupi\u0142o miasto, a\u00a0my przygotujemy tras\u0119 i\u00a0przeprowadzimy prace budowlane. [&hellip;]<\/p>\n","protected":false},"author":4,"featured_media":10757,"comment_status":"closed","ping_status":"closed","sticky":false,"template":"","format":"standard","meta":{"_monsterinsights_skip_tracking":false,"_monsterinsights_sitenote_active":false,"_monsterinsights_sitenote_note":"","_monsterinsights_sitenote_category":0,"footnotes":""},"categories":[20,28],"tags":[589,109,1276,66,428,1275],"class_list":["post-10755","post","type-post","status-publish","format-standard","has-post-thumbnail","hentry","category-informacje","category-wiadomosci","tag-basen","tag-moja-gazeta","tag-nadlesnictwo-lipinki","tag-zary","tag-zielony-las","tag-zrodlana"],"_links":{"self":[{"href":"https:\/\/moja24.pl\/index.php\/wp-json\/wp\/v2\/posts\/10755","targetHints":{"allow":["GET"]}}],"collection":[{"href":"https:\/\/moja24.pl\/index.php\/wp-json\/wp\/v2\/posts"}],"about":[{"href":"https:\/\/moja24.pl\/index.php\/wp-json\/wp\/v2\/types\/post"}],"author":[{"embeddable":true,"href":"https:\/\/moja24.pl\/index.php\/wp-json\/wp\/v2\/users\/4"}],"replies":[{"embeddable":true,"href":"https:\/\/moja24.pl\/index.php\/wp-json\/wp\/v2\/comments?post=10755"}],"version-history":[{"count":2,"href":"https:\/\/moja24.pl\/index.php\/wp-json\/wp\/v2\/posts\/10755\/revisions"}],"predecessor-version":[{"id":10759,"href":"https:\/\/moja24.pl\/index.php\/wp-json\/wp\/v2\/posts\/10755\/revisions\/10759"}],"wp:featuredmedia":[{"embeddable":true,"href":"https:\/\/moja24.pl\/index.php\/wp-json\/wp\/v2\/media\/10757"}],"wp:attachment":[{"href":"https:\/\/moja24.pl\/index.php\/wp-json\/wp\/v2\/media?parent=10755"}],"wp:term":[{"taxonomy":"category","embeddable":true,"href":"https:\/\/moja24.pl\/index.php\/wp-json\/wp\/v2\/categories?post=10755"},{"taxonomy":"post_tag","embeddable":true,"href":"https:\/\/moja24.pl\/index.php\/wp-json\/wp\/v2\/tags?post=10755"}],"curies":[{"name":"wp","href":"https:\/\/api.w.org\/{rel}","templated":true}]}}