{"id":1085,"date":"2017-02-18T10:10:00","date_gmt":"2017-02-18T09:10:00","guid":{"rendered":"http:\/\/nowa.moja-gazeta.info\/?p=1085"},"modified":"2017-02-18T10:10:00","modified_gmt":"2017-02-18T09:10:00","slug":"kresowiacy-przeciw-dzieleniu-ofiar","status":"publish","type":"post","link":"https:\/\/moja24.pl\/index.php\/2017\/02\/18\/kresowiacy-przeciw-dzieleniu-ofiar\/","title":{"rendered":"Kresowiacy przeciw dzieleniu ofiar"},"content":{"rendered":"<p><span id=\"tekst\"><strong>\u017barscy Kresowiacy chc\u0105 wprowadzenia w polskim prawie zakazu podpisywania przez samorz\u0105dy um\u00f3w partnerskich z miejscowo\u015bciami zagranicznymi, w kt\u00f3rych gloryfikuje si\u0119 ludob\u00f3jc\u00f3w narodu polskiego i zbrodniarzy wojennych.<\/strong> <\/span><\/p>\n<p><span id=\"tekst\">Wniosek w tej sprawie trafi\u0142 do najwy\u017cszych w\u0142adz pa\u0144stwowych.<br \/>\n<\/span> Inicjatywa wysz\u0142a z \u017bar, ale pod wnioskiem podpisali si\u0119 liderzy r\u00f3\u017cnych organizacji kresowych z ca\u0142ej Polski. List trafi\u0142 do Prezydenta RP Andrzeja Dudy, premier Beaty Szyd\u0142o, marsza\u0142k\u00f3w Sejmu i Senatu i szef\u00f3w klub\u00f3w parlamentarnych. Adresatem listu jest tak\u017ce prezes PiS Jaros\u0142aw Kaczy\u0144ski.<\/p>\n<p><b>Dzielenie ofiar<\/b><\/p>\n<p>Kresowiacy prosz\u0105 o dokonanie w trybie pilnym zmian w przepisach, kt\u00f3re zobowi\u0105zywa\u0142yby w\u0142adze samorz\u0105dowe, aby przed podpisaniem umowy partnerskiej z obc\u0105 miejscowo\u015bci\u0105 dokona\u0142y jej weryfikacji pod k\u0105tem gloryfikacji ludob\u00f3jc\u00f3w narodu polskiego. Niezb\u0119dnej pomocy w tych sprawach mia\u0142yby obowi\u0105zkowo udziela\u0107 polskie plac\u00f3wki dyplomatyczne. W prawie mia\u0142by by\u0107 jasny i czytelny zakaz zawierania takich um\u00f3w lub nakaz ich wypowiedzenia w przypadku zaistnienia faktu gloryfikacji ludob\u00f3jc\u00f3w narodu polskiego.<\/p>\n<p>&#8211; Dla nas Kresowian nie ma najmniejszej r\u00f3\u017cnicy mi\u0119dzy ludob\u00f3jc\u0105 niemieckim, sowieckim a ukrai\u0144skim, tote\u017c nie rozumiemy relatywizowania zbrodni i dzielenia ofiar na te &#8222;lepsze&#8221; zastrzelone niemieck\u0105 czy sowieck\u0105 kul\u0105 i te &#8222;gorsze&#8221; zat\u0142uczone banderowsk\u0105 siekier\u0105. &#8211;\u00a0 t\u0142umaczy ide\u0119 inicjator listu, dr n.med. Krzysztof Kopoci\u0144ski, prezes Klubu Tarnopolan Towarzystwa Mi\u0142o\u015bnik\u00f3w Lwowa i Kres\u00f3w P\u0142d-Wsch. w \u017barach.<\/p>\n<p><b>Niegodne zbratanie<\/b><\/p>\n<p><img loading=\"lazy\" decoding=\"async\" class=\"alignleft size-medium wp-image-1103\" src=\"http:\/\/moja24.pl\/wp-content\/uploads\/2017\/02\/MG_8837-300x200.jpg\" alt=\"\" width=\"300\" height=\"200\" srcset=\"https:\/\/moja24.pl\/wp-content\/uploads\/2017\/02\/MG_8837-300x200.jpg 300w, https:\/\/moja24.pl\/wp-content\/uploads\/2017\/02\/MG_8837-768x512.jpg 768w, https:\/\/moja24.pl\/wp-content\/uploads\/2017\/02\/MG_8837-1024x683.jpg 1024w, https:\/\/moja24.pl\/wp-content\/uploads\/2017\/02\/MG_8837-696x464.jpg 696w, https:\/\/moja24.pl\/wp-content\/uploads\/2017\/02\/MG_8837-1068x712.jpg 1068w, https:\/\/moja24.pl\/wp-content\/uploads\/2017\/02\/MG_8837-630x420.jpg 630w\" sizes=\"auto, (max-width: 300px) 100vw, 300px\" \/>Kresowiacy w li\u015bcie podkre\u015blaj\u0105, \u017ce &#8222;do\u015bwiadczenia ostatnich lat jasno pokazuj\u0105, \u017ce nie wszyscy polscy samorz\u0105dowcy s\u0105 na tyle \u015bwiadomi, wykszta\u0142ceni i uczciwi, by nie czyni\u0107 rzeczy niegodnych, za jakie uwa\u017camy bratanie si\u0119 z gloryfikatorami morderc\u00f3w naszych krewnych na Kresach Wschodnich&#8221;.\u00a0 W opinii Kresowian, niekt\u00f3rzy samorz\u0105dowcy kompletnie nie rozumiej\u0105 problemu, dlatego &#8222;nakaz prawny nak\u0142adaj\u0105cy obowi\u0105zek przyzwoitego zachowania wydaje si\u0119 by\u0107 konieczny&#8221;.<\/p>\n<p>&#8211; Gdy polscy radni w ten spos\u00f3b traktuj\u0105 ofiar\u0119 \u017cycia naszych krewnych, czujemy si\u0119 obywatelami drugiej kategorii, cho\u0107 to Kresowiacy ponie\u015bli najwi\u0119ksze straty i zawsze stali przy Bogu i Ojczy\u017anie. &#8211; przekonuje Krzysztof Kopoci\u0144ski.<\/p>\n<p>Problemem nie s\u0105 jedynie polscy samorz\u0105dowcy.<\/p>\n<p>&#8211; Tolerowanie i brak naszej reakcji utwierdza stron\u0119 ukrai\u0144sk\u0105 w przekonaniu, \u017ce oni nic z\u0142ego nie robi\u0105 &#8211; podkre\u015bla prezes Kopoci\u0144ski.<\/p>\n<p><b>Z\u0142e i dobre przyk\u0142ady<\/b><\/p>\n<p>Kresowiacy powo\u0142uj\u0105 si\u0119 na konkretne przyk\u0142ady. Wskazuj\u0105, \u017ce miastem bli\u017aniaczym Krakowa jest Kij\u00f3w, w kt\u00f3rym stoj\u0105 pomniki a g\u0142\u00f3wne ulice nosz\u0105 miana Stepana Bandery i\u00a0 Romana Szuchewycza &#8211; os\u00f3b odpowiedzialnych za ludob\u00f3jstwo ludno\u015bci polskiej. Kresowiacy pytaj\u0105 retorycznie, czy radni Krakowa podpisaliby tak\u0105 umow\u0119, gdyby wsp\u00f3\u0142czesna Rada Berlina wystawi\u0142a pomnik Hitlerowi, a w centrum miasta by\u0142by Adolf Hitler Platz?<\/p>\n<p>W li\u015bcie dosta\u0142o si\u0119 te\u017c Zielonej G\u00f3rze i ca\u0142emu powiatowi nowosolskiemu. Kresowiacy s\u0105 zdziwieni, \u017ce tamtejsi samorz\u0105dowcy &#8222;nie czuj\u0105 dyskomfortu ani nie wyra\u017caj\u0105 \u017c\u0105dania od rzekomo &#8222;bratniego&#8221; Iwanofrankiwska (dawniej Stanis\u0142aw\u00f3w) zaprzestania jawnej gloryfikacji Bandery czy Szuchewycza, co odbywa si\u0119 tam bez \u017cadnego za\u017cenowania&#8221;. Za dobry przyk\u0142ad Kresowiacy podaj\u0105 radnych Nowej Sarzyny w wojew\u00f3dztwie podkarpackim, kt\u00f3rzy zawiesili umow\u0119 o partnerstwie z miejscowo\u015bci\u0105 Dolina na Ukrainie, po tym, jak to miasto nada\u0142o tytu\u0142u Honorowego Obywatela Stepanowi Banderze.<\/p>\n<p><b>Pierwsze reakcje<\/b><\/p>\n<p>S\u0105 ju\u017c pierwsze reakcje na list. Premier Beata Szyd\u0142o skierowa\u0142a spraw\u0119 do rozpatrzenia Ministrowi Spraw Wewn\u0119trznych. Marsza\u0142kowie Sejmu i Senatu przekazali list do w\u0142a\u015bciwych komisji parlamentarnych. Na konkretne rozwi\u0105zania rz\u0105du i parlamentu przyjdzie wi\u0119c poczeka\u0107.<\/p>\n<p><em>Pawe\u0142 Skrzypczy\u0144ski<\/em><\/p>\n<p>&nbsp;<\/p>\n","protected":false},"excerpt":{"rendered":"<p>\u017barscy Kresowiacy chc\u0105 wprowadzenia w polskim prawie zakazu podpisywania przez samorz\u0105dy um\u00f3w partnerskich z miejscowo\u015bciami zagranicznymi, w kt\u00f3rych gloryfikuje si\u0119 ludob\u00f3jc\u00f3w narodu polskiego i zbrodniarzy wojennych. Wniosek w tej sprawie trafi\u0142 do najwy\u017cszych w\u0142adz pa\u0144stwowych. Inicjatywa wysz\u0142a z \u017bar, ale pod wnioskiem podpisali si\u0119 liderzy r\u00f3\u017cnych organizacji kresowych z ca\u0142ej Polski. List trafi\u0142 do Prezydenta [&hellip;]<\/p>\n","protected":false},"author":2,"featured_media":1087,"comment_status":"open","ping_status":"open","sticky":false,"template":"","format":"standard","meta":{"_monsterinsights_skip_tracking":false,"_monsterinsights_sitenote_active":false,"_monsterinsights_sitenote_note":"","_monsterinsights_sitenote_category":0,"footnotes":""},"categories":[20],"tags":[74,151,67,109,61,110,73,66],"class_list":["post-1085","post","type-post","status-publish","format-standard","has-post-thumbnail","hentry","category-informacje","tag-informacje-zary","tag-kresowiacy-zary","tag-miasto-zary","tag-moja-gazeta","tag-powiat-zary","tag-tygodnik-moja-gazeta","tag-wiadomosci-zary","tag-zary"],"_links":{"self":[{"href":"https:\/\/moja24.pl\/index.php\/wp-json\/wp\/v2\/posts\/1085","targetHints":{"allow":["GET"]}}],"collection":[{"href":"https:\/\/moja24.pl\/index.php\/wp-json\/wp\/v2\/posts"}],"about":[{"href":"https:\/\/moja24.pl\/index.php\/wp-json\/wp\/v2\/types\/post"}],"author":[{"embeddable":true,"href":"https:\/\/moja24.pl\/index.php\/wp-json\/wp\/v2\/users\/2"}],"replies":[{"embeddable":true,"href":"https:\/\/moja24.pl\/index.php\/wp-json\/wp\/v2\/comments?post=1085"}],"version-history":[{"count":2,"href":"https:\/\/moja24.pl\/index.php\/wp-json\/wp\/v2\/posts\/1085\/revisions"}],"predecessor-version":[{"id":1104,"href":"https:\/\/moja24.pl\/index.php\/wp-json\/wp\/v2\/posts\/1085\/revisions\/1104"}],"wp:featuredmedia":[{"embeddable":true,"href":"https:\/\/moja24.pl\/index.php\/wp-json\/wp\/v2\/media\/1087"}],"wp:attachment":[{"href":"https:\/\/moja24.pl\/index.php\/wp-json\/wp\/v2\/media?parent=1085"}],"wp:term":[{"taxonomy":"category","embeddable":true,"href":"https:\/\/moja24.pl\/index.php\/wp-json\/wp\/v2\/categories?post=1085"},{"taxonomy":"post_tag","embeddable":true,"href":"https:\/\/moja24.pl\/index.php\/wp-json\/wp\/v2\/tags?post=1085"}],"curies":[{"name":"wp","href":"https:\/\/api.w.org\/{rel}","templated":true}]}}