{"id":13819,"date":"2019-05-22T14:47:29","date_gmt":"2019-05-22T12:47:29","guid":{"rendered":"http:\/\/moja24.pl\/?p=13819"},"modified":"2019-05-27T14:52:13","modified_gmt":"2019-05-27T12:52:13","slug":"zaginiecie-16-latki-z-zary","status":"publish","type":"post","link":"https:\/\/moja24.pl\/index.php\/2019\/05\/22\/zaginiecie-16-latki-z-zary\/","title":{"rendered":"Zagini\u0119cie 16-latki z \u017bary"},"content":{"rendered":"<p><strong>Policjanci z \u017carskiej komendy prowadz\u0105 poszukiwania 16-latki z \u017bar, kt\u00f3ra w dniu 20 maja 2019 r. wysz\u0142a z domu udaj\u0105c si\u0119 do szko\u0142y, do kt\u00f3rej nie dotar\u0142a.\u00a0 Do chwili obecnej nie nawi\u0105za\u0142a kontaktu z rodzin\u0105.\u00a0<\/strong><\/p>\n<p>W dniu 20 maja 2019 r. przed godzin\u0105 8.00 wysz\u0142a z domu 16-letnia<strong> JOANNA KOWALCZUK mieszkanka \u017bar. <\/strong>Dziewczyna mia\u0142a uda\u0107 si\u0119 do szko\u0142y jednak tam nie dotar\u0142a. Od tego czasu\u00a0 brak jest kontaktu z zaginion\u0105 i nie jest znane miejsce\u00a0 jej pobytu. Dziewczyna\u00a0\u00a0 ma ok. 190 cm wzrostu, \u015bredni\u0105 budow\u0119 cia\u0142a, w\u0142osy d\u0142ugie proste , koloru ciemny blond. Nosi okulary korekcyjne w bordowych oprawkach. Ubrana by\u0142a prawdopodobnie w niebieskie jeansowe spodnie, na nogawkach przyszyte koraliki, kurtk\u0119 jasnor\u00f3\u017cow\u0105 typu ,,bomberka&#8221;, buty sportowe ,,Nike&#8221; koloru niebieskiego. Mo\u017ce mie\u0107 ze sob\u0105 plecak koloru czerwonego marki ,,Nike&#8221; . Na r\u0119ce plecione bransoletki.<\/p>\n<p><strong>Je\u017celi kto\u015b widzia\u0142 zaginion\u0105 lub zna jej miejsce pobytu, proszony jest o kontakt z Komend\u0105 Powiatow\u0105 Policji w \u017barach\u00a0 na numer\u00a0 tel. : 068 476 33 11\u00a0 lub\u00a0 numer alarmowy\u00a0 112.<\/strong><\/p>\n<p>\u017ar\u00f3d\u0142o: KPP \u017bary<\/p>\n<p><strong>\u00a0<\/strong><\/p>\n","protected":false},"excerpt":{"rendered":"<p>Policjanci z \u017carskiej komendy prowadz\u0105 poszukiwania 16-latki z \u017bar, kt\u00f3ra w dniu 20 maja 2019 r. wysz\u0142a z domu udaj\u0105c si\u0119 do szko\u0142y, do kt\u00f3rej nie dotar\u0142a.\u00a0 Do chwili obecnej nie nawi\u0105za\u0142a kontaktu z rodzin\u0105.\u00a0 W dniu 20 maja 2019 r. przed godzin\u0105 8.00 wysz\u0142a z domu 16-letnia JOANNA KOWALCZUK mieszkanka \u017bar. Dziewczyna mia\u0142a uda\u0107 [&hellip;]<\/p>\n","protected":false},"author":2,"featured_media":13820,"comment_status":"closed","ping_status":"closed","sticky":false,"template":"","format":"standard","meta":{"_monsterinsights_skip_tracking":false,"_monsterinsights_sitenote_active":false,"_monsterinsights_sitenote_note":"","_monsterinsights_sitenote_category":0,"footnotes":""},"categories":[20,29,28,21],"tags":[],"class_list":["post-13819","post","type-post","status-publish","format-standard","has-post-thumbnail","hentry","category-informacje","category-kontakt-24","category-wiadomosci","category-wypadki-przypadki"],"_links":{"self":[{"href":"https:\/\/moja24.pl\/index.php\/wp-json\/wp\/v2\/posts\/13819","targetHints":{"allow":["GET"]}}],"collection":[{"href":"https:\/\/moja24.pl\/index.php\/wp-json\/wp\/v2\/posts"}],"about":[{"href":"https:\/\/moja24.pl\/index.php\/wp-json\/wp\/v2\/types\/post"}],"author":[{"embeddable":true,"href":"https:\/\/moja24.pl\/index.php\/wp-json\/wp\/v2\/users\/2"}],"replies":[{"embeddable":true,"href":"https:\/\/moja24.pl\/index.php\/wp-json\/wp\/v2\/comments?post=13819"}],"version-history":[{"count":1,"href":"https:\/\/moja24.pl\/index.php\/wp-json\/wp\/v2\/posts\/13819\/revisions"}],"predecessor-version":[{"id":13821,"href":"https:\/\/moja24.pl\/index.php\/wp-json\/wp\/v2\/posts\/13819\/revisions\/13821"}],"wp:featuredmedia":[{"embeddable":true,"href":"https:\/\/moja24.pl\/index.php\/wp-json\/wp\/v2\/media\/13820"}],"wp:attachment":[{"href":"https:\/\/moja24.pl\/index.php\/wp-json\/wp\/v2\/media?parent=13819"}],"wp:term":[{"taxonomy":"category","embeddable":true,"href":"https:\/\/moja24.pl\/index.php\/wp-json\/wp\/v2\/categories?post=13819"},{"taxonomy":"post_tag","embeddable":true,"href":"https:\/\/moja24.pl\/index.php\/wp-json\/wp\/v2\/tags?post=13819"}],"curies":[{"name":"wp","href":"https:\/\/api.w.org\/{rel}","templated":true}]}}