{"id":13957,"date":"2019-05-30T13:30:02","date_gmt":"2019-05-30T11:30:02","guid":{"rendered":"http:\/\/moja24.pl\/?p=13957"},"modified":"2019-05-30T13:30:04","modified_gmt":"2019-05-30T11:30:04","slug":"gmina-przewoz-kradziez-torow-kolejowych","status":"publish","type":"post","link":"https:\/\/moja24.pl\/index.php\/2019\/05\/30\/gmina-przewoz-kradziez-torow-kolejowych\/","title":{"rendered":"Gmina Przew\u00f3z | Kradzie\u017c tor\u00f3w kolejowych"},"content":{"rendered":"\n<p><strong>Policjanci z Posterunku w Przewozie  schwytali na gor\u0105cym uczynku  trzech m\u0119\u017cczyzn , kt\u00f3rzy wsp\u00f3lnie dokonali kradzie\u017cy tor\u00f3w kolejowych w miejscowo\u015bci Sanice.<\/strong> <\/p>\n\n\n\n<p>Zatrzymani to mieszka\u0144cy  powiatu zgorzeleckiego  w wieku 25, 31 i 36  lat. Jeden ze sprawc\u00f3w posiada\u0142 przy sobie metamfetamin\u0119 . Najprawdopodobniej pod jej wp\u0142ywem m\u0119\u017cczyzna kierowa\u0142  samochodem . <br><br>Z\u0142odziejom grozi kara do 5 lat pozbawienia wolno\u015bci . <\/p>\n\n\n\n<p>MK<\/p>\n","protected":false},"excerpt":{"rendered":"<p>Policjanci z Posterunku w Przewozie schwytali na gor\u0105cym uczynku trzech m\u0119\u017cczyzn , kt\u00f3rzy wsp\u00f3lnie dokonali kradzie\u017cy tor\u00f3w kolejowych w miejscowo\u015bci Sanice. Zatrzymani to mieszka\u0144cy powiatu zgorzeleckiego w wieku 25, 31 i 36 lat. Jeden ze sprawc\u00f3w posiada\u0142 przy sobie metamfetamin\u0119 . Najprawdopodobniej pod jej wp\u0142ywem m\u0119\u017cczyzna kierowa\u0142 samochodem . Z\u0142odziejom grozi kara do 5 lat [&hellip;]<\/p>\n","protected":false},"author":2,"featured_media":10923,"comment_status":"closed","ping_status":"closed","sticky":false,"template":"","format":"standard","meta":{"_monsterinsights_skip_tracking":false,"_monsterinsights_sitenote_active":false,"_monsterinsights_sitenote_note":"","_monsterinsights_sitenote_category":0,"footnotes":""},"categories":[28,21],"tags":[327,189,1794,33,1795],"class_list":{"0":"post-13957","1":"post","2":"type-post","3":"status-publish","4":"format-standard","5":"has-post-thumbnail","6":"hentry","7":"category-wiadomosci","8":"category-wypadki-przypadki","9":"tag-gmina-przewoz","10":"tag-kradziez","12":"tag-policja-zary","13":"tag-sanice"},"_links":{"self":[{"href":"https:\/\/moja24.pl\/index.php\/wp-json\/wp\/v2\/posts\/13957","targetHints":{"allow":["GET"]}}],"collection":[{"href":"https:\/\/moja24.pl\/index.php\/wp-json\/wp\/v2\/posts"}],"about":[{"href":"https:\/\/moja24.pl\/index.php\/wp-json\/wp\/v2\/types\/post"}],"author":[{"embeddable":true,"href":"https:\/\/moja24.pl\/index.php\/wp-json\/wp\/v2\/users\/2"}],"replies":[{"embeddable":true,"href":"https:\/\/moja24.pl\/index.php\/wp-json\/wp\/v2\/comments?post=13957"}],"version-history":[{"count":2,"href":"https:\/\/moja24.pl\/index.php\/wp-json\/wp\/v2\/posts\/13957\/revisions"}],"predecessor-version":[{"id":13959,"href":"https:\/\/moja24.pl\/index.php\/wp-json\/wp\/v2\/posts\/13957\/revisions\/13959"}],"wp:featuredmedia":[{"embeddable":true,"href":"https:\/\/moja24.pl\/index.php\/wp-json\/wp\/v2\/media\/10923"}],"wp:attachment":[{"href":"https:\/\/moja24.pl\/index.php\/wp-json\/wp\/v2\/media?parent=13957"}],"wp:term":[{"taxonomy":"category","embeddable":true,"href":"https:\/\/moja24.pl\/index.php\/wp-json\/wp\/v2\/categories?post=13957"},{"taxonomy":"post_tag","embeddable":true,"href":"https:\/\/moja24.pl\/index.php\/wp-json\/wp\/v2\/tags?post=13957"}],"curies":[{"name":"wp","href":"https:\/\/api.w.org\/{rel}","templated":true}]}}