{"id":14332,"date":"2019-06-18T20:31:01","date_gmt":"2019-06-18T18:31:01","guid":{"rendered":"http:\/\/moja24.pl\/?p=14332"},"modified":"2019-06-18T20:35:50","modified_gmt":"2019-06-18T18:35:50","slug":"zaniedbany-i-przywiazany-do-drzewa-w-lesie-pies-bez-wody-i-jedzenia-zostal-uratowany-policjant-przygarnia-czworonoga","status":"publish","type":"post","link":"https:\/\/moja24.pl\/index.php\/2019\/06\/18\/zaniedbany-i-przywiazany-do-drzewa-w-lesie-pies-bez-wody-i-jedzenia-zostal-uratowany-policjant-przygarnia-czworonoga\/","title":{"rendered":"Zaniedbany i przywi\u0105zany do drzewa w lesie pies bez wody i jedzenia, zosta\u0142 uratowany. Policjant przygarnia czworonoga"},"content":{"rendered":"\n<h5 class=\"wp-block-heading\"><strong>\u017bary | Do dy\u017curnego policji w \u017barach wp\u0142yn\u0119\u0142o zg\u0142oszenie, \u017ce kto\u015b przywi\u0105za\u0142 do drzewa psa. Ta smutna z pocz\u0105tku interwencja mia\u0142a szcz\u0119\u015bliwe zako\u0144czenie. Pi\u0119kna i ufna suczka znalaz\u0142a nowy dom. \u201eMisi\u0119\u201d, bo takie imi\u0119 otrzyma\u0142a, przygarn\u0105\u0142 post. Damian Kopczy\u0144ski, kt\u00f3ry od razu polubi\u0142 si\u0119 z pi\u0119knym i m\u0105drym psiakiem.<\/strong><\/h5>\n\n\n\n<p>W poniedzia\u0142kowe popo\u0142udnie, 17 czerwca dy\u017curny \u017carskiej jednostki otrzyma\u0142 zg\u0142oszenie od jednego z mieszka\u0144c\u00f3w o porzuconym w lesie psie. We wskazane miejsce natychmiast udali si\u0119&nbsp;<strong>m\u0142. asp. Tomasz Fudali<\/strong>&nbsp;oraz&nbsp;<strong>post. Damian Kopczy\u0144ski<\/strong>&nbsp;\u2013 policjanci, kt\u00f3rzy tego dnia pe\u0142nili s\u0142u\u017cb\u0119 patrolow\u0105. Funkcjonariusze niedaleko od drogi w lesie, w rejonie miejscowo\u015bci Z\u0142otnik znale\u017ali przywi\u0105zanego do drzewa psa. Zwierz\u0119 by\u0142o wycie\u0144czone i zaniedbane. W pobli\u017cu nie by\u0142o miski z wod\u0105 ani \u017cadnego jedzenia. Teren wok\u00f3\u0142 drzewa by\u0142 mocno wydeptany, co \u015bwiadczy\u0142o o tym, \u017ce piesek tkwi\u0142 tam d\u0142u\u017cszy czas. Zwierz\u0119 by\u0142o ufne i spokojne, policjanci uwolnili je ze smyczy, dali mu wod\u0119 i jedzenie. Post. Damian Kopczy\u0144ski od razu polubi\u0142 si\u0119 z tym pi\u0119knym i m\u0105drym psiakiem. Damian zaoferowa\u0142 \u201eMisi\u201d &#8211; bo takie otrzyma\u0142a imi\u0119 &#8211; nowy dom. To pocz\u0105tek bezinteresownej przyja\u017ani i lepszego \u017cycia dla porzuconego psiaka.<\/p>\n\n\n\n<figure class=\"wp-block-image\"><img loading=\"lazy\" decoding=\"async\" width=\"731\" height=\"1024\" src=\"http:\/\/moja24.pl\/wp-content\/uploads\/2019\/06\/pies-przywi\u0105zany-do-drzewa-2-731x1024.jpg\" alt=\"\" class=\"wp-image-14334\" srcset=\"https:\/\/moja24.pl\/wp-content\/uploads\/2019\/06\/pies-przywi\u0105zany-do-drzewa-2-731x1024.jpg 731w, https:\/\/moja24.pl\/wp-content\/uploads\/2019\/06\/pies-przywi\u0105zany-do-drzewa-2-214x300.jpg 214w, https:\/\/moja24.pl\/wp-content\/uploads\/2019\/06\/pies-przywi\u0105zany-do-drzewa-2-768x1076.jpg 768w, https:\/\/moja24.pl\/wp-content\/uploads\/2019\/06\/pies-przywi\u0105zany-do-drzewa-2-696x975.jpg 696w, https:\/\/moja24.pl\/wp-content\/uploads\/2019\/06\/pies-przywi\u0105zany-do-drzewa-2-1068x1496.jpg 1068w, https:\/\/moja24.pl\/wp-content\/uploads\/2019\/06\/pies-przywi\u0105zany-do-drzewa-2-300x420.jpg 300w, https:\/\/moja24.pl\/wp-content\/uploads\/2019\/06\/pies-przywi\u0105zany-do-drzewa-2.jpg 1200w\" sizes=\"auto, (max-width: 731px) 100vw, 731px\" \/><\/figure>\n\n\n\n<p><strong>Policja prosi wszystkich \u015bwiadk\u00f3w, kt\u00f3rzy posiadaj\u0105 wiedz\u0119, kto m\u00f3g\u0142 porzuci\u0107 psa w lesie w rejonie miejscowo\u015bci Z\u0142otnik o kontakt z Komend\u0105 Powiatow\u0105 Policji w \u017barach pod numerem telefonu (68) 476 33 11.&nbsp;<\/strong>Za porzucenie psa wed\u0142ug Ustawy o ochronie zwierz\u0105t grozi kara grzywny, ograniczenia wolno\u015bci lub pozbawienia wolno\u015bci do lat 2.<\/p>\n\n\n\n<p>MK, \u017ar\u00f3d\u0142o KPP \u017bary<\/p>\n","protected":false},"excerpt":{"rendered":"<p>\u017bary | Do dy\u017curnego policji w \u017barach wp\u0142yn\u0119\u0142o zg\u0142oszenie, \u017ce kto\u015b przywi\u0105za\u0142 do drzewa psa. Ta smutna z pocz\u0105tku interwencja mia\u0142a szcz\u0119\u015bliwe zako\u0144czenie. Pi\u0119kna i ufna suczka znalaz\u0142a nowy dom. \u201eMisi\u0119\u201d, bo takie imi\u0119 otrzyma\u0142a, przygarn\u0105\u0142 post. Damian Kopczy\u0144ski, kt\u00f3ry od razu polubi\u0142 si\u0119 z pi\u0119knym i m\u0105drym psiakiem. W poniedzia\u0142kowe popo\u0142udnie, 17 czerwca dy\u017curny [&hellip;]<\/p>\n","protected":false},"author":2,"featured_media":14335,"comment_status":"closed","ping_status":"closed","sticky":false,"template":"","format":"standard","meta":{"_monsterinsights_skip_tracking":false,"_monsterinsights_sitenote_active":false,"_monsterinsights_sitenote_note":"","_monsterinsights_sitenote_category":0,"footnotes":""},"categories":[20,28,21],"tags":[1877,33,1876,66],"class_list":["post-14332","post","type-post","status-publish","format-standard","has-post-thumbnail","hentry","category-informacje","category-wiadomosci","category-wypadki-przypadki","tag-pies-przywiazany-do-drzewa","tag-policja-zary","tag-porzucony-pies","tag-zary"],"_links":{"self":[{"href":"https:\/\/moja24.pl\/index.php\/wp-json\/wp\/v2\/posts\/14332","targetHints":{"allow":["GET"]}}],"collection":[{"href":"https:\/\/moja24.pl\/index.php\/wp-json\/wp\/v2\/posts"}],"about":[{"href":"https:\/\/moja24.pl\/index.php\/wp-json\/wp\/v2\/types\/post"}],"author":[{"embeddable":true,"href":"https:\/\/moja24.pl\/index.php\/wp-json\/wp\/v2\/users\/2"}],"replies":[{"embeddable":true,"href":"https:\/\/moja24.pl\/index.php\/wp-json\/wp\/v2\/comments?post=14332"}],"version-history":[{"count":7,"href":"https:\/\/moja24.pl\/index.php\/wp-json\/wp\/v2\/posts\/14332\/revisions"}],"predecessor-version":[{"id":14341,"href":"https:\/\/moja24.pl\/index.php\/wp-json\/wp\/v2\/posts\/14332\/revisions\/14341"}],"wp:featuredmedia":[{"embeddable":true,"href":"https:\/\/moja24.pl\/index.php\/wp-json\/wp\/v2\/media\/14335"}],"wp:attachment":[{"href":"https:\/\/moja24.pl\/index.php\/wp-json\/wp\/v2\/media?parent=14332"}],"wp:term":[{"taxonomy":"category","embeddable":true,"href":"https:\/\/moja24.pl\/index.php\/wp-json\/wp\/v2\/categories?post=14332"},{"taxonomy":"post_tag","embeddable":true,"href":"https:\/\/moja24.pl\/index.php\/wp-json\/wp\/v2\/tags?post=14332"}],"curies":[{"name":"wp","href":"https:\/\/api.w.org\/{rel}","templated":true}]}}