{"id":14359,"date":"2019-06-26T11:17:29","date_gmt":"2019-06-26T09:17:29","guid":{"rendered":"http:\/\/moja24.pl\/?p=14359"},"modified":"2019-06-26T11:17:30","modified_gmt":"2019-06-26T09:17:30","slug":"smierc-motocyklisty-po-zderzeniu-czolowym-z-samochodem-osobowym","status":"publish","type":"post","link":"https:\/\/moja24.pl\/index.php\/2019\/06\/26\/smierc-motocyklisty-po-zderzeniu-czolowym-z-samochodem-osobowym\/","title":{"rendered":"\u015amier\u0107 motocyklisty po zderzeniu czo\u0142owym z samochodem osobowym"},"content":{"rendered":"\n<p><strong>Powiat \u017bary | Do tragicznego wypadku dosz\u0142o na drodze Jasie\u0144 &#8211; Tuplice , 21 czerwca<\/strong>  br.<\/p>\n\n\n\n<p>Z dotychczasowych ustale\u0144 prokuratury wynika, \u017ce tego dnia kierowca motocykla&nbsp; z nieustalonych przyczyn zjecha\u0142 na przeciwleg\u0142y pas ruchu i zderzy\u0142 si\u0119 czo\u0142owo z jad\u0105cym prawid\u0142owo samochodem osobowym marki Opel Vectra. W wyniku zderzenia 66-letni kieruj\u0105cy&nbsp; motocyklem poni\u00f3s\u0142 \u015bmier\u0107 na miejscu. Okoliczno\u015bci wypadku nadal bada prokuratura.<\/p>\n\n\n\n<p>MK<\/p>\n","protected":false},"excerpt":{"rendered":"<p>Powiat \u017bary | Do tragicznego wypadku dosz\u0142o na drodze Jasie\u0144 &#8211; Tuplice , 21 czerwca br. Z dotychczasowych ustale\u0144 prokuratury wynika, \u017ce tego dnia kierowca motocykla&nbsp; z nieustalonych przyczyn zjecha\u0142 na przeciwleg\u0142y pas ruchu i zderzy\u0142 si\u0119 czo\u0142owo z jad\u0105cym prawid\u0142owo samochodem osobowym marki Opel Vectra. W wyniku zderzenia 66-letni kieruj\u0105cy&nbsp; motocyklem poni\u00f3s\u0142 \u015bmier\u0107 na [&hellip;]<\/p>\n","protected":false},"author":2,"featured_media":5213,"comment_status":"closed","ping_status":"closed","sticky":false,"template":"","format":"standard","meta":{"_monsterinsights_skip_tracking":false,"_monsterinsights_sitenote_active":false,"_monsterinsights_sitenote_note":"","_monsterinsights_sitenote_category":0,"footnotes":""},"categories":[20,28,21],"tags":[33,125,1889],"class_list":["post-14359","post","type-post","status-publish","format-standard","has-post-thumbnail","hentry","category-informacje","category-wiadomosci","category-wypadki-przypadki","tag-policja-zary","tag-prokuratura-zary","tag-smiertelny-wypadek-motocyklisty"],"_links":{"self":[{"href":"https:\/\/moja24.pl\/index.php\/wp-json\/wp\/v2\/posts\/14359","targetHints":{"allow":["GET"]}}],"collection":[{"href":"https:\/\/moja24.pl\/index.php\/wp-json\/wp\/v2\/posts"}],"about":[{"href":"https:\/\/moja24.pl\/index.php\/wp-json\/wp\/v2\/types\/post"}],"author":[{"embeddable":true,"href":"https:\/\/moja24.pl\/index.php\/wp-json\/wp\/v2\/users\/2"}],"replies":[{"embeddable":true,"href":"https:\/\/moja24.pl\/index.php\/wp-json\/wp\/v2\/comments?post=14359"}],"version-history":[{"count":2,"href":"https:\/\/moja24.pl\/index.php\/wp-json\/wp\/v2\/posts\/14359\/revisions"}],"predecessor-version":[{"id":14363,"href":"https:\/\/moja24.pl\/index.php\/wp-json\/wp\/v2\/posts\/14359\/revisions\/14363"}],"wp:featuredmedia":[{"embeddable":true,"href":"https:\/\/moja24.pl\/index.php\/wp-json\/wp\/v2\/media\/5213"}],"wp:attachment":[{"href":"https:\/\/moja24.pl\/index.php\/wp-json\/wp\/v2\/media?parent=14359"}],"wp:term":[{"taxonomy":"category","embeddable":true,"href":"https:\/\/moja24.pl\/index.php\/wp-json\/wp\/v2\/categories?post=14359"},{"taxonomy":"post_tag","embeddable":true,"href":"https:\/\/moja24.pl\/index.php\/wp-json\/wp\/v2\/tags?post=14359"}],"curies":[{"name":"wp","href":"https:\/\/api.w.org\/{rel}","templated":true}]}}