{"id":14430,"date":"2019-07-08T21:18:30","date_gmt":"2019-07-08T19:18:30","guid":{"rendered":"http:\/\/moja24.pl\/?p=14430"},"modified":"2019-07-08T21:18:31","modified_gmt":"2019-07-08T19:18:31","slug":"polkolonie-pod-kontrola","status":"publish","type":"post","link":"https:\/\/moja24.pl\/index.php\/2019\/07\/08\/polkolonie-pod-kontrola\/","title":{"rendered":"P\u00f3\u0142kolonie pod kontrol\u0105"},"content":{"rendered":"\n<p><strong>Powiat \u017bary | Policjanci z \u017carskiej komendy wsp\u00f3lnie z przedstawicielami sanepidu, o\u015bwiaty oraz stra\u017cy po\u017carnej rozpocz\u0119li kontrole zorganizowanych form wypoczynku. Wsp\u00f3lne dzia\u0142ania potrwaj\u0105 do ko\u0144ca wakacji, a wszystko w trosce o bezpiecze\u0144stwo dzieci.<\/strong><\/p>\n\n\n\n<figure class=\"wp-block-image\"><img loading=\"lazy\" decoding=\"async\" width=\"1024\" height=\"576\" src=\"http:\/\/moja24.pl\/wp-content\/uploads\/2019\/07\/kontrole-p\u00f3\u0142kolonie-2-1024x576.jpg\" alt=\"\" class=\"wp-image-14431\" srcset=\"https:\/\/moja24.pl\/wp-content\/uploads\/2019\/07\/kontrole-p\u00f3\u0142kolonie-2-1024x576.jpg 1024w, https:\/\/moja24.pl\/wp-content\/uploads\/2019\/07\/kontrole-p\u00f3\u0142kolonie-2-300x169.jpg 300w, https:\/\/moja24.pl\/wp-content\/uploads\/2019\/07\/kontrole-p\u00f3\u0142kolonie-2-768x432.jpg 768w, https:\/\/moja24.pl\/wp-content\/uploads\/2019\/07\/kontrole-p\u00f3\u0142kolonie-2-696x392.jpg 696w, https:\/\/moja24.pl\/wp-content\/uploads\/2019\/07\/kontrole-p\u00f3\u0142kolonie-2-1068x601.jpg 1068w, https:\/\/moja24.pl\/wp-content\/uploads\/2019\/07\/kontrole-p\u00f3\u0142kolonie-2-747x420.jpg 747w, https:\/\/moja24.pl\/wp-content\/uploads\/2019\/07\/kontrole-p\u00f3\u0142kolonie-2.jpg 1200w\" sizes=\"auto, (max-width: 1024px) 100vw, 1024px\" \/><\/figure>\n\n\n\n<p>Funkcjonariusze wsp\u00f3lnie z przedstawicielami sanepidu, o\u015bwiaty oraz stra\u017cy po\u017carnej sprawdzaj\u0105, czy wypoczynek zosta\u0142 zorganizowany zgodnie z normami bezpiecze\u0144stwa oraz, czy spe\u0142nia wymogi organizacyjne pod wzgl\u0119dem merytorycznym i formalnym.<\/p>\n\n\n\n<figure class=\"wp-block-image\"><img loading=\"lazy\" decoding=\"async\" width=\"1024\" height=\"576\" src=\"http:\/\/moja24.pl\/wp-content\/uploads\/2019\/07\/kontrole-p\u00f3\u0142kolonie-1024x576.jpg\" alt=\"\" class=\"wp-image-14434\" srcset=\"https:\/\/moja24.pl\/wp-content\/uploads\/2019\/07\/kontrole-p\u00f3\u0142kolonie-1024x576.jpg 1024w, https:\/\/moja24.pl\/wp-content\/uploads\/2019\/07\/kontrole-p\u00f3\u0142kolonie-300x169.jpg 300w, https:\/\/moja24.pl\/wp-content\/uploads\/2019\/07\/kontrole-p\u00f3\u0142kolonie-768x432.jpg 768w, https:\/\/moja24.pl\/wp-content\/uploads\/2019\/07\/kontrole-p\u00f3\u0142kolonie-696x392.jpg 696w, https:\/\/moja24.pl\/wp-content\/uploads\/2019\/07\/kontrole-p\u00f3\u0142kolonie-1068x601.jpg 1068w, https:\/\/moja24.pl\/wp-content\/uploads\/2019\/07\/kontrole-p\u00f3\u0142kolonie-747x420.jpg 747w, https:\/\/moja24.pl\/wp-content\/uploads\/2019\/07\/kontrole-p\u00f3\u0142kolonie.jpg 1200w\" sizes=\"auto, (max-width: 1024px) 100vw, 1024px\" \/><\/figure>\n\n\n\n<p>W minionym tygodniu\u00a0<strong>m\u0142 .asp. Sylwia Tyburska<\/strong>\u00a0odwiedzi\u0142a wypoczynek zorganizowany przez Towarzystwo Przyjaci\u00f3\u0142 Dzieci w \u017barach oraz Klub Karate Kontra. W ramach og\u00f3lnopolskiej akcji informacyjno -edukacyjnej pn. \u201eKr\u0119ci mnie bezpiecze\u0144stwo nad wod\u0105\u201d oraz ,,Bezpieczne wakacje&#8221; rozmawia\u0142a z dzie\u0107mi na temat bezpiecznych zachowa\u0144 nad wod\u0105. W ramach akcji og\u0142oszony zosta\u0142 konkurs filmowy pn. ,,Filmowy przeWODNIK&#8221; promuj\u0105cy bezpieczne przebywanie w wodzie lub nad wod\u0105. Policjantka przybli\u017cy\u0142a zasady udzia\u0142u w konkursie oraz zach\u0119ca\u0142a do wzi\u0119cia w nim udzia\u0142u. Przypomina\u0142a r\u00f3wnie\u017c o zasadach korzystania z internetu oraz bezpiecznych zachowaniach na drodze. Porusza\u0142a tematy zwi\u0105zane z zagro\u017ceniami jakie nios\u0105  za sob\u0105 za\u017cywanie \u015brodk\u00f3w odurzaj\u0105cych i dopalaczy. Wszystkie dzieci otrzyma\u0142y materia\u0142y edukacyjne. Policjantka m\u00f3wi\u0142a r\u00f3wnie\u017c o przypadaj\u0105cej w tym roku 100. rocznicy powstania Policji Pa\u0144stwowej oraz rozda\u0142a przygotowane na t\u0105 okazj\u0119 specjalne plakietki.<\/p>\n\n\n\n<p>Kontrole  potrwaj\u0105 do 31 sierpnia 2019 r.<\/p>\n\n\n\n<p><em>MK, \u017ar\u00f3d\u0142o: kom. Aneta Berestecka KPP \u017bary<\/em><\/p>\n","protected":false},"excerpt":{"rendered":"<p>Powiat \u017bary | Policjanci z \u017carskiej komendy wsp\u00f3lnie z przedstawicielami sanepidu, o\u015bwiaty oraz stra\u017cy po\u017carnej rozpocz\u0119li kontrole zorganizowanych form wypoczynku. Wsp\u00f3lne dzia\u0142ania potrwaj\u0105 do ko\u0144ca wakacji, a wszystko w trosce o bezpiecze\u0144stwo dzieci. Funkcjonariusze wsp\u00f3lnie z przedstawicielami sanepidu, o\u015bwiaty oraz stra\u017cy po\u017carnej sprawdzaj\u0105, czy wypoczynek zosta\u0142 zorganizowany zgodnie z normami bezpiecze\u0144stwa oraz, czy spe\u0142nia wymogi [&hellip;]<\/p>\n","protected":false},"author":2,"featured_media":14433,"comment_status":"closed","ping_status":"closed","sticky":false,"template":"","format":"standard","meta":{"_monsterinsights_skip_tracking":false,"_monsterinsights_sitenote_active":false,"_monsterinsights_sitenote_note":"","_monsterinsights_sitenote_category":0,"footnotes":""},"categories":[22,20,28],"tags":[1910,1909,41,33],"class_list":["post-14430","post","type-post","status-publish","format-standard","has-post-thumbnail","hentry","category-edukacja","category-informacje","category-wiadomosci","tag-bezpieczne-wakacje","tag-kontrole-polkolonie","tag-policja-lubuska","tag-policja-zary"],"_links":{"self":[{"href":"https:\/\/moja24.pl\/index.php\/wp-json\/wp\/v2\/posts\/14430","targetHints":{"allow":["GET"]}}],"collection":[{"href":"https:\/\/moja24.pl\/index.php\/wp-json\/wp\/v2\/posts"}],"about":[{"href":"https:\/\/moja24.pl\/index.php\/wp-json\/wp\/v2\/types\/post"}],"author":[{"embeddable":true,"href":"https:\/\/moja24.pl\/index.php\/wp-json\/wp\/v2\/users\/2"}],"replies":[{"embeddable":true,"href":"https:\/\/moja24.pl\/index.php\/wp-json\/wp\/v2\/comments?post=14430"}],"version-history":[{"count":1,"href":"https:\/\/moja24.pl\/index.php\/wp-json\/wp\/v2\/posts\/14430\/revisions"}],"predecessor-version":[{"id":14435,"href":"https:\/\/moja24.pl\/index.php\/wp-json\/wp\/v2\/posts\/14430\/revisions\/14435"}],"wp:featuredmedia":[{"embeddable":true,"href":"https:\/\/moja24.pl\/index.php\/wp-json\/wp\/v2\/media\/14433"}],"wp:attachment":[{"href":"https:\/\/moja24.pl\/index.php\/wp-json\/wp\/v2\/media?parent=14430"}],"wp:term":[{"taxonomy":"category","embeddable":true,"href":"https:\/\/moja24.pl\/index.php\/wp-json\/wp\/v2\/categories?post=14430"},{"taxonomy":"post_tag","embeddable":true,"href":"https:\/\/moja24.pl\/index.php\/wp-json\/wp\/v2\/tags?post=14430"}],"curies":[{"name":"wp","href":"https:\/\/api.w.org\/{rel}","templated":true}]}}