{"id":14450,"date":"2019-07-10T13:04:01","date_gmt":"2019-07-10T11:04:01","guid":{"rendered":"http:\/\/moja24.pl\/?p=14450"},"modified":"2019-07-10T13:04:03","modified_gmt":"2019-07-10T11:04:03","slug":"poszukiwani-listem-gonczym","status":"publish","type":"post","link":"https:\/\/moja24.pl\/index.php\/2019\/07\/10\/poszukiwani-listem-gonczym\/","title":{"rendered":"Poszukiwani listem go\u0144czym"},"content":{"rendered":"\n<p><strong>\u017bary |  Wydzia\u0142 Kryminalny Komendy Powiatowej Policji w \u017barach prowadzi poszukiwania na postawie list\u00f3w go\u0144czych wydanych przez S\u0105d Rejonowy w \u017barach za :<br><\/strong><br>Pawe\u0142em B\u0142aszk\u00f3w  synem Jana , urodzonym w  1988 r. , zameldowanym ostatnio w Lipinkach \u0141u\u017cyckich oraz<\/p>\n\n\n\n<p>Tomaszem Genteman , synem J\u00f3zefa  urodzonym w  1979 r. , zameldowanym ostatnio w \u017barach .<\/p>\n\n\n\n<p><br>Osoby posiadaj\u0105ce wiedz\u0119 na temat miejsca ukrywania si\u0119 poszukiwanych proszone s\u0105 o kontakt z Komend\u0105 Powiatow\u0105 Policji w \u017barach.<\/p>\n\n\n\n<p><em>MK, \u017ar\u00f3d\u0142o: rzecznik prasowy KPP w \u017barach kom. Aneta Berestecka<\/em><br><br><\/p>\n","protected":false},"excerpt":{"rendered":"<p>\u017bary | Wydzia\u0142 Kryminalny Komendy Powiatowej Policji w \u017barach prowadzi poszukiwania na postawie list\u00f3w go\u0144czych wydanych przez S\u0105d Rejonowy w \u017barach za :Pawe\u0142em B\u0142aszk\u00f3w synem Jana , urodzonym w 1988 r. , zameldowanym ostatnio w Lipinkach \u0141u\u017cyckich oraz Tomaszem Genteman , synem J\u00f3zefa urodzonym w 1979 r. , zameldowanym ostatnio w \u017barach . Osoby posiadaj\u0105ce [&hellip;]<\/p>\n","protected":false},"author":2,"featured_media":14455,"comment_status":"closed","ping_status":"closed","sticky":false,"template":"","format":"standard","meta":{"_monsterinsights_skip_tracking":false,"_monsterinsights_sitenote_active":false,"_monsterinsights_sitenote_note":"","_monsterinsights_sitenote_category":0,"footnotes":""},"categories":[29,21],"tags":[33,190,1063,66],"class_list":["post-14450","post","type-post","status-publish","format-standard","has-post-thumbnail","hentry","category-kontakt-24","category-wypadki-przypadki","tag-policja-zary","tag-poszukiwany-listem-gonczym","tag-sad-rejonowy-w-zarach","tag-zary"],"_links":{"self":[{"href":"https:\/\/moja24.pl\/index.php\/wp-json\/wp\/v2\/posts\/14450","targetHints":{"allow":["GET"]}}],"collection":[{"href":"https:\/\/moja24.pl\/index.php\/wp-json\/wp\/v2\/posts"}],"about":[{"href":"https:\/\/moja24.pl\/index.php\/wp-json\/wp\/v2\/types\/post"}],"author":[{"embeddable":true,"href":"https:\/\/moja24.pl\/index.php\/wp-json\/wp\/v2\/users\/2"}],"replies":[{"embeddable":true,"href":"https:\/\/moja24.pl\/index.php\/wp-json\/wp\/v2\/comments?post=14450"}],"version-history":[{"count":1,"href":"https:\/\/moja24.pl\/index.php\/wp-json\/wp\/v2\/posts\/14450\/revisions"}],"predecessor-version":[{"id":14451,"href":"https:\/\/moja24.pl\/index.php\/wp-json\/wp\/v2\/posts\/14450\/revisions\/14451"}],"wp:featuredmedia":[{"embeddable":true,"href":"https:\/\/moja24.pl\/index.php\/wp-json\/wp\/v2\/media\/14455"}],"wp:attachment":[{"href":"https:\/\/moja24.pl\/index.php\/wp-json\/wp\/v2\/media?parent=14450"}],"wp:term":[{"taxonomy":"category","embeddable":true,"href":"https:\/\/moja24.pl\/index.php\/wp-json\/wp\/v2\/categories?post=14450"},{"taxonomy":"post_tag","embeddable":true,"href":"https:\/\/moja24.pl\/index.php\/wp-json\/wp\/v2\/tags?post=14450"}],"curies":[{"name":"wp","href":"https:\/\/api.w.org\/{rel}","templated":true}]}}