{"id":14547,"date":"2019-08-07T21:14:11","date_gmt":"2019-08-07T19:14:11","guid":{"rendered":"http:\/\/moja24.pl\/?p=14547"},"modified":"2019-08-07T21:14:13","modified_gmt":"2019-08-07T19:14:13","slug":"policyjny-poscig-ulicami-zar","status":"publish","type":"post","link":"https:\/\/moja24.pl\/index.php\/2019\/08\/07\/policyjny-poscig-ulicami-zar\/","title":{"rendered":"Policyjny po\u015bcig ulicami \u017bar"},"content":{"rendered":"\n<p><strong>\u017bary | W niedzielne popo\u0142udnie 4 sierpnia, kierowca BMW nie zatrzyma\u0142 si\u0119 do kontroli drogowej na terenie \u017bar.<\/strong><\/p>\n\n\n\n<p>Zatrzymywany nie reagowa\u0142 na sygna\u0142y \u015bwietlne i d\u017awi\u0119kowe. Policjanci   rozpocz\u0119li po\u015bcig. Obawiaj\u0105c si\u0119 zatrzymania kierowca i pasa\u017cer BMW, porzucili samoch\u00f3d w rejonie kompleksu le\u015bnego i kontynuowali ucieczk\u0119, ale tym razem pieszo. Zamierzali w ten spos\u00f3b zgubi\u0107 funkcjonariuszy. Kierowca zosta\u0142 jednak schwytany, jest nim 29-letni m\u0119\u017cczyzna. W trakcie przeszukania porzuconego pojazdu znaleziono w nim niewielk\u0105 ilo\u015b\u0107 narkotyk\u00f3w oraz szlifierk\u0119, kt\u00f3ra pochodzi\u0142a z kradzie\u017cy.<\/p>\n\n\n\n<p>M\u0119\u017cczyzna us\u0142ysza\u0142 trzy zarzuty, pierwszy  to  zarzut niezatrzymania si\u0119 do kontroli drogowej, drugi to posiadanie narkotyk\u00f3w . Trzeci zarzut to  pomocnictwo przy zbyciu rzeczy pochodz\u0105cej z kradzie\u017cy, tzw. paserka. 29-latek by\u0142 ju\u017c karany w przesz\u0142o\u015bci za podobne przest\u0119pstwa wobec czego dla zabezpieczenia prawid\u0142owego toku post\u0119powania \u017carska prokuratura zastosowa\u0142a wobec niego doz\u00f3r policyjny. <\/p>\n\n\n\n<p>MK<\/p>\n","protected":false},"excerpt":{"rendered":"<p>\u017bary | W niedzielne popo\u0142udnie 4 sierpnia, kierowca BMW nie zatrzyma\u0142 si\u0119 do kontroli drogowej na terenie \u017bar. Zatrzymywany nie reagowa\u0142 na sygna\u0142y \u015bwietlne i d\u017awi\u0119kowe. Policjanci rozpocz\u0119li po\u015bcig. Obawiaj\u0105c si\u0119 zatrzymania kierowca i pasa\u017cer BMW, porzucili samoch\u00f3d w rejonie kompleksu le\u015bnego i kontynuowali ucieczk\u0119, ale tym razem pieszo. Zamierzali w ten spos\u00f3b zgubi\u0107 funkcjonariuszy. [&hellip;]<\/p>\n","protected":false},"author":2,"featured_media":6622,"comment_status":"closed","ping_status":"closed","sticky":false,"template":"","format":"standard","meta":{"_monsterinsights_skip_tracking":false,"_monsterinsights_sitenote_active":false,"_monsterinsights_sitenote_note":"","_monsterinsights_sitenote_category":0,"footnotes":""},"categories":[20,28,21],"tags":[74,33,1484,73,66],"class_list":["post-14547","post","type-post","status-publish","format-standard","has-post-thumbnail","hentry","category-informacje","category-wiadomosci","category-wypadki-przypadki","tag-informacje-zary","tag-policja-zary","tag-poscig-policyjny","tag-wiadomosci-zary","tag-zary"],"_links":{"self":[{"href":"https:\/\/moja24.pl\/index.php\/wp-json\/wp\/v2\/posts\/14547","targetHints":{"allow":["GET"]}}],"collection":[{"href":"https:\/\/moja24.pl\/index.php\/wp-json\/wp\/v2\/posts"}],"about":[{"href":"https:\/\/moja24.pl\/index.php\/wp-json\/wp\/v2\/types\/post"}],"author":[{"embeddable":true,"href":"https:\/\/moja24.pl\/index.php\/wp-json\/wp\/v2\/users\/2"}],"replies":[{"embeddable":true,"href":"https:\/\/moja24.pl\/index.php\/wp-json\/wp\/v2\/comments?post=14547"}],"version-history":[{"count":2,"href":"https:\/\/moja24.pl\/index.php\/wp-json\/wp\/v2\/posts\/14547\/revisions"}],"predecessor-version":[{"id":14549,"href":"https:\/\/moja24.pl\/index.php\/wp-json\/wp\/v2\/posts\/14547\/revisions\/14549"}],"wp:featuredmedia":[{"embeddable":true,"href":"https:\/\/moja24.pl\/index.php\/wp-json\/wp\/v2\/media\/6622"}],"wp:attachment":[{"href":"https:\/\/moja24.pl\/index.php\/wp-json\/wp\/v2\/media?parent=14547"}],"wp:term":[{"taxonomy":"category","embeddable":true,"href":"https:\/\/moja24.pl\/index.php\/wp-json\/wp\/v2\/categories?post=14547"},{"taxonomy":"post_tag","embeddable":true,"href":"https:\/\/moja24.pl\/index.php\/wp-json\/wp\/v2\/tags?post=14547"}],"curies":[{"name":"wp","href":"https:\/\/api.w.org\/{rel}","templated":true}]}}