{"id":14809,"date":"2019-08-29T16:28:02","date_gmt":"2019-08-29T14:28:02","guid":{"rendered":"http:\/\/moja24.pl\/?p=14809"},"modified":"2019-08-29T16:28:03","modified_gmt":"2019-08-29T14:28:03","slug":"bc-swiss-krono-podpisuje-umowe-ze-stelmetem-enea-bc-zielona-gora","status":"publish","type":"post","link":"https:\/\/moja24.pl\/index.php\/2019\/08\/29\/bc-swiss-krono-podpisuje-umowe-ze-stelmetem-enea-bc-zielona-gora\/","title":{"rendered":"BC Swiss Krono podpisuje umow\u0119  ze Stelmetem Enea BC Zielona G\u00f3ra"},"content":{"rendered":"\n<p><strong>\u017bary | W \u015brod\u0119 (28.08) w Zielonej G\u00f3rze w siedzibie firmy Abilet.pl, odby\u0142a si\u0119 konferencja prasowa z udzia\u0142em m.in. Janusza Jasi\u0144skiego, w\u0142a\u015bciciela klubu Stelmet Enea BC Zielona G\u00f3ra i Tomasza Ostrowskiego oraz  prezesa BC SWISS KRONO \u017bary.<\/strong><br><\/p>\n\n\n\n<p>Podczas konferencji og\u0142oszono, \u017ce oba kluby podpisa\u0142y umow\u0119 szkoleniow\u0105.<br>Umowa zak\u0142ada m.in., \u017ce wybrani zawodnicy, kt\u00f3rzy s\u0105 zg\u0142oszeni do rozgrywek Energa Basket Liga, b\u0119d\u0105 mogli r\u00f3wnie\u017c gra\u0107 w barwach BC SWISS KRONO, a najzdolniejsi zawodnicy \u017carskiego klubu, b\u0119d\u0105 mieli szans\u0119 gry w ekstraklasie.<br>Nazwiska koszykarzy, kt\u00f3rzy wzmocni\u0105 \u017carski zesp\u00f3\u0142, poznamy ju\u017c w sobot\u0119, podczas oficjalnej prezentacji dru\u017cyny BC SWISS KRONO przed \u017carskim Ratuszem. Prezentacj\u0119 zaplanowano na godz. 18.00.<br>To tylko jeden z punkt\u00f3w podpisanej umowy. Na konferencji m\u00f3wiono o szerszej wsp\u00f3\u0142pracy \u2013 m.in. o promocji koszyk\u00f3wki w naszym regionie, wymianie my\u015bli szkoleniowej, wsp\u00f3lnych eventach. W \u015brod\u0119 og\u0142oszono r\u00f3wnie\u017c, \u017ce podpisano now\u0105 umow\u0119 partnersk\u0105 pomi\u0119dzy Stelmetem<br>Enea BC Zielona G\u00f3ra a firm\u0105 SWISS KRONO.<\/p>\n\n\n\n<p><br>Stelmet Enea BC Zielona G\u00f3ra to czterokrotny zdobywca tytu\u0142u mistrza Polski (2013, 2015, 2016 i 2017), dwukrotny triumfator Pucharu Polski (2015 i 2017) i zwyci\u0119zca Superpucharu Polski (2015). Dwukrotny uczestnik rozgrywek Euroligi (2014 i 2016) i \u0107wier\u0107finalista Eurocupu (2016). Od<br>sezonu 2018\/2019 dru\u017cyna wyst\u0119puje w mocnej lidze VTB.<\/p>\n\n\n\n<p>\u017ar\u00f3d\u0142o:  Marcin Ruszkiewicz, rzecznik prasowy BC SWISS KRONO \u017bARY<\/p>\n","protected":false},"excerpt":{"rendered":"<p>\u017bary | W \u015brod\u0119 (28.08) w Zielonej G\u00f3rze w siedzibie firmy Abilet.pl, odby\u0142a si\u0119 konferencja prasowa z udzia\u0142em m.in. Janusza Jasi\u0144skiego, w\u0142a\u015bciciela klubu Stelmet Enea BC Zielona G\u00f3ra i Tomasza Ostrowskiego oraz prezesa BC SWISS KRONO \u017bary. Podczas konferencji og\u0142oszono, \u017ce oba kluby podpisa\u0142y umow\u0119 szkoleniow\u0105.Umowa zak\u0142ada m.in., \u017ce wybrani zawodnicy, kt\u00f3rzy s\u0105 zg\u0142oszeni do [&hellip;]<\/p>\n","protected":false},"author":2,"featured_media":14812,"comment_status":"closed","ping_status":"closed","sticky":false,"template":"","format":"standard","meta":{"_monsterinsights_skip_tracking":false,"_monsterinsights_sitenote_active":false,"_monsterinsights_sitenote_note":"","_monsterinsights_sitenote_category":0,"footnotes":""},"categories":[20,23,28],"tags":[1912,339,135,73],"class_list":["post-14809","post","type-post","status-publish","format-standard","has-post-thumbnail","hentry","category-informacje","category-sport","category-wiadomosci","tag-bc-swiss-krono","tag-koszykowka-zary","tag-sport-zary","tag-wiadomosci-zary"],"_links":{"self":[{"href":"https:\/\/moja24.pl\/index.php\/wp-json\/wp\/v2\/posts\/14809","targetHints":{"allow":["GET"]}}],"collection":[{"href":"https:\/\/moja24.pl\/index.php\/wp-json\/wp\/v2\/posts"}],"about":[{"href":"https:\/\/moja24.pl\/index.php\/wp-json\/wp\/v2\/types\/post"}],"author":[{"embeddable":true,"href":"https:\/\/moja24.pl\/index.php\/wp-json\/wp\/v2\/users\/2"}],"replies":[{"embeddable":true,"href":"https:\/\/moja24.pl\/index.php\/wp-json\/wp\/v2\/comments?post=14809"}],"version-history":[{"count":2,"href":"https:\/\/moja24.pl\/index.php\/wp-json\/wp\/v2\/posts\/14809\/revisions"}],"predecessor-version":[{"id":14811,"href":"https:\/\/moja24.pl\/index.php\/wp-json\/wp\/v2\/posts\/14809\/revisions\/14811"}],"wp:featuredmedia":[{"embeddable":true,"href":"https:\/\/moja24.pl\/index.php\/wp-json\/wp\/v2\/media\/14812"}],"wp:attachment":[{"href":"https:\/\/moja24.pl\/index.php\/wp-json\/wp\/v2\/media?parent=14809"}],"wp:term":[{"taxonomy":"category","embeddable":true,"href":"https:\/\/moja24.pl\/index.php\/wp-json\/wp\/v2\/categories?post=14809"},{"taxonomy":"post_tag","embeddable":true,"href":"https:\/\/moja24.pl\/index.php\/wp-json\/wp\/v2\/tags?post=14809"}],"curies":[{"name":"wp","href":"https:\/\/api.w.org\/{rel}","templated":true}]}}