{"id":1481,"date":"2017-02-25T20:22:40","date_gmt":"2017-02-25T19:22:40","guid":{"rendered":"http:\/\/moja24.pl\/?p=1481"},"modified":"2017-02-24T20:25:33","modified_gmt":"2017-02-24T19:25:33","slug":"mlodzi-zapasnicy-z-agrosu-na-macie","status":"publish","type":"post","link":"https:\/\/moja24.pl\/index.php\/2017\/02\/25\/mlodzi-zapasnicy-z-agrosu-na-macie\/","title":{"rendered":"M\u0142odzi zapa\u015bnicy z Agrosu na macie"},"content":{"rendered":"<p><span id=\"tekst\"><strong><img loading=\"lazy\" decoding=\"async\" class=\"alignleft size-medium wp-image-1484\" src=\"http:\/\/moja24.pl\/wp-content\/uploads\/2017\/02\/Agros-m\u0142odzi-2-300x168.jpg\" alt=\"\" width=\"300\" height=\"168\" srcset=\"https:\/\/moja24.pl\/wp-content\/uploads\/2017\/02\/Agros-m\u0142odzi-2-300x168.jpg 300w, https:\/\/moja24.pl\/wp-content\/uploads\/2017\/02\/Agros-m\u0142odzi-2-696x391.jpg 696w, https:\/\/moja24.pl\/wp-content\/uploads\/2017\/02\/Agros-m\u0142odzi-2.jpg 700w\" sizes=\"auto, (max-width: 300px) 100vw, 300px\" \/>\u017barski Agros zorganizowa\u0142 zawody dla najm\u0142odszych adept\u00f3w zapas\u00f3w.<\/strong><br \/>\n<\/span><\/p>\n<p>Czterdziestu m\u0142odych zawodnik\u00f3w, kt\u00f3rzy we wrze\u015bniu ubieg\u0142ego roku rozpocz\u0119li przygod\u0119 z zapasami, mog\u0142o wykaza\u0107 si\u0119 swoimi umiej\u0119tno\u015bciami na macie. Zaj\u0119cia popo\u0142udniowe z m\u0142odymi sportowcami w \u017carskich szko\u0142ach prowadz\u0105: Dominika Rozlerska w Zespole Szk\u00f3\u0142; Krzysztof Danielewski w SP 3, Dariusz Ko\u0142acz w SP 1 i SP 8; Robert Kaszubski w SP 2 oraz Bogdan K\u0119pi\u0144ski w SP 3.<\/p>\n<p>Impreza organizowana jest corocznie. Podobnie jak w roku ubieg\u0142ym, teraz wzi\u0119\u0142o w niej udzia\u0142 oko\u0142o 40 nowych zapa\u015bnik\u00f3w. To te\u017c pokazuje, jak\u0105 popularno\u015bci\u0105 cieszy si\u0119 ta dyscyplina sportu w \u017barach.<\/p>\n<p><img loading=\"lazy\" decoding=\"async\" class=\"alignleft size-medium wp-image-1485\" src=\"http:\/\/moja24.pl\/wp-content\/uploads\/2017\/02\/Agros-m\u0142odzi-3-300x168.jpg\" alt=\"\" width=\"300\" height=\"168\" srcset=\"https:\/\/moja24.pl\/wp-content\/uploads\/2017\/02\/Agros-m\u0142odzi-3-300x168.jpg 300w, https:\/\/moja24.pl\/wp-content\/uploads\/2017\/02\/Agros-m\u0142odzi-3-696x391.jpg 696w, https:\/\/moja24.pl\/wp-content\/uploads\/2017\/02\/Agros-m\u0142odzi-3.jpg 700w\" sizes=\"auto, (max-width: 300px) 100vw, 300px\" \/>Z\u0142oci medali\u015bci:<\/p>\n<p>KATARZYNA GARDO\u0143, ALICJA MICHALSKA, MARTYNA GABRYL, AURELIA BOGUSZEWSKA, KAROL SZKUDLAREK, KRYSTIAN J\u00d3\u0179K\u00d3W, WOJTEK KU\u0179MIAK, DAWID MARKULAK, ERWIN PAKIE\u0141A, NIKODEM STEFA\u0143SKI<\/p>\n<p>Srebrni medali\u015bci:<\/p>\n<p>OLIWIA \u0141AMASZ, DARIA WINECKA, LAURA SKRZYPIEC, NATALIA G\u0141OWACKA, SZYMON KMIOTEK, KACPER BARTNIK, WIKTOR TERPI\u0143SKI, PAWE\u0141 MOJSIEJ, JAKUB NAPIERAJ<\/p>\n<p>Br\u0105zowi medali\u015bci:<\/p>\n<p>ULIA JARCZEWSKA, EMILIA KOTWICKA, DARIA LEKCZY\u0143SKA, KORNELIA CZY\u017bY\u0143SKA, OLIWIA MARSZA\u0141EK, SANDRA NASTALSKA, EMILIA J\u00d3\u0179WIAK, ALEKSANDRA GARDO\u0143, TOMASZ MA\u015aLANKA, KRYSTIAN KULA, PATRYK BO\u017bEK, FILIP KLAMKA, WOJTEK ZALEWSKI, WIKTOR B\u0141ASZCZYK, WOJTEK KO\u0141ACZ, MICHA\u0141 SMOLI\u0143SKI, ERYK KOWALSKI, KRZYSZTOF SUKNAROWSKI, JAKUB BRAUN<\/p>\n<p>&nbsp;<\/p>\n","protected":false},"excerpt":{"rendered":"<p>\u017barski Agros zorganizowa\u0142 zawody dla najm\u0142odszych adept\u00f3w zapas\u00f3w. Czterdziestu m\u0142odych zawodnik\u00f3w, kt\u00f3rzy we wrze\u015bniu ubieg\u0142ego roku rozpocz\u0119li przygod\u0119 z zapasami, mog\u0142o wykaza\u0107 si\u0119 swoimi umiej\u0119tno\u015bciami na macie. Zaj\u0119cia popo\u0142udniowe z m\u0142odymi sportowcami w \u017carskich szko\u0142ach prowadz\u0105: Dominika Rozlerska w Zespole Szk\u00f3\u0142; Krzysztof Danielewski w SP 3, Dariusz Ko\u0142acz w SP 1 i SP 8; Robert [&hellip;]<\/p>\n","protected":false},"author":2,"featured_media":1483,"comment_status":"closed","ping_status":"closed","sticky":false,"template":"","format":"standard","meta":{"_monsterinsights_skip_tracking":false,"_monsterinsights_sitenote_active":false,"_monsterinsights_sitenote_note":"","_monsterinsights_sitenote_category":0,"footnotes":""},"categories":[23],"tags":[218,217,146,52,74,109,158,157,164,61,215,138,135,230,110,232,229,111,145,66],"class_list":["post-1481","post","type-post","status-publish","format-standard","has-post-thumbnail","hentry","category-sport","tag-gazeta-lokalna-zary","tag-gazeta-regionalna-zary","tag-informacje-powiat-zary","tag-informacje-zagan","tag-informacje-zary","tag-moja-gazeta","tag-moja24-pl","tag-portal-informacyjny-moja-gazeta","tag-portal-moja24-pl","tag-powiat-zary","tag-sport-powiat-zary","tag-sport-zagan","tag-sport-zary","tag-tygodnik-lokalny-moja-gazeta","tag-tygodnik-moja-gazeta","tag-tygodnik-regionalny-lubsko","tag-tygodnik-regionalny-moja-gazeta","tag-tygodnik-zary","tag-wiadomosci-powiat-zarski","tag-zary"],"_links":{"self":[{"href":"https:\/\/moja24.pl\/index.php\/wp-json\/wp\/v2\/posts\/1481","targetHints":{"allow":["GET"]}}],"collection":[{"href":"https:\/\/moja24.pl\/index.php\/wp-json\/wp\/v2\/posts"}],"about":[{"href":"https:\/\/moja24.pl\/index.php\/wp-json\/wp\/v2\/types\/post"}],"author":[{"embeddable":true,"href":"https:\/\/moja24.pl\/index.php\/wp-json\/wp\/v2\/users\/2"}],"replies":[{"embeddable":true,"href":"https:\/\/moja24.pl\/index.php\/wp-json\/wp\/v2\/comments?post=1481"}],"version-history":[{"count":2,"href":"https:\/\/moja24.pl\/index.php\/wp-json\/wp\/v2\/posts\/1481\/revisions"}],"predecessor-version":[{"id":1486,"href":"https:\/\/moja24.pl\/index.php\/wp-json\/wp\/v2\/posts\/1481\/revisions\/1486"}],"wp:featuredmedia":[{"embeddable":true,"href":"https:\/\/moja24.pl\/index.php\/wp-json\/wp\/v2\/media\/1483"}],"wp:attachment":[{"href":"https:\/\/moja24.pl\/index.php\/wp-json\/wp\/v2\/media?parent=1481"}],"wp:term":[{"taxonomy":"category","embeddable":true,"href":"https:\/\/moja24.pl\/index.php\/wp-json\/wp\/v2\/categories?post=1481"},{"taxonomy":"post_tag","embeddable":true,"href":"https:\/\/moja24.pl\/index.php\/wp-json\/wp\/v2\/tags?post=1481"}],"curies":[{"name":"wp","href":"https:\/\/api.w.org\/{rel}","templated":true}]}}