{"id":14832,"date":"2019-09-06T11:14:59","date_gmt":"2019-09-06T09:14:59","guid":{"rendered":"http:\/\/moja24.pl\/?p=14832"},"modified":"2019-09-06T11:15:01","modified_gmt":"2019-09-06T09:15:01","slug":"wiecej-wody-na-basenie","status":"publish","type":"post","link":"https:\/\/moja24.pl\/index.php\/2019\/09\/06\/wiecej-wody-na-basenie\/","title":{"rendered":"Wi\u0119cej wody na basenie"},"content":{"rendered":"\n<p><strong>\u017bARY | Kompleks rekreacyjny przy ulicy \u0179r\u00f3dlanej cieszy si\u0119 sporym powodzeniem. Im lepsza pogoda, tym wi\u0119kszym. System biletowy zanotowa\u0142 prawie 12,5 tysi\u0105ca wej\u015b\u0107 jednorazowych przez ca\u0142y lipiec. <\/strong><\/p>\n\n\n\n<p>Najwi\u0119cej 24 lipca &#8211; 1739. Najmniej z kolei 12 lipca &#8211; jedno wej\u015bcie. Og\u00f3lnie rzecz bior\u0105c, obiekt bywa oblegany t\u0142umnie, co jest dla niego dobr\u0105 rekomendacj\u0105. Mieszka\u0144cy \u017bar i okolic lubi\u0105 sp\u0119dza\u0107 tam czas. Opr\u00f3cz wodnych atrakcji jest tam r\u00f3wnie\u017c plac zabaw, wiata grillowa, boisko, bar. Mo\u017cna spokojnie sp\u0119dzi\u0107 ca\u0142y dzie\u0144. Czasem pojawiaj\u0105 si\u0119 g\u0142osy, \u017ce nie ma gdzie pop\u0142ywa\u0107. I to prawda, bo z za\u0142o\u017cenia nie jest to basen p\u0142ywacki, tylko rekreacyjny. Dla amator\u00f3w p\u0142ywania jest ca\u0142oroczny \u201eWodnik\u201d, kt\u00f3ry pod tym wzgl\u0119dem spe\u0142nia swoje zadanie. Niekt\u00f3rzy twierdz\u0105, \u017ce basen jest za ma\u0142y. Tak zosta\u0142 zaprojektowany i zbudowany. Swoj\u0105 drog\u0105 poprzedni, niby du\u017cy i g\u0142\u0119boki, w zasadzie wykorzystywany by\u0142 tylko w niewielkiej cz\u0119\u015bci. Powy\u017cej 1,5 metra g\u0142\u0119boko\u015bci tafla wody raczej \u015bwieci\u0142a pustkami w por\u00f3wnaniu z p\u0142ytsz\u0105 cz\u0119\u015bci\u0105.  <\/p>\n\n\n\n<p>Pojawi\u0142 si\u0119 jednak pomys\u0142, aby przy \u0179r\u00f3dlanej co\u015b w tej kwestii jeszcze zrobi\u0107. &#8211; W przysz\u0142ym roku chcemy przygotowa\u0107 si\u0119, je\u015bli chodzi o sprawy koncepcyjne i projektowe, do powi\u0119kszenia basenu o dodatkow\u0105 nieck\u0119 &#8211; m\u00f3wi burmistrz \u017bar Danuta Madej. &#8211; Z tym, \u017ce je\u015bli oka\u017ce si\u0119, \u017ce b\u0119dzie to zbyt du\u017co kosztowa\u0107, \u017ce zbyt kosztowna b\u0119dzie rozbudowa obecnej oczyszczalni, to na razie si\u0119 wstrzymamy. Ale przyjrze\u0107 si\u0119 tematowi bli\u017cej, na pewno nie zaszkodzi. Trudno te\u017c m\u00f3wi\u0107 o kosztach, je\u015bli nie sprawdzi si\u0119 tego dok\u0142adnie. &#8211; Zabezpieczymy jakie\u015b \u015brodki w przysz\u0142orocznym bud\u017cecie na opracowanie koncepcji, aby na ten temat wypowiedzieli si\u0119 fachowcy &#8211; m\u00f3wi Danuta Madej. Wszystkie instalacje obecnie pracuj\u0105ce na \u0179r\u00f3dlanej zosta\u0142y zaprojektowane pod konkretn\u0105 powierzchni\u0119 basenu. Projektanci musz\u0105 si\u0119 wypowiedzie\u0107, w jakim zakresie trzeba by je zmodernizowa\u0107, aby je dostosowa\u0107 do obs\u0142u\u017cenia dodatkowej niecki basenu, a przede wszystkim, czy to w og\u00f3le jest mo\u017cliwe. Z pewno\u015bci\u0105 mo\u017cna wybudowa\u0107 wszystko, je\u015bli nie patrzy si\u0119 na koszty. Bud\u017cet miasta me jednak swoje ograniczenia, a mieszka\u0144cy &#8211; mo\u017cnaby rzec &#8211; nieograniczone potrzeby .<\/p>\n\n\n\n<p> Zdania, jak to zazwyczaj bywa, s\u0105 podzielone. &#8211; Niekt\u00f3rzy mieszka\u0144cy m\u00f3wi\u0105, \u017ce dodatkowa niecka nie jest im potrzebna, bo nie przychodz\u0105 tam, \u017ceby siedzie\u0107 ca\u0142y dzie\u0144 w wodzie, a nawet nie maj\u0105 zamiaru w og\u00f3le p\u0142ywa\u0107 &#8211; m\u00f3wi burmistrz. &#8211; Inni jednak chcieliby mie\u0107 miejsce do p\u0142ywania. Trzeba te\u017c pami\u0119ta\u0107, \u017ce sam teren jest ograniczony. Dodatkowa niecka, a mo\u017ce i nawet dodatkowa oczyszczalnia, zabior\u0105 cz\u0119\u015b\u0107 trawnika, na kt\u00f3rym obecnie mo\u017cna si\u0119 roz\u0142o\u017cy\u0107 z kocem lub le\u017cakiem. Co\u015b kosztem czego\u015b. Wiele inwestycji w mie\u015bcie wykonywanych jest przy udziale pozyskanych \u015brodk\u00f3w zewn\u0119trznych. Jednak tematyka tych program\u00f3w, z kt\u00f3rych mo\u017cna \u015brodki pozyskiwa\u0107, jest \u015bci\u015ble okre\u015blona. Pieni\u0119dzy przeznaczonych na drogi nie mo\u017cna wyda\u0107 na rozbudow\u0119 basenu, a jak zapewnia burmistrz, w poprzedniej kadencji nie by\u0142o nawet gdzie stara\u0107 si\u0119 o dofinansowanie do basenowej inwestycji. Niezale\u017cnie od tego, czy nowa niecka w ko\u0144cu si\u0119 kiedy\u015b pojawi, czy nie, warto pami\u0119ta\u0107, \u017ce \u017carski kompleks rekreacyjny ma bardzo dobr\u0105 lokalizacj\u0119, w bezpo\u015brednim s\u0105siedztwie Zielonego Lasu. I co te\u017c istotne &#8211; za wej\u015bci\u00f3wki na podobne obiekty w innych miastach trzeba czasem p\u0142aci\u0107 o wiele wi\u0119cej. <\/p>\n\n\n\n<p>Andrzej Buczy\u0144ski <\/p>\n","protected":false},"excerpt":{"rendered":"<p>\u017bARY | Kompleks rekreacyjny przy ulicy \u0179r\u00f3dlanej cieszy si\u0119 sporym powodzeniem. Im lepsza pogoda, tym wi\u0119kszym. System biletowy zanotowa\u0142 prawie 12,5 tysi\u0105ca wej\u015b\u0107 jednorazowych przez ca\u0142y lipiec. Najwi\u0119cej 24 lipca &#8211; 1739. Najmniej z kolei 12 lipca &#8211; jedno wej\u015bcie. Og\u00f3lnie rzecz bior\u0105c, obiekt bywa oblegany t\u0142umnie, co jest dla niego dobr\u0105 rekomendacj\u0105. Mieszka\u0144cy \u017bar [&hellip;]<\/p>\n","protected":false},"author":2,"featured_media":6242,"comment_status":"closed","ping_status":"closed","sticky":false,"template":"","format":"standard","meta":{"_monsterinsights_skip_tracking":false,"_monsterinsights_sitenote_active":false,"_monsterinsights_sitenote_note":"","_monsterinsights_sitenote_category":0,"footnotes":""},"categories":[20,28],"tags":[590,109,2005,452],"class_list":["post-14832","post","type-post","status-publish","format-standard","has-post-thumbnail","hentry","category-informacje","category-wiadomosci","tag-basen-zary","tag-moja-gazeta","tag-mosriw-zary","tag-widaomosco-powiat-zary"],"_links":{"self":[{"href":"https:\/\/moja24.pl\/index.php\/wp-json\/wp\/v2\/posts\/14832","targetHints":{"allow":["GET"]}}],"collection":[{"href":"https:\/\/moja24.pl\/index.php\/wp-json\/wp\/v2\/posts"}],"about":[{"href":"https:\/\/moja24.pl\/index.php\/wp-json\/wp\/v2\/types\/post"}],"author":[{"embeddable":true,"href":"https:\/\/moja24.pl\/index.php\/wp-json\/wp\/v2\/users\/2"}],"replies":[{"embeddable":true,"href":"https:\/\/moja24.pl\/index.php\/wp-json\/wp\/v2\/comments?post=14832"}],"version-history":[{"count":1,"href":"https:\/\/moja24.pl\/index.php\/wp-json\/wp\/v2\/posts\/14832\/revisions"}],"predecessor-version":[{"id":14833,"href":"https:\/\/moja24.pl\/index.php\/wp-json\/wp\/v2\/posts\/14832\/revisions\/14833"}],"wp:featuredmedia":[{"embeddable":true,"href":"https:\/\/moja24.pl\/index.php\/wp-json\/wp\/v2\/media\/6242"}],"wp:attachment":[{"href":"https:\/\/moja24.pl\/index.php\/wp-json\/wp\/v2\/media?parent=14832"}],"wp:term":[{"taxonomy":"category","embeddable":true,"href":"https:\/\/moja24.pl\/index.php\/wp-json\/wp\/v2\/categories?post=14832"},{"taxonomy":"post_tag","embeddable":true,"href":"https:\/\/moja24.pl\/index.php\/wp-json\/wp\/v2\/tags?post=14832"}],"curies":[{"name":"wp","href":"https:\/\/api.w.org\/{rel}","templated":true}]}}