{"id":1489,"date":"2017-02-25T16:12:13","date_gmt":"2017-02-25T15:12:13","guid":{"rendered":"http:\/\/moja24.pl\/?p=1489"},"modified":"2017-02-24T20:17:39","modified_gmt":"2017-02-24T19:17:39","slug":"radni-lubska-przeciw-a-nawet-za","status":"publish","type":"post","link":"https:\/\/moja24.pl\/index.php\/2017\/02\/25\/radni-lubska-przeciw-a-nawet-za\/","title":{"rendered":"Radni Lubska przeciw a nawet za"},"content":{"rendered":"<figure id=\"attachment_1525\" aria-describedby=\"caption-attachment-1525\" style=\"width: 200px\" class=\"wp-caption alignleft\"><img loading=\"lazy\" decoding=\"async\" class=\"size-medium wp-image-1525\" src=\"http:\/\/moja24.pl\/wp-content\/uploads\/2017\/02\/WK-2015-04-29-454-200x300.jpg\" alt=\"\" width=\"200\" height=\"300\" srcset=\"https:\/\/moja24.pl\/wp-content\/uploads\/2017\/02\/WK-2015-04-29-454-200x300.jpg 200w, https:\/\/moja24.pl\/wp-content\/uploads\/2017\/02\/WK-2015-04-29-454-768x1152.jpg 768w, https:\/\/moja24.pl\/wp-content\/uploads\/2017\/02\/WK-2015-04-29-454-683x1024.jpg 683w, https:\/\/moja24.pl\/wp-content\/uploads\/2017\/02\/WK-2015-04-29-454-696x1044.jpg 696w, https:\/\/moja24.pl\/wp-content\/uploads\/2017\/02\/WK-2015-04-29-454-1068x1602.jpg 1068w, https:\/\/moja24.pl\/wp-content\/uploads\/2017\/02\/WK-2015-04-29-454-280x420.jpg 280w\" sizes=\"auto, (max-width: 200px) 100vw, 200px\" \/><figcaption id=\"caption-attachment-1525\" class=\"wp-caption-text\">Apanowicz Tomasz KW FORUM SAMORZ\u0104DOWE POW. \u017bARSKIEGO<\/figcaption><\/figure>\n<p><span id=\"tekst\"><strong>Na \u015brodowej sesji radni Lubska przyj\u0119li projekt uchwa\u0142y o w\u0142\u0105czeniu Publicznego Gimnazjum nr 1 do Szko\u0142y Podstawowej nr 2. Tydzie\u0144 temu nie by\u0142o to takie pewne.<\/strong><br \/>\n<\/span><\/p>\n<p>O tym projekcie dyskutowano tydzie\u0144 wcze\u015bniej na posiedzeniu komisji sta\u0142ych rady, w kt\u00f3rym wzi\u0119li udzia\u0142 r\u00f3wnie\u017c dyrektorzy szk\u00f3\u0142 oraz przedstawiciele zwi\u0105zk\u00f3w zawodowych. \u015arodowiska o\u015bwiatowe pozytywnie oceni\u0142y propozycj\u0119 rozwi\u0105za\u0144 przedstawionych przez burmistrza. W ten spos\u00f3b skutki reformy o\u015bwiaty b\u0119d\u0105 najmniej odczuwalne dla nauczycieli, a przede wszystkim dla dzieci. Z dniem 1 wrze\u015bnia wszyscy pracownicy gimnazjum stan\u0105 si\u0119 pracownikami szko\u0142y podstawowej. &#8211; Zabezpieczenie bazy lokalowej pozwoli na unikni\u0119cie pracy w szko\u0142ach na dwie zmiany, a tak\u017ce u\u0142atwi ewentualn\u0105 inwestycj\u0119 w Przedszkolu nr 3 &#8211; m\u00f3wi zast\u0119pca burmistrza Jerzy Wojnar.<\/p>\n<p><b>\u00a0Niejasna koncepcja<\/b><\/p>\n<p>Starosta Janusz Dudoj\u0107 mia\u0142 wizj\u0119 przej\u0119cia budynku gimnazjum i przy\u0142\u0105czenia do Zespo\u0142u Szk\u00f3\u0142 Technicznych, jednak w \u015blad za tym nie pad\u0142y konkretne propozycje. Lubsko mia\u0142oby si\u0119 pozby\u0107 budynku na rzecz rozwoju szkolnictwa zawodowego, ale pozostaliby uczniowie gimnazjum, kt\u00f3rzy musz\u0105 si\u0119 gdzie\u015b uczy\u0107. Mowa by\u0142a te\u017c o zamianie budynk\u00f3w, lecz w opinii burmistrza Lecha Jurkowskiego oddawanie obiektu w dobrym stanie technicznym na rzecz innego, w kt\u00f3ry trzeba by inwestowa\u0107, mija si\u0119 z celem. A przede wszystkim, gmina zajmuje si\u0119 szkolnictwem podstawowym oraz gimnazjalnym i o to musi dba\u0107 w pierwszej kolejno\u015bci.<\/p>\n<p>W rezultacie ca\u0142ego zamieszania radni tydzie\u0144 przed sesj\u0105 nie zaopiniowali pozytywnie projektu uchwa\u0142y.<\/p>\n<p><b>\u00a0Mo\u017cna ubolewa\u0107<\/b><\/p>\n<p>W trakcie sesji radny Tomasz Apanowicz w imieniu w\u0142asnym i cz\u0142onk\u00f3w klubu zadeklarowa\u0142 jednak poparcie dla uchwa\u0142y. Wyrazi\u0142 przy okazji ubolewanie, \u017ce mo\u017ce nie wszystko zosta\u0142o dok\u0142adnie przeanalizowane.<\/p>\n<p>&#8211; W sytuacji kiedy mamy niepowtarzaln\u0105 okazj\u0119, gdzie mamy jakby swojego starost\u0119, mo\u017cna by\u0142o w tym temacie przeprowadzi\u0107 wi\u0119cej analiz i wi\u0119cej propozycji wypracowa\u0107 &#8211; powiedzia\u0142 Apanowicz.<\/p>\n<p>W odpowiedzi Lech Jurkowski r\u00f3wnie\u017c wyrazi\u0142 ubolewanie, \u017ce radni zorganizowali w domu kultury spotkanie ze starost\u0105, na kt\u00f3re nie zaprosili burmistrza.<\/p>\n<p>&#8211; Poza tym, gdyby pad\u0142y jakie\u015b konkretne propozycje ze strony starostwa, mogliby\u015bmy si\u0119 nad nimi zastanawia\u0107 &#8211; m\u00f3wi burmistrz. &#8211; Je\u015bli b\u0119dziemy mie\u0107 mo\u017cliwo\u015bci, aby wspiera\u0107 rozw\u00f3j szkolnictwa zawodowego, to jestem jak najbardziej za, ale nie r\u00f3bmy tego kosztem tych najmniejszych dzieci &#8211; skwitowa\u0142.<\/p>\n<p>&#8211; Faktycznie nie by\u0142o konkret\u00f3w ze strony starosty, mieli\u015bmy kilka spotka\u0144 ze starost\u0105 i nie powiedzia\u0142 konkretnie co i jak &#8211; stwierdzi\u0142 radny Apanowicz. &#8211; Teraz praktycznie rozwi\u0105zanie jest tylko jedno, w\u0142a\u015bnie to, za kt\u00f3rym zag\u0142osujemy.<\/p>\n<p>Radni jednog\u0142o\u015bnie przyj\u0119li projekt uchwa\u0142y.<\/p>\n<p><strong>Andrzej Buczy\u0144ski<\/strong><\/p>\n","protected":false},"excerpt":{"rendered":"<p>Na \u015brodowej sesji radni Lubska przyj\u0119li projekt uchwa\u0142y o w\u0142\u0105czeniu Publicznego Gimnazjum nr 1 do Szko\u0142y Podstawowej nr 2. Tydzie\u0144 temu nie by\u0142o to takie pewne. O tym projekcie dyskutowano tydzie\u0144 wcze\u015bniej na posiedzeniu komisji sta\u0142ych rady, w kt\u00f3rym wzi\u0119li udzia\u0142 r\u00f3wnie\u017c dyrektorzy szk\u00f3\u0142 oraz przedstawiciele zwi\u0105zk\u00f3w zawodowych. \u015arodowiska o\u015bwiatowe pozytywnie oceni\u0142y propozycj\u0119 rozwi\u0105za\u0144 przedstawionych [&hellip;]<\/p>\n","protected":false},"author":2,"featured_media":1491,"comment_status":"closed","ping_status":"closed","sticky":false,"template":"","format":"standard","meta":{"_monsterinsights_skip_tracking":false,"_monsterinsights_sitenote_active":false,"_monsterinsights_sitenote_note":"","_monsterinsights_sitenote_category":0,"footnotes":""},"categories":[22,20],"tags":[59,239,218,217,65,53,146,74,60,58,61,238,233,230,232,229,111,145,73,66],"class_list":["post-1489","post","type-post","status-publish","format-standard","has-post-thumbnail","hentry","category-edukacja","category-informacje","tag-burmistrz-lubska","tag-edukacja-powiat-zary","tag-gazeta-lokalna-zary","tag-gazeta-regionalna-zary","tag-gmina-lubsko","tag-informacje-lubuskie","tag-informacje-powiat-zary","tag-informacje-zary","tag-lech-jurkowski","tag-lubsko","tag-powiat-zary","tag-tomasz-apanowicz","tag-tygodnik-lokalny-lubsko","tag-tygodnik-lokalny-moja-gazeta","tag-tygodnik-regionalny-lubsko","tag-tygodnik-regionalny-moja-gazeta","tag-tygodnik-zary","tag-wiadomosci-powiat-zarski","tag-wiadomosci-zary","tag-zary"],"_links":{"self":[{"href":"https:\/\/moja24.pl\/index.php\/wp-json\/wp\/v2\/posts\/1489","targetHints":{"allow":["GET"]}}],"collection":[{"href":"https:\/\/moja24.pl\/index.php\/wp-json\/wp\/v2\/posts"}],"about":[{"href":"https:\/\/moja24.pl\/index.php\/wp-json\/wp\/v2\/types\/post"}],"author":[{"embeddable":true,"href":"https:\/\/moja24.pl\/index.php\/wp-json\/wp\/v2\/users\/2"}],"replies":[{"embeddable":true,"href":"https:\/\/moja24.pl\/index.php\/wp-json\/wp\/v2\/comments?post=1489"}],"version-history":[{"count":2,"href":"https:\/\/moja24.pl\/index.php\/wp-json\/wp\/v2\/posts\/1489\/revisions"}],"predecessor-version":[{"id":1526,"href":"https:\/\/moja24.pl\/index.php\/wp-json\/wp\/v2\/posts\/1489\/revisions\/1526"}],"wp:featuredmedia":[{"embeddable":true,"href":"https:\/\/moja24.pl\/index.php\/wp-json\/wp\/v2\/media\/1491"}],"wp:attachment":[{"href":"https:\/\/moja24.pl\/index.php\/wp-json\/wp\/v2\/media?parent=1489"}],"wp:term":[{"taxonomy":"category","embeddable":true,"href":"https:\/\/moja24.pl\/index.php\/wp-json\/wp\/v2\/categories?post=1489"},{"taxonomy":"post_tag","embeddable":true,"href":"https:\/\/moja24.pl\/index.php\/wp-json\/wp\/v2\/tags?post=1489"}],"curies":[{"name":"wp","href":"https:\/\/api.w.org\/{rel}","templated":true}]}}